{"id":953,"date":"2024-03-14T15:43:05","date_gmt":"2024-03-14T15:43:05","guid":{"rendered":"https:\/\/lesoleil.bf\/?p=953"},"modified":"2024-03-14T15:51:19","modified_gmt":"2024-03-14T15:51:19","slug":"basga-a-sag-niniogo-le-bag-naaba-a-sacrifie-a-la-tradition","status":"publish","type":"post","link":"https:\/\/lesoleil.bf\/index.php\/2024\/03\/14\/basga-a-sag-niniogo-le-bag-naaba-a-sacrifie-a-la-tradition\/","title":{"rendered":"BASGA \u00e0 SAG NINIOGO:  Le BAG Naaba a sacrifi\u00e9 \u00e0 la tradition"},"content":{"rendered":"<div class=\"x11i5rnm xat24cr x1mh8g0r x1vvkbs xtlvy1s x126k92a\">\n<div dir=\"auto\" style=\"text-align: start;\">La f\u00eate traditionnelle du Bag Naaba de Sag-Niniogo ( commune de Pabre) a eu lieu ce samedi 9 mars 2024. A l&rsquo;occasion les d\u00e9l\u00e9gations se sont succ\u00e9d\u00e9es aupr\u00e8s de l&rsquo;autorit\u00e9 coutumi\u00e8res. Les fils et filles de la localit\u00e9 et des invit\u00e9s venues de divers horizons ont rehauss\u00e9 de leur pr\u00e9sence la c\u00e9r\u00e9monie traditionnelle annuelle.<\/div>\n<div dir=\"auto\" style=\"text-align: start;\">Et comme \u00e0 l&rsquo;accoutum\u00e9e, les alliances et parent\u00e9s \u00e0 Plaisenterie se sont \u00e9rig\u00e9es comme des ponts pour cimenter les liens sociaux forts qui unissent les convives autour du &lt;&lt;d\u00e9tenteur du pouvoir de la terre et de la pluie&gt;&gt;, le Bag Naaba. La d\u00e9l\u00e9gation des ressortissants du Saaka (quartier) de Bagbin \u00e0 Ouagadougou ne se sont pas fait conter l&rsquo;\u00e9v\u00e9nement. Elle a \u00e9t\u00e9 conduite par Michel KOUAME OU\u00c9DRAOGO qui avait autour de lui deux hommes et trois femmes. A d\u00e9faut des animaux et\/ou la bi\u00e8re de mil, comme il est courant de le voir, la structure des ressortissants \u00e0 Ouagadougou \u00e0 pr\u00e9f\u00e9r\u00e9 une somme d&rsquo;argent symbolique. Il \u00e9tait midi pass\u00e9 lorsque la d\u00e9l\u00e9gation arrivait sur les lieux. Le chef, le Bag Naaba \u00e9tait entour\u00e9 de quelques notables du village pour recevoir les salutations d&rsquo;usage. Les d\u00e9l\u00e9gations des quartiers et villages voisins tels que Togodr\u00e9, Souka,Ipala, Daguilma, Bendogo, Yamba, Kotintoor\u00e9, etc.) se sont succ\u00e9d\u00e9es tour \u00e0 tour devant l&rsquo;auguste Assembl\u00e9e du Samandin ( espace public qui sert \u00e0 juger et trancher les sujets du village).<\/div>\n<div dir=\"auto\" style=\"text-align: start;\">En rappel le Basga est une c\u00e9r\u00e9monie annuelle de remerciements aux anc\u00eatres pour les gr\u00e2ces re\u00e7ues au cours de l&rsquo;ann\u00e9e, de demande de protection pour une localit\u00e9 et aussi une occasion de rassemblement des fils et filles d&rsquo;un territoire donn\u00e9 autour des questions majeures d\u00e9termin\u00e9es de commun accord avec un Naaba. Cette ann\u00e9e le Bag Naaba a pr\u00e9sent\u00e9 ses offrandes aux manges des anc\u00eatres, place \u00e0 celle de l&rsquo;ann\u00e9e prochaine. Non sans le passage oblig\u00e9 du bilan des voeux exauc\u00e9s. Le Chef de Bagbin le fait avec ses ministres avant le Basga de l&rsquo;ann\u00e9e suivante.<\/div>\n<div dir=\"auto\" style=\"text-align: start;\">Une chose est certaine cette ann\u00e9e la tradition a \u00e9t\u00e9 respect\u00e9e !<\/div>\n<\/div>\n<div class=\"x11i5rnm xat24cr x1mh8g0r x1vvkbs xtlvy1s x126k92a\">\n<div dir=\"auto\" style=\"text-align: right;\"><em><strong>Roger Sawadogo et Fran\u00e7ois BOUGMA<\/strong><\/em><\/div>\n<div dir=\"auto\"><img loading=\"lazy\" decoding=\"async\" class=\"alignnone wp-image-954\" src=\"https:\/\/lesoleil.bf\/wp-content\/uploads\/2024\/03\/Parent1-300x135.jpg\" alt=\"\" width=\"482\" height=\"217\" srcset=\"https:\/\/lesoleil.bf\/wp-content\/uploads\/2024\/03\/Parent1-300x135.jpg 300w, https:\/\/lesoleil.bf\/wp-content\/uploads\/2024\/03\/Parent1.jpg 600w\" sizes=\"auto, (max-width: 482px) 100vw, 482px\" \/> <img loading=\"lazy\" decoding=\"async\" class=\"alignnone wp-image-955 \" src=\"https:\/\/lesoleil.bf\/wp-content\/uploads\/2024\/03\/BagNaaba1-e1710430907597-175x300.jpg\" alt=\"\" width=\"125\" height=\"214\" srcset=\"https:\/\/lesoleil.bf\/wp-content\/uploads\/2024\/03\/BagNaaba1-e1710430907597-175x300.jpg 175w, https:\/\/lesoleil.bf\/wp-content\/uploads\/2024\/03\/BagNaaba1-e1710430907597.jpg 462w\" sizes=\"auto, (max-width: 125px) 100vw, 125px\" \/><\/div>\n<\/div>\n","protected":false},"excerpt":{"rendered":"<p>La f\u00eate traditionnelle du Bag Naaba de Sag-Niniogo ( commune de Pabre) a eu lieu ce samedi 9 mars 2024. A l&rsquo;occasion les d\u00e9l\u00e9gations se sont succ\u00e9d\u00e9es aupr\u00e8s de l&rsquo;autorit\u00e9 coutumi\u00e8res. Les fils et filles de la localit\u00e9 et des invit\u00e9s venues de divers horizons ont rehauss\u00e9 de leur pr\u00e9sence la c\u00e9r\u00e9monie traditionnelle annuelle. Et [&hellip;]<\/p>\n","protected":false},"author":1,"featured_media":955,"comment_status":"open","ping_status":"open","sticky":false,"template":"","format":"standard","meta":{"site-sidebar-layout":"default","site-content-layout":"","ast-site-content-layout":"default","site-content-style":"default","site-sidebar-style":"default","ast-global-header-display":"","ast-banner-title-visibility":"","ast-main-header-display":"","ast-hfb-above-header-display":"","ast-hfb-below-header-display":"","ast-hfb-mobile-header-display":"","site-post-title":"","ast-breadcrumbs-content":"","ast-featured-img":"","footer-sml-layout":"","theme-transparent-header-meta":"default","adv-header-id-meta":"","stick-header-meta":"","header-above-stick-meta":"","header-main-stick-meta":"","header-below-stick-meta":"","astra-migrate-meta-layouts":"set","ast-page-background-enabled":"default","ast-page-background-meta":{"desktop":{"background-color":"var(--ast-global-color-4)","background-image":"","background-repeat":"repeat","background-position":"center center","background-size":"auto","background-attachment":"scroll","background-type":"","background-media":"","overlay-type":"","overlay-color":"","overlay-opacity":"","overlay-gradient":""},"tablet":{"background-color":"","background-image":"","background-repeat":"repeat","background-position":"center center","background-size":"auto","background-attachment":"scroll","background-type":"","background-media":"","overlay-type":"","overlay-color":"","overlay-opacity":"","overlay-gradient":""},"mobile":{"background-color":"","background-image":"","background-repeat":"repeat","background-position":"center center","background-size":"auto","background-attachment":"scroll","background-type":"","background-media":"","overlay-type":"","overlay-color":"","overlay-opacity":"","overlay-gradient":""}},"ast-content-background-meta":{"desktop":{"background-color":"var(--ast-global-color-5)","background-image":"","background-repeat":"repeat","background-position":"center center","background-size":"auto","background-attachment":"scroll","background-type":"","background-media":"","overlay-type":"","overlay-color":"","overlay-opacity":"","overlay-gradient":""},"tablet":{"background-color":"var(--ast-global-color-5)","background-image":"","background-repeat":"repeat","background-position":"center center","background-size":"auto","background-attachment":"scroll","background-type":"","background-media":"","overlay-type":"","overlay-color":"","overlay-opacity":"","overlay-gradient":""},"mobile":{"background-color":"var(--ast-global-color-5)","background-image":"","background-repeat":"repeat","background-position":"center center","background-size":"auto","background-attachment":"scroll","background-type":"","background-media":"","overlay-type":"","overlay-color":"","overlay-opacity":"","overlay-gradient":""}},"footnotes":""},"categories":[7,4],"tags":[],"class_list":["post-953","post","type-post","status-publish","format-standard","has-post-thumbnail","hentry","category-culture","category-societe"],"_links":{"self":[{"href":"https:\/\/lesoleil.bf\/index.php\/wp-json\/wp\/v2\/posts\/953","targetHints":{"allow":["GET"]}}],"collection":[{"href":"https:\/\/lesoleil.bf\/index.php\/wp-json\/wp\/v2\/posts"}],"about":[{"href":"https:\/\/lesoleil.bf\/index.php\/wp-json\/wp\/v2\/types\/post"}],"author":[{"embeddable":true,"href":"https:\/\/lesoleil.bf\/index.php\/wp-json\/wp\/v2\/users\/1"}],"replies":[{"embeddable":true,"href":"https:\/\/lesoleil.bf\/index.php\/wp-json\/wp\/v2\/comments?post=953"}],"version-history":[{"count":1,"href":"https:\/\/lesoleil.bf\/index.php\/wp-json\/wp\/v2\/posts\/953\/revisions"}],"predecessor-version":[{"id":956,"href":"https:\/\/lesoleil.bf\/index.php\/wp-json\/wp\/v2\/posts\/953\/revisions\/956"}],"wp:featuredmedia":[{"embeddable":true,"href":"https:\/\/lesoleil.bf\/index.php\/wp-json\/wp\/v2\/media\/955"}],"wp:attachment":[{"href":"https:\/\/lesoleil.bf\/index.php\/wp-json\/wp\/v2\/media?parent=953"}],"wp:term":[{"taxonomy":"category","embeddable":true,"href":"https:\/\/lesoleil.bf\/index.php\/wp-json\/wp\/v2\/categories?post=953"},{"taxonomy":"post_tag","embeddable":true,"href":"https:\/\/lesoleil.bf\/index.php\/wp-json\/wp\/v2\/tags?post=953"}],"curies":[{"name":"wp","href":"https:\/\/api.w.org\/{rel}","templated":true}]}}