{"id":947,"date":"2024-02-07T17:08:05","date_gmt":"2024-02-07T17:08:05","guid":{"rendered":"https:\/\/lesoleil.bf\/?p=947"},"modified":"2024-02-07T17:09:04","modified_gmt":"2024-02-07T17:09:04","slug":"audiences-nous-avons-les-deux-pieds-joints-pour-soutenir-la-transition-mamoudou-ouedraogo","status":"publish","type":"post","link":"https:\/\/lesoleil.bf\/index.php\/2024\/02\/07\/audiences-nous-avons-les-deux-pieds-joints-pour-soutenir-la-transition-mamoudou-ouedraogo\/","title":{"rendered":"Audiences : \u00abNous avons les deux pieds joints pour soutenir la transition\u00bb Mamoudou Ou\u00e9draogo"},"content":{"rendered":"<p>Le Mouvement pour le R\u00e9veil de l&rsquo;Afrique (MRA) a rendu une visite \u00e0 sa majest\u00e9 le Mogho Naaba Baongho.<br \/>\nUne visite au cours de laquelle il a b\u00e9n\u00e9fici\u00e9 des b\u00e9n\u00e9dictions et conseils de la part de sa Majest\u00e9 pour l&rsquo;atteinte de ses objectifs.<br \/>\nC&rsquo;\u00e9tait ce mardi 6 f\u00e9vrier 2024 \u00e0 Ouagadougou.<\/p>\n<p>Cr\u00e9e le 17 d\u00e9cembre 2023, le MRA est un mouvement dont les objectifs entre autres est de soutenir la transition dans sa lutte pour la reconqu\u00eate du territoire et la souverainet\u00e9 du Burkina Faso.<br \/>\nEt c&rsquo;est dans le cadre de ses activit\u00e9s que ses membres avec \u00e0 sa t\u00eate Mamoudou Ou\u00e9draogo comme pr\u00e9sident ont \u00e9t\u00e9 re\u00e7u en audience dans le palais de l&#8217;empereur des Moss\u00e9.<br \/>\n\u00c0 sa sortie d&rsquo;audience, le pr\u00e9sident a d\u00e9clin\u00e9 l&rsquo;objet de leur visite. \u00c0 l&rsquo;en croire, cette visite faisait partie des activit\u00e9s que le mouvement s&rsquo;\u00e9tait fix\u00e9 \u00e0 l&rsquo;issue de son lancement tenu en d\u00e9cembre pass\u00e9.<\/p>\n<p><img loading=\"lazy\" decoding=\"async\" class=\"alignnone size-medium wp-image-948\" src=\"https:\/\/lesoleil.bf\/wp-content\/uploads\/2024\/02\/Audience-2-300x225.jpeg\" alt=\"\" width=\"300\" height=\"225\" srcset=\"https:\/\/lesoleil.bf\/wp-content\/uploads\/2024\/02\/Audience-2-300x225.jpeg 300w, https:\/\/lesoleil.bf\/wp-content\/uploads\/2024\/02\/Audience-2-1024x767.jpeg 1024w, https:\/\/lesoleil.bf\/wp-content\/uploads\/2024\/02\/Audience-2-768x575.jpeg 768w, https:\/\/lesoleil.bf\/wp-content\/uploads\/2024\/02\/Audience-2.jpeg 1080w\" sizes=\"auto, (max-width: 300px) 100vw, 300px\" \/><\/p>\n<p>\u00ab Nous sommes l\u00e0 ce matin pour rendre visite \u00e0 sa majest\u00e9 et b\u00e9n\u00e9ficier de ses sages conseils et b\u00e9n\u00e9dictions. Depuis la cr\u00e9ation du mouvement, il a pris l&rsquo;engagement de tout c\u0153ur, dans la solidarit\u00e9 et dans l&rsquo;union de ses membres pour soutenir le pr\u00e9sident Ibrahim Traor\u00e9 et tout son gouvernement pour les efforts qu&rsquo;ils font sur le terrain et en dehors. Nous sommes \u00e0 deux pieds joints, corps et \u00e2me avec eux\u00bb, a poursuivit Mamoudou Ou\u00e9draogo.<\/p>\n<p>Le pr\u00e9sident salut le retrait des trois nations de la CEDEAO ( le Mali, le Niger et le Burkina Faso)<br \/>\net demande \u00e0 ces pays de toujours rester unis afin de pouvoir vaincre ce fl\u00e9au qu&rsquo;est le terrorisme.<br \/>\nPar ailleurs, il a lanc\u00e9 un appel \u00e0 tous les OSC qui partagent leur vision \u00e0 joindre leurs forces \u00e0 eux pour accompagner le Pr\u00e9sident Traor\u00e9 \u00bb, a t-il laiss\u00e9 entendre.<\/p>\n<p>Selon lui, au del\u00e0 des b\u00e9n\u00e9dictions, sa Majest\u00e9 leur a promulgu\u00e9e des conseils. \u00c0 savoir, le respect des a\u00een\u00e9s, la soumission aux autorit\u00e9s dans tous ses composants, de cultiver l&rsquo;amour, le pardon et la tol\u00e9rance, d&rsquo;\u00eatre solidaire les uns des autres et travailler pour l&rsquo;int\u00e9r\u00eat g\u00e9n\u00e9ral.<\/p>\n<p>Le Mouvement pour le Reveil de l&rsquo;Afrique au cours de la visite a apport\u00e9 un pr\u00e9sent \u00e0 sa Majest\u00e9.<br \/>\nIl compte poursuivre dans les prochains jours d&rsquo;autres actions en plus de ce qui a \u00e9t\u00e9 d\u00e9j\u00e0 fait, notamment la collecte de fonds pour l&rsquo;effort de paix dont le pr\u00e9sident \u00e0 fait appel et bien d&rsquo;autres.<\/p>\n<p>Fulbert ZEMBA www.lesoleil.bf<\/p>\n","protected":false},"excerpt":{"rendered":"<p>Le Mouvement pour le R\u00e9veil de l&rsquo;Afrique (MRA) a rendu une visite \u00e0 sa majest\u00e9 le Mogho Naaba Baongho. Une visite au cours de laquelle il a b\u00e9n\u00e9fici\u00e9 des b\u00e9n\u00e9dictions et conseils de la part de sa Majest\u00e9 pour l&rsquo;atteinte de ses objectifs. C&rsquo;\u00e9tait ce mardi 6 f\u00e9vrier 2024 \u00e0 Ouagadougou. Cr\u00e9e le 17 d\u00e9cembre [&hellip;]<\/p>\n","protected":false},"author":1,"featured_media":950,"comment_status":"open","ping_status":"open","sticky":false,"template":"","format":"standard","meta":{"site-sidebar-layout":"default","site-content-layout":"","ast-site-content-layout":"default","site-content-style":"default","site-sidebar-style":"default","ast-global-header-display":"","ast-banner-title-visibility":"","ast-main-header-display":"","ast-hfb-above-header-display":"","ast-hfb-below-header-display":"","ast-hfb-mobile-header-display":"","site-post-title":"","ast-breadcrumbs-content":"","ast-featured-img":"","footer-sml-layout":"","theme-transparent-header-meta":"default","adv-header-id-meta":"","stick-header-meta":"","header-above-stick-meta":"","header-main-stick-meta":"","header-below-stick-meta":"","astra-migrate-meta-layouts":"set","ast-page-background-enabled":"default","ast-page-background-meta":{"desktop":{"background-color":"var(--ast-global-color-4)","background-image":"","background-repeat":"repeat","background-position":"center center","background-size":"auto","background-attachment":"scroll","background-type":"","background-media":"","overlay-type":"","overlay-color":"","overlay-opacity":"","overlay-gradient":""},"tablet":{"background-color":"","background-image":"","background-repeat":"repeat","background-position":"center center","background-size":"auto","background-attachment":"scroll","background-type":"","background-media":"","overlay-type":"","overlay-color":"","overlay-opacity":"","overlay-gradient":""},"mobile":{"background-color":"","background-image":"","background-repeat":"repeat","background-position":"center center","background-size":"auto","background-attachment":"scroll","background-type":"","background-media":"","overlay-type":"","overlay-color":"","overlay-opacity":"","overlay-gradient":""}},"ast-content-background-meta":{"desktop":{"background-color":"var(--ast-global-color-5)","background-image":"","background-repeat":"repeat","background-position":"center center","background-size":"auto","background-attachment":"scroll","background-type":"","background-media":"","overlay-type":"","overlay-color":"","overlay-opacity":"","overlay-gradient":""},"tablet":{"background-color":"var(--ast-global-color-5)","background-image":"","background-repeat":"repeat","background-position":"center center","background-size":"auto","background-attachment":"scroll","background-type":"","background-media":"","overlay-type":"","overlay-color":"","overlay-opacity":"","overlay-gradient":""},"mobile":{"background-color":"var(--ast-global-color-5)","background-image":"","background-repeat":"repeat","background-position":"center center","background-size":"auto","background-attachment":"scroll","background-type":"","background-media":"","overlay-type":"","overlay-color":"","overlay-opacity":"","overlay-gradient":""}},"footnotes":""},"categories":[9],"tags":[],"class_list":["post-947","post","type-post","status-publish","format-standard","has-post-thumbnail","hentry","category-politique"],"_links":{"self":[{"href":"https:\/\/lesoleil.bf\/index.php\/wp-json\/wp\/v2\/posts\/947","targetHints":{"allow":["GET"]}}],"collection":[{"href":"https:\/\/lesoleil.bf\/index.php\/wp-json\/wp\/v2\/posts"}],"about":[{"href":"https:\/\/lesoleil.bf\/index.php\/wp-json\/wp\/v2\/types\/post"}],"author":[{"embeddable":true,"href":"https:\/\/lesoleil.bf\/index.php\/wp-json\/wp\/v2\/users\/1"}],"replies":[{"embeddable":true,"href":"https:\/\/lesoleil.bf\/index.php\/wp-json\/wp\/v2\/comments?post=947"}],"version-history":[{"count":1,"href":"https:\/\/lesoleil.bf\/index.php\/wp-json\/wp\/v2\/posts\/947\/revisions"}],"predecessor-version":[{"id":949,"href":"https:\/\/lesoleil.bf\/index.php\/wp-json\/wp\/v2\/posts\/947\/revisions\/949"}],"wp:featuredmedia":[{"embeddable":true,"href":"https:\/\/lesoleil.bf\/index.php\/wp-json\/wp\/v2\/media\/950"}],"wp:attachment":[{"href":"https:\/\/lesoleil.bf\/index.php\/wp-json\/wp\/v2\/media?parent=947"}],"wp:term":[{"taxonomy":"category","embeddable":true,"href":"https:\/\/lesoleil.bf\/index.php\/wp-json\/wp\/v2\/categories?post=947"},{"taxonomy":"post_tag","embeddable":true,"href":"https:\/\/lesoleil.bf\/index.php\/wp-json\/wp\/v2\/tags?post=947"}],"curies":[{"name":"wp","href":"https:\/\/api.w.org\/{rel}","templated":true}]}}