{"id":881,"date":"2023-09-08T08:06:23","date_gmt":"2023-09-08T08:06:23","guid":{"rendered":"https:\/\/lesoleil.bf\/?p=881"},"modified":"2023-09-08T08:10:47","modified_gmt":"2023-09-08T08:10:47","slug":"seminaire-sur-la-foi-chretienne","status":"publish","type":"post","link":"https:\/\/lesoleil.bf\/index.php\/2023\/09\/08\/seminaire-sur-la-foi-chretienne\/","title":{"rendered":"S\u00e9minaire sur la Foi chr\u00e9tienne"},"content":{"rendered":"\n<p><strong><em>\u00ab\u00a0Mettez l\u2019homme au c\u0153ur de votre business\u00a0\u00bb, P\u00e8re J\u00e9suite Fran\u00e7ois KABORE<\/em>.<\/strong><\/p>\n\n\n\n<p>Est-il possible de combiner vie chr\u00e9tienne et vie professionnelle sans perdre son \u00e2me, c\u2019est la question auquel se pose plusieurs entrepreneurs et hommes d\u2019affaires chr\u00e9tiens catholiques. Certains chr\u00e9tiens ont parfois le sentiment que le travail les \u00e9loigne de leurs convictions religieuses. Qu\u2019on soit dirigeant ou salari\u00e9 d\u2019une entreprise, il n\u2019est pas facile de vivre en&nbsp;Chr\u00e9tien dans le milieu professionnel ou dans les affaires. (Strat\u00e9gie, efficacit\u00e9,&nbsp;<\/p>\n\n\n\n<p>Conflits, corruption, jalousies, pression\u2026).<\/p>\n\n\n\n<p>&nbsp;Le s\u00e9minaire international sur \u00ab&nbsp;la foi chr\u00e9tienne dans le milieu professionnel et des affaires&nbsp;\u00bb qui s\u2019est tenu le dimanche 3 septembre 2023 au Centre Cardinal Paul s\u2019est consacr\u00e9 \u00e0 r\u00e9pondre \u00e0 ces pr\u00e9occupations avec des communicateurs aguerris. Ce s\u00e9minaire a en effet, a donn\u00e9 les outils n\u00e9cessaires aux participants et participantes pour t\u00e9moigner de votre Foi&nbsp;chr\u00e9tienne dans leurs milieux de vie respectifs.<\/p>\n\n\n\n<p>Le S\u00e9minaire riche en enseignements a&nbsp; \u00e9t\u00e9 anim\u00e9 par des sp\u00e9cialistes, des experts en Bibles et en \u00e9conomie \u00e0 savoir l&rsquo;Abb\u00e9 Jean Emmanuel KONVOLBO, Pr\u00eatre Dioc\u00e9sain, Expert en Bible, Ancien directeur du Centre&nbsp;Cardinal Paul Zoungrana. A ses c\u00f4t\u00e9s le P\u00e8re Fran\u00e7ois KABOR\u00c9, Pr\u00eatre j\u00e9suite, Directeur de Kosyam Jesuit university of sciences, Maitre de conf\u00e9rences agr\u00e9g\u00e9 de sciences \u00e9conomiques des universit\u00e9s et Dr D\u00e9nis OUEDRAOGO, Ancien ministre en charge de l&rsquo;agriculture, Maitre-assistant en sciences \u00e9conomiques de l&rsquo;Institut de d\u00e9veloppement rural (IDR) de l\u2019Universit\u00e9 Nazi Boni de Bobo-Dioulasso. Et enfin un la\u00efc en la personne de M. Alain KY, Fiscaliste- \u00c9conomiste, Berger Dioc\u00e9sain du renouveau charismatique \u00e0 Bobo- Dioulasso.&nbsp;<\/p>\n\n\n\n<p>Dans son mot introductif, le P\u00e8re Fran\u00e7ois KABOR\u00c9 a demand\u00e9 aux participants et participantes de se d\u00e9partir des faux pr\u00e9jug\u00e9s \u00e0 savoir que les affaires sont incompatibles avec la foi. Ces pr\u00e9jug\u00e9s sont du reste battus en br\u00e8che par l\u2019Eglise qui a elle-m\u00eame \u00e9dict\u00e9e la Doctrine sociale de l&rsquo;\u00c9glise (DSE). Our le P\u00e8re J\u00e9suite, il faut que les chr\u00e9tiens puisent leur engagement ferme dans la vie sociale en se basant sur la DSE. Cette doctrine d\u00e9signe les textes et la r\u00e9flexion produite par le magist\u00e8re catholique en vue d&rsquo;incarner l&rsquo;\u00c9vangile dans les r\u00e9alit\u00e9s politiques, \u00e9conomiques et sociales. Le but r\u00e9el de la DES \u00e9tant d&rsquo;aider les catholiques \u00e0 faire le lien entre la vie de foi et l&rsquo;engagement dans la vie sociale. L&rsquo;intervention de l&rsquo;\u00c9glise dans ces questions repose sur la conviction que l&rsquo;\u00c9vangile est indissociable d&rsquo;une recherche de justice, qui ne se joue pas seulement au niveau individuel mais aussi au niveau social. Et d\u2019\u00e9num\u00e9rer des valeurs de la DES que les chr\u00e9tiens doivent avoir pour bien prosp\u00e9rer en affaire. Il s\u2019agit de l\u2019amour du prochain et l\u2019amour de Dieu, la recherche de la v\u00e9rit\u00e9, la r\u00e9surrection, immortalit\u00e9 de l&rsquo;\u00e2me, paix entre les hommes. L\u2019int\u00e9grit\u00e9, de la comp\u00e9tence, le refus de la corruption, la manifestation de l\u2019amour du prochain \u00e0 travers la mise en place d\u2019un r\u00e9seautage\u2026Mais, \u00ab&nbsp;la puissance du r\u00e9seau se base sur l\u2019int\u00e9grit\u00e9 de chaque individu&nbsp;qui le compose \u00bb. &nbsp;Il faut rechercher les richesses mais <em>\u00ab&nbsp;mettre l\u2019homme au c\u0153ur de votre business&nbsp;\u00bb, <\/em>pr\u00e9cise <em>Pr KABORE<\/em>.<\/p>\n\n\n\n<p>Dans cet ordre d\u2019id\u00e9es, Abb\u00e9 Jean Emmanuel KONVOLBO d\u00e9clare que le chr\u00e9tien engag\u00e9 en affaires doit \u00eatre un homme d\u2019action. Il doit passer de la th\u00e9orie \u00e0 la pratique et s\u2019appliquer la m\u00e9thode du Voir-Juger et agir. A l\u2019instar de l\u2019invite de Paul Ricoeur, il doit passer de l\u2019\u00e9thique fondamentale \u00e0 l\u2019\u00e9thique appliqu\u00e9e. Le R\u00e9seau est source de richesses humaines, sociales. Cependant, il faut \u00eatre prudent pour ne pas s\u2019associer en affaire avec des catholiques peu recommandables. <em>\u00ab&nbsp;Sous pr\u00e9texte de notre foi, on baigne dans la m\u00e9diocrit\u00e9&nbsp;\u00bb<\/em>, averti-t-il.<\/p>\n\n\n\n<p>Dr Yves KINDA rejoint ses pr\u00e9d\u00e9cesseurs en appelant \u00e0 lire la DES et se baser sur les valeurs de l\u2019Economie de Fran\u00e7ois. <em>\u00ab&nbsp;La politique est le lieu par excellence de la charit\u00e9&nbsp;\u00bb<\/em>, affirme-t-il avec foi. Et de prendre des exemples sur sa vie professionnelle et sa volont\u00e9 affich\u00e9e de rendre service aux plus vuln\u00e9rables lors de son passage en politique. &nbsp;&nbsp;<\/p>\n\n\n\n<p>Mgr Gabriel SAYAOGO, Archev\u00eaque de Koupela, lui, a relev\u00e9 la n\u00e9cessit\u00e9 d\u2019aller vers une \u00e9conomie plus juste, plus humaine. <em>\u00ab&nbsp;Parfois nous gardons notre corbeille de pain bien remplie et nous ne partageons pas avec les autres&nbsp;\u00bb, <\/em>a-t-il soulign\u00e9.&nbsp;Telle la m\u00e8re du Christ qui s\u2019est fait petite pour mieux grandir, confions nos modestes vies \u00e0 Dieu, seul maitre de notre \u00e9l\u00e9vation, confie le pr\u00e9lat.<\/p>\n\n\n\n<p>Dr D\u00e9nis OUEDRAOGO, Ancien ministre de l\u2019Agriculture est formel, la gr\u00e2ce d\u2019\u00eatre \u00e9lev\u00e9e est l\u2019affaire de Dieu mais elle s\u2019appuie sur le chr\u00e9tien qui est lui-m\u00eame sel, lumi\u00e8re et levain dans sa propre soci\u00e9t\u00e9. Pour r\u00e9ussir, les valeurs humaines de travail, de ponctualit\u00e9, d\u2019int\u00e9grit\u00e9, de respect du bien public\u2026 doivent \u00eatre un pr\u00e9alable pour le chr\u00e9tien qui veut r\u00e9ussir.&nbsp;<\/p>\n\n\n\n<p>S\u2019appuyant sur les pouvoirs qui sont donn\u00e9s aux chr\u00e9tiens \u00e0 la faveur des sacrements et sur la lecture qui peut \u00eatre faite de la parabole des Talents, le Berger Alain KY du Renouveau Charismatique de Bobo-Dioulasso affirme que le chr\u00e9tien doit travailler \u00e0 \u00eatre le meilleur dans son domaine. <em>\u00ab&nbsp; La comp\u00e9tence que tu as si tu ne la d\u00e9veloppe pas, c\u2019est en ce moment m\u00eame que tu baignes dans le p\u00e9ch\u00e9\u00bb<\/em>, mart\u00e8le-t-il.<\/p>\n\n\n\n<p><strong>Quid de l\u2019EOF, <\/strong>\u00ab\u00a0The Economy of Francesco\u00a0\u00bb&nbsp;? C\u2019est un mouvement mondial de jeunes qui visent \u00e0 changer les mod\u00e8les \u00e9conomiques actuels, et \u00e0 construire un avenir plus inclusif et plus juste. L&rsquo;\u00e9v\u00e9nement avait \u00e9t\u00e9 initi\u00e9 par le Pape Fran\u00e7ois en 2019, lorsqu&rsquo;il a demand\u00e9 aux \u00e9conomistes et aux jeunes de donner vie \u00e0 l&rsquo;id\u00e9e d&rsquo;un type d&rsquo;\u00e9conomie diff\u00e9rent, plus attentif aux membres les plus faibles de la soci\u00e9t\u00e9, et qui ne soit pas exclusivement ax\u00e9 sur le gain de richesses mat\u00e9rielles.<\/p>\n\n\n\n<p>En rappel en 2019, le pape Fran\u00e7ois avait invit\u00e9 les jeunes \u00e9conomistes, entrepreneurs et \u00ab&nbsp;<em>change-makers<\/em>&nbsp;\u00bb du monde entier \u00e0 une rencontre \u00e0 Assise, du 19 au 21 novembre 2020. Il les invita \u00e0 l\u2019occasion \u00e0 s\u2019engager, dans l\u2019esprit de Saint Fran\u00e7ois, \u00e0 \u0153uvrer \u00e0 une \u00e9conomie juste, durable et inclusive ne laissant personne \u00e0 la tra\u00eene.&nbsp;Au total ce sont 2 000 jeunes du monde entier qui ont r\u00e9pondu \u00e0 l\u2019appel du Saint-P\u00e8re et ont particip\u00e9 \u00e0 Assise \u00e0 ce grand jamboree de l&rsquo;\u00c9conomie plus humain. \u00ab<em>Notre g\u00e9n\u00e9ration vous a l\u00e9gu\u00e9 de nombreuses richesses, mais nous n&rsquo;avons pas su pr\u00e9server la plan\u00e8te et nous ne pr\u00e9servons pas la paix<\/em>\u00bb, affirmait le Pape Fran\u00e7ois. Il relevait \u00e0 l\u2019occasion qu\u2019une nouvelle \u00e9conomie, inspir\u00e9e par Fran\u00e7ois d&rsquo;Assise, \u00ab<em>peut et doit \u00eatre aujourd&rsquo;hui une \u00e9conomie respectueuse de la terre et une \u00e9conomie de paix<\/em>\u00bb. Il s&rsquo;agit de transformer une \u00e9conomie qui tue (<em>cf. Exhortation apostolique Evangelii gaudium, 53<\/em>) en une \u00e9conomie de la vie, dans toutes ses dimensions.<\/p>\n\n\n\n<p><strong>Roger SAWADOGO www.lesoleil.bf<\/strong><\/p>\n","protected":false},"excerpt":{"rendered":"<p>\u00ab\u00a0Mettez l\u2019homme au c\u0153ur de votre business\u00a0\u00bb, P\u00e8re J\u00e9suite Fran\u00e7ois KABORE. Est-il possible de combiner vie chr\u00e9tienne et vie professionnelle sans perdre son \u00e2me, c\u2019est la question auquel se pose plusieurs entrepreneurs et hommes d\u2019affaires chr\u00e9tiens catholiques. Certains chr\u00e9tiens ont parfois le sentiment que le travail les \u00e9loigne de leurs convictions religieuses. Qu\u2019on soit dirigeant [&hellip;]<\/p>\n","protected":false},"author":1,"featured_media":882,"comment_status":"open","ping_status":"open","sticky":false,"template":"","format":"standard","meta":{"site-sidebar-layout":"default","site-content-layout":"","ast-site-content-layout":"","site-content-style":"default","site-sidebar-style":"default","ast-global-header-display":"","ast-banner-title-visibility":"","ast-main-header-display":"","ast-hfb-above-header-display":"","ast-hfb-below-header-display":"","ast-hfb-mobile-header-display":"","site-post-title":"","ast-breadcrumbs-content":"","ast-featured-img":"","footer-sml-layout":"","theme-transparent-header-meta":"","adv-header-id-meta":"","stick-header-meta":"","header-above-stick-meta":"","header-main-stick-meta":"","header-below-stick-meta":"","astra-migrate-meta-layouts":"default","ast-page-background-enabled":"default","ast-page-background-meta":{"desktop":{"background-color":"var(--ast-global-color-4)","background-image":"","background-repeat":"repeat","background-position":"center center","background-size":"auto","background-attachment":"scroll","background-type":"","background-media":"","overlay-type":"","overlay-color":"","overlay-opacity":"","overlay-gradient":""},"tablet":{"background-color":"","background-image":"","background-repeat":"repeat","background-position":"center center","background-size":"auto","background-attachment":"scroll","background-type":"","background-media":"","overlay-type":"","overlay-color":"","overlay-opacity":"","overlay-gradient":""},"mobile":{"background-color":"","background-image":"","background-repeat":"repeat","background-position":"center center","background-size":"auto","background-attachment":"scroll","background-type":"","background-media":"","overlay-type":"","overlay-color":"","overlay-opacity":"","overlay-gradient":""}},"ast-content-background-meta":{"desktop":{"background-color":"var(--ast-global-color-5)","background-image":"","background-repeat":"repeat","background-position":"center center","background-size":"auto","background-attachment":"scroll","background-type":"","background-media":"","overlay-type":"","overlay-color":"","overlay-opacity":"","overlay-gradient":""},"tablet":{"background-color":"var(--ast-global-color-5)","background-image":"","background-repeat":"repeat","background-position":"center center","background-size":"auto","background-attachment":"scroll","background-type":"","background-media":"","overlay-type":"","overlay-color":"","overlay-opacity":"","overlay-gradient":""},"mobile":{"background-color":"var(--ast-global-color-5)","background-image":"","background-repeat":"repeat","background-position":"center center","background-size":"auto","background-attachment":"scroll","background-type":"","background-media":"","overlay-type":"","overlay-color":"","overlay-opacity":"","overlay-gradient":""}},"footnotes":""},"categories":[9,4],"tags":[],"class_list":["post-881","post","type-post","status-publish","format-standard","has-post-thumbnail","hentry","category-politique","category-societe"],"_links":{"self":[{"href":"https:\/\/lesoleil.bf\/index.php\/wp-json\/wp\/v2\/posts\/881","targetHints":{"allow":["GET"]}}],"collection":[{"href":"https:\/\/lesoleil.bf\/index.php\/wp-json\/wp\/v2\/posts"}],"about":[{"href":"https:\/\/lesoleil.bf\/index.php\/wp-json\/wp\/v2\/types\/post"}],"author":[{"embeddable":true,"href":"https:\/\/lesoleil.bf\/index.php\/wp-json\/wp\/v2\/users\/1"}],"replies":[{"embeddable":true,"href":"https:\/\/lesoleil.bf\/index.php\/wp-json\/wp\/v2\/comments?post=881"}],"version-history":[{"count":2,"href":"https:\/\/lesoleil.bf\/index.php\/wp-json\/wp\/v2\/posts\/881\/revisions"}],"predecessor-version":[{"id":884,"href":"https:\/\/lesoleil.bf\/index.php\/wp-json\/wp\/v2\/posts\/881\/revisions\/884"}],"wp:featuredmedia":[{"embeddable":true,"href":"https:\/\/lesoleil.bf\/index.php\/wp-json\/wp\/v2\/media\/882"}],"wp:attachment":[{"href":"https:\/\/lesoleil.bf\/index.php\/wp-json\/wp\/v2\/media?parent=881"}],"wp:term":[{"taxonomy":"category","embeddable":true,"href":"https:\/\/lesoleil.bf\/index.php\/wp-json\/wp\/v2\/categories?post=881"},{"taxonomy":"post_tag","embeddable":true,"href":"https:\/\/lesoleil.bf\/index.php\/wp-json\/wp\/v2\/tags?post=881"}],"curies":[{"name":"wp","href":"https:\/\/api.w.org\/{rel}","templated":true}]}}