{"id":866,"date":"2023-07-08T20:39:49","date_gmt":"2023-07-08T20:39:49","guid":{"rendered":"https:\/\/lesoleil.bf\/?p=866"},"modified":"2023-07-08T20:44:08","modified_gmt":"2023-07-08T20:44:08","slug":"elections-au-burkina-2024mais-abdoulaye-soulama-in-dialogue-democratique-du-cgd","status":"publish","type":"post","link":"https:\/\/lesoleil.bf\/index.php\/2023\/07\/08\/elections-au-burkina-2024mais-abdoulaye-soulama-in-dialogue-democratique-du-cgd\/","title":{"rendered":"Elections au Burkina: \u00ab\u00a0\u20262024\u2026mais\u2026\u00a0\u00bb, Abdoulaye SOULAMA in Dialogue d\u00e9mocratique du CGD\u00a0"},"content":{"rendered":"\n<p>Le Centre pour la Gouvernance D\u00e9mocratique (CGD) a organis\u00e9 le 04 juillet 223 dans la salle de conf\u00e9rence du Centre Cardinal Paul ZOUNGRANA un dialogue d\u00e9mocratique sur la situation socio-politique et s\u00e9curitaire du Burkina Faso.<\/p>\n\n\n\n<p>Sur le magist\u00e8re de ces \u00e9changes, les juristes Pr Abdoulaye Soma, Dr Abdoul Karim Saidou, Dr Kassem Salam Sourwema et Dr Aboubacar Sango. &nbsp;<\/p>\n\n\n\n<p>D\u2019entr\u00e9e, le premier cit\u00e9, qui a relev\u00e9 qu\u2019il agit sous la coupe du scientifique (sp\u00e9cialiste en droit) et non pas celle du politique a situ\u00e9 le contexte de la survenue de l\u2019actuelle transition avec les coups d\u2019Etat du 30 septembre qui a port\u00e9 le capitaine Ibrahim Traor\u00e9, comme chef de l\u2019Etat \u00e0 34 ans. Ce dernier, chef d\u2019une unit\u00e9 d\u2019artillerie de l\u2019arm\u00e9e du Burkina Faso venait ainsi de renverser l\u2019ancien chef de l\u2019Etat, le lieutenant-colonel Paul-Henri Sandaogo Damiba, Traor\u00e9 a justifi\u00e9 sa prise de pouvoir en citant la d\u00e9t\u00e9rioration de la s\u00e9curit\u00e9 au Burkina Faso. Le Lieutenant-Colonel lui-m\u00eame avait conduit un putsch en janvier 2022 en le justifiant par la d\u00e9gradation du climat s\u00e9curitaire que le civil d\u00e9mocratiquement \u00e9lu, Roch Marc Christian KABORE n\u2019aurait pas su juguler. \u00ab&nbsp;Il y a peu de pays au monde qui peuvent se targuer d\u2019avoir eu trois transitions, surtout en si peu de temps&nbsp;\u00bb, lance le Professeur. Et de camper le cadre institutionnel de cette transition en citant la Charte de la Transition, le M\u00e9morandum d\u2019accord de la Communaut\u00e9 \u00e9conomique des Etats de l\u2019Afrique de l\u2019Ouest (CEDEAO)\u2026<\/p>\n\n\n\n<p>Pour ce juriste qui si\u00e8ge \u00e9galement \u00e0 l\u2019Assembl\u00e9e l\u00e9gislative de Transition (ALT), des partisans pr\u00f4nent la r\u00e9vision de la Constitution par r\u00e9f\u00e9rendum mais la question de l\u2019organisation des \u00e9lections ne doit pas \u00eatre index\u00e9e \u00e0 la s\u00e9curit\u00e9 nationale.&nbsp;\u00ab&nbsp;Une Transition est par nature transitoire, passag\u00e8re&nbsp;\u00bb, d\u00e9finit-il. Avant de pr\u00e9ciser, une Transition est par essence, \u00ab&nbsp;apolitique et apartisane (non partisane)&nbsp;\u00bb.<\/p>\n\n\n\n<p>Selon l\u2019article 1<sup>er<\/sup> du Chapitre 2 de la Transition, la s\u00e9curit\u00e9 nationale, les r\u00e9formes nationales et la question du retour \u00e0 un ordre constitutionnel avec l\u2019organisation d\u2019\u00e9lections sont les engagements et missions essentielles de la Transition. Or, selon le Conf\u00e9rencier, d\u2019autres mesures sont prises par les dirigeants de la Transitions qui font penser qu\u2019ils ne sont pas l\u00e0 pour une p\u00e9riode limit\u00e9e. Les dirigeants de la Transition, selon ses propos confondent reformes (dans le sens de r\u00e9vision, ndlr) et refondation (plus profond et qui implique une table-rase, ndlr) Et de citer le cas de la F\u00e9d\u00e9ration entre le Mali, la Guin\u00e9e et le Burkina Faso qui a souvent \u00e9t\u00e9 \u00e9voqu\u00e9 dans des discours officiels.<\/p>\n\n\n\n<p>Au nombre des atouts, il s\u2019appuie sur les chiffres avanc\u00e9es dans la d\u00e9claration du Premier ministre devant l\u2019ALT, &nbsp;chiffre qu\u2019il dit \u00eatre officiel et ne peut souffrir de doute jusque-l\u00e0. Ces chiffres font \u00e9tat de 65% du territoire national contr\u00f4l\u00e9 par les Forces charg\u00e9es de la D\u00e9fense et de la s\u00e9curit\u00e9 int\u00e9rieure.<\/p>\n\n\n\n<p>L\u2019homme de droit qui a invit\u00e9 ses \u00e9tudiants et \u00e9tudiantes \u00e0 quitter le cours pour participer aux d\u00e9bats de ce dialogue d\u00e9mocratique, de relever que les passions sur les pouvoirs des dirigeants de la Transition sont certes vives mais le Burkina ne peut de fa\u00e7on unilat\u00e9rale se passer de ses engagements pris solennellement aux niveaux tant nationaux qu\u2019internationaux. \u00ab Nous avons dans la charte de la transition mis un d\u00e9lai pour la transition. Nous avons \u00e9galement act\u00e9 ce d\u00e9lai dans un accord avec la CEDEAO et ce d\u00e9lai est en juillet 2024. Ce qui suppose qu\u2019aujourd\u2019hui, jusqu\u2019\u00e0 preuve du contraire, on a des \u00e9lections en 2024 et on devrait les avoir. Maintenant, dans l\u2019accord avec la CEDEAO, il a \u00e9t\u00e9 int\u00e9gr\u00e9 des crit\u00e8res d\u2019\u00e9valuation de la Transition qui permettrait de d\u00e9cider quand la transition peut finir. Et parmi ces crit\u00e8res, il y a des crit\u00e8res de r\u00e9formes, des crit\u00e8res portant sur la s\u00e9curit\u00e9 \u00bb. Pour lui, il est imp\u00e9rieux de respecter le juridisme des formes. Et d\u2019\u00e9clairer son argumentaire en y ajoutant&nbsp;: \u00ab Si au niveau national, on remarque que l\u2019un de ces crit\u00e8res n\u2019est pas rempli pour la fin de la transition, il y a lieu d\u2019engager le dialogue avec les acteurs concern\u00e9s et les acteurs concern\u00e9s qui sont de deux types ici. Il y a la CEDEAO pour modifier les accords avec la CEDEAO et les forces vives de la nation pour modifier la Charte de la Transition. Ce sont elles les vrais signataires de la Charte (\u2026). Donc on ne peut pas juste proclamer ainsi qu\u2019on ne fera pas d\u2019\u00e9lections en laissant de c\u00f4t\u00e9 des engagements qu\u2019on a pris dans des instruments toujours valables, ce n\u2019est pas raisonnable. Si on veut faire bouger ces engagements, il faut le faire \u00e0 travers la modification des accords qu\u2019on a pris dans les actes cit\u00e9s. C\u2019est \u00e7a, le comportement responsable \u00e0 avoir \u00bb.<\/p>\n\n\n\n<p>Au nombre des atouts de la Transition, il cite, l\u2019existence d\u2019une strat\u00e9gie de D\u00e9fense nationale, une volont\u00e9 de progr\u00e8s, des efforts pour \u00e9quilibrer le rapport de force psychologique. Mais il est imp\u00e9rieux de gagner le 2eme engagement promis qui est l\u2019organisation d\u2019\u00e9lections nationales. Cela est important pour \u00ab&nbsp;se reconnecter avec un r\u00e9gime d\u00e9mocratique&nbsp;\u00bb, clame le sp\u00e9cialiste de droit.<\/p>\n\n\n\n<p><strong>Camille OUEDRAOGO pour <\/strong><a href=\"http:\/\/www.lesoleil.bf\"><strong>www.lesoleil.bf<\/strong><\/a><strong> et lesoleilbfnews.<\/strong><\/p>\n\n\n\n<div class=\"wp-block-columns is-layout-flex wp-container-core-columns-is-layout-2 wp-block-columns-is-layout-flex\">\n<div class=\"wp-block-column is-layout-flow wp-block-column-is-layout-flow\" style=\"flex-basis:100%\">\n<div class=\"wp-block-cover is-light\"><span aria-hidden=\"true\" class=\"wp-block-cover__background has-background-dim\"><\/span><img loading=\"lazy\" decoding=\"async\" width=\"500\" height=\"667\" class=\"wp-block-cover__image-background wp-image-867\" alt=\"\" src=\"https:\/\/lesoleil.bf\/wp-content\/uploads\/2023\/07\/IMG_20230704_103805_309.jpg\" data-object-fit=\"cover\" srcset=\"https:\/\/lesoleil.bf\/wp-content\/uploads\/2023\/07\/IMG_20230704_103805_309.jpg 500w, https:\/\/lesoleil.bf\/wp-content\/uploads\/2023\/07\/IMG_20230704_103805_309-225x300.jpg 225w\" sizes=\"auto, (max-width: 500px) 100vw, 500px\" \/><div class=\"wp-block-cover__inner-container is-layout-flow wp-block-cover-is-layout-flow\">\n<p class=\"has-text-align-center has-large-font-size\">Anselme SOMDA<\/p>\n<\/div><\/div>\n\n\n\n<div class=\"wp-block-columns is-layout-flex wp-container-core-columns-is-layout-1 wp-block-columns-is-layout-flex\">\n<div class=\"wp-block-column is-layout-flow wp-block-column-is-layout-flow\" style=\"flex-basis:100%\">\n<div class=\"wp-block-cover is-light\"><span aria-hidden=\"true\" class=\"wp-block-cover__background has-background-dim\"><\/span><img loading=\"lazy\" decoding=\"async\" width=\"600\" height=\"450\" class=\"wp-block-cover__image-background wp-image-868\" alt=\"\" src=\"https:\/\/lesoleil.bf\/wp-content\/uploads\/2023\/07\/IMG_20230704_092012_659.jpg\" data-object-fit=\"cover\" srcset=\"https:\/\/lesoleil.bf\/wp-content\/uploads\/2023\/07\/IMG_20230704_092012_659.jpg 600w, https:\/\/lesoleil.bf\/wp-content\/uploads\/2023\/07\/IMG_20230704_092012_659-300x225.jpg 300w\" sizes=\"auto, (max-width: 600px) 100vw, 600px\" \/><div class=\"wp-block-cover__inner-container is-layout-flow wp-block-cover-is-layout-flow\">\n<p class=\"has-text-align-center has-large-font-size\">Les participants \u00e0 la c\u00e9r\u00e9monie.<\/p>\n<\/div><\/div>\n<\/div>\n<\/div>\n<\/div>\n<\/div>\n\n\n\n<figure class=\"wp-block-image size-full is-resized\"><img loading=\"lazy\" decoding=\"async\" src=\"https:\/\/lesoleil.bf\/wp-content\/uploads\/2023\/07\/IMG_20230704_091822_949.jpg\" alt=\"\" class=\"wp-image-869\" width=\"912\" height=\"685\" srcset=\"https:\/\/lesoleil.bf\/wp-content\/uploads\/2023\/07\/IMG_20230704_091822_949.jpg 600w, https:\/\/lesoleil.bf\/wp-content\/uploads\/2023\/07\/IMG_20230704_091822_949-300x225.jpg 300w\" sizes=\"auto, (max-width: 912px) 100vw, 912px\" \/><\/figure>\n","protected":false},"excerpt":{"rendered":"<p>Le Centre pour la Gouvernance D\u00e9mocratique (CGD) a organis\u00e9 le 04 juillet 223 dans la salle de conf\u00e9rence du Centre Cardinal Paul ZOUNGRANA un dialogue d\u00e9mocratique sur la situation socio-politique et s\u00e9curitaire du Burkina Faso. Sur le magist\u00e8re de ces \u00e9changes, les juristes Pr Abdoulaye Soma, Dr Abdoul Karim Saidou, Dr Kassem Salam Sourwema et [&hellip;]<\/p>\n","protected":false},"author":1,"featured_media":870,"comment_status":"open","ping_status":"open","sticky":false,"template":"","format":"standard","meta":{"site-sidebar-layout":"default","site-content-layout":"","ast-site-content-layout":"","site-content-style":"default","site-sidebar-style":"default","ast-global-header-display":"","ast-banner-title-visibility":"","ast-main-header-display":"","ast-hfb-above-header-display":"","ast-hfb-below-header-display":"","ast-hfb-mobile-header-display":"","site-post-title":"","ast-breadcrumbs-content":"","ast-featured-img":"","footer-sml-layout":"","theme-transparent-header-meta":"","adv-header-id-meta":"","stick-header-meta":"","header-above-stick-meta":"","header-main-stick-meta":"","header-below-stick-meta":"","astra-migrate-meta-layouts":"default","ast-page-background-enabled":"default","ast-page-background-meta":{"desktop":{"background-color":"var(--ast-global-color-4)","background-image":"","background-repeat":"repeat","background-position":"center center","background-size":"auto","background-attachment":"scroll","background-type":"","background-media":"","overlay-type":"","overlay-color":"","overlay-opacity":"","overlay-gradient":""},"tablet":{"background-color":"","background-image":"","background-repeat":"repeat","background-position":"center center","background-size":"auto","background-attachment":"scroll","background-type":"","background-media":"","overlay-type":"","overlay-color":"","overlay-opacity":"","overlay-gradient":""},"mobile":{"background-color":"","background-image":"","background-repeat":"repeat","background-position":"center center","background-size":"auto","background-attachment":"scroll","background-type":"","background-media":"","overlay-type":"","overlay-color":"","overlay-opacity":"","overlay-gradient":""}},"ast-content-background-meta":{"desktop":{"background-color":"var(--ast-global-color-5)","background-image":"","background-repeat":"repeat","background-position":"center center","background-size":"auto","background-attachment":"scroll","background-type":"","background-media":"","overlay-type":"","overlay-color":"","overlay-opacity":"","overlay-gradient":""},"tablet":{"background-color":"var(--ast-global-color-5)","background-image":"","background-repeat":"repeat","background-position":"center center","background-size":"auto","background-attachment":"scroll","background-type":"","background-media":"","overlay-type":"","overlay-color":"","overlay-opacity":"","overlay-gradient":""},"mobile":{"background-color":"var(--ast-global-color-5)","background-image":"","background-repeat":"repeat","background-position":"center center","background-size":"auto","background-attachment":"scroll","background-type":"","background-media":"","overlay-type":"","overlay-color":"","overlay-opacity":"","overlay-gradient":""}},"footnotes":""},"categories":[9],"tags":[],"class_list":["post-866","post","type-post","status-publish","format-standard","has-post-thumbnail","hentry","category-politique"],"_links":{"self":[{"href":"https:\/\/lesoleil.bf\/index.php\/wp-json\/wp\/v2\/posts\/866","targetHints":{"allow":["GET"]}}],"collection":[{"href":"https:\/\/lesoleil.bf\/index.php\/wp-json\/wp\/v2\/posts"}],"about":[{"href":"https:\/\/lesoleil.bf\/index.php\/wp-json\/wp\/v2\/types\/post"}],"author":[{"embeddable":true,"href":"https:\/\/lesoleil.bf\/index.php\/wp-json\/wp\/v2\/users\/1"}],"replies":[{"embeddable":true,"href":"https:\/\/lesoleil.bf\/index.php\/wp-json\/wp\/v2\/comments?post=866"}],"version-history":[{"count":2,"href":"https:\/\/lesoleil.bf\/index.php\/wp-json\/wp\/v2\/posts\/866\/revisions"}],"predecessor-version":[{"id":873,"href":"https:\/\/lesoleil.bf\/index.php\/wp-json\/wp\/v2\/posts\/866\/revisions\/873"}],"wp:featuredmedia":[{"embeddable":true,"href":"https:\/\/lesoleil.bf\/index.php\/wp-json\/wp\/v2\/media\/870"}],"wp:attachment":[{"href":"https:\/\/lesoleil.bf\/index.php\/wp-json\/wp\/v2\/media?parent=866"}],"wp:term":[{"taxonomy":"category","embeddable":true,"href":"https:\/\/lesoleil.bf\/index.php\/wp-json\/wp\/v2\/categories?post=866"},{"taxonomy":"post_tag","embeddable":true,"href":"https:\/\/lesoleil.bf\/index.php\/wp-json\/wp\/v2\/tags?post=866"}],"curies":[{"name":"wp","href":"https:\/\/api.w.org\/{rel}","templated":true}]}}