{"id":858,"date":"2023-07-03T19:14:20","date_gmt":"2023-07-03T19:14:20","guid":{"rendered":"https:\/\/lesoleil.bf\/?p=858"},"modified":"2023-07-03T19:14:21","modified_gmt":"2023-07-03T19:14:21","slug":"sortie-de-promotion-en-couture-nagdin-1er-sort-la-grande-gamme","status":"publish","type":"post","link":"https:\/\/lesoleil.bf\/index.php\/2023\/07\/03\/sortie-de-promotion-en-couture-nagdin-1er-sort-la-grande-gamme\/","title":{"rendered":"Sortie de promotion en couture\u00a0: Nagdin 1er sort la grande gamme"},"content":{"rendered":"\n<p>Elles sont \u00e0 l\u2019\u00e9cole et elles sont d\u00e9j\u00e0 toute op\u00e9rationnelles pour affronter le monde de l\u2019emploi. C\u2019est le r\u00e9sum\u00e9 que l\u2019on pourrait faire de la c\u00e9r\u00e9monie de cl\u00f4ture des \u00e9l\u00e8ves-couturi\u00e8res du Centre de couture Nagdin 1<sup>er<\/sup>. En effet ce samedi 1<sup>er<\/sup> juillet 2023 au quartier Bendgo de Ouagadougou, ce Centre a clos ses activit\u00e9s acad\u00e9miques et a saisi l\u2019occasion aussi pour effectuer la sortie de promotion des \u00e9l\u00e8ves-couturi\u00e8res de la 3eme ann\u00e9e.<\/p>\n\n\n\n<p>A l\u2019occasion, ce sont des filles endimanch\u00e9es et ravies qui ont laiss\u00e9 jaillir leur joie de faire partie de la \u00ab&nbsp;famille&nbsp;\u00bb de cette \u00e9cole et d\u2019y avoir r\u00e9ussi brillamment \u00e0 l\u2019examen de sortie. La s\u00e9paration est certes douloureuse entre camarade de promotion mais pour les filles la joie du succ\u00e8s l\u2019emportait sur l\u2019\u00e9motion. La f\u00eate fut belle car les filles y ont mis du sien. Play-back, d\u00e9fil\u00e9 de mode\u2026 a permis eux filles de faire leur \u00ab&nbsp;Naagam&nbsp;\u00bb, leur \u00ab&nbsp;malin&nbsp;\u00bb, leur \u00ab&nbsp;plein la vue&nbsp;\u00bb.<\/p>\n\n\n\n<p>Pour joindre l\u2019utile \u00e0 l\u2019agr\u00e9able, un d\u00e9fil\u00e9 de mode a jalonn\u00e9 cette c\u00e9r\u00e9monie riche d\u2019\u00e9motions. Sur le T, l\u2019on pouvait apercevoir des mannequins, non pas recrut\u00e9s en agence, mais des pensionnaires de ce centre de couture. Au sein du public, comme cela doit l\u2019\u00eatre \u00e0 l\u2019accoutum\u00e9e, ce ne sont pas des clients potentiels, des acheteurs, des distributeurs, des critiques d\u2019art, des photographes, des blogueurs influents ou Instagirls, mais des leaders d\u2019opinion, des Chefs coutumiers, des partenaires du Centre.<\/p>\n\n\n\n<p>Dans son allocution, Rapha\u00ebl SIMPORE, promoteur et formateur du Centre a exprim\u00e9 toute sa joie de voir ce cru <em>\u00ab&nbsp;faire d\u00e9j\u00e0 des prouesses en mati\u00e8re de couture&nbsp;\u00bb<\/em>. Cela montre qu\u2019elles sont d\u00e9j\u00e0 pr\u00eates pour le march\u00e9 de l\u2019emploi et pour aussi faire face \u00e0 une quelconque concurrence, confie-t-il.&nbsp;<\/p>\n\n\n\n<p>L\u2019utilit\u00e9 de cette \u00e9cole est aussi reconnue par la chefferie traditionnelle qui a accord\u00e9 ses terres \u00e0 cette structure d\u2019apprentissage. <em>\u00ab&nbsp;Depuis l\u2019installation de cette \u00e9cole, les promoteurs nous font l\u2019honneur de nous associer \u00e0 toutes leurs activit\u00e9s&nbsp;\u00bb<\/em>, a confi\u00e9 le Naaba de Bendgo. <em>\u00ab&nbsp;D\u00e8s leur sortie les filles savent d\u00e9j\u00e0 faire des tenues et c\u2019est ce qui est essentiel&nbsp;\u00bb,<\/em> conclut-il.<\/p>\n\n\n\n<p>Cette \u00e9cole a form\u00e9 pour cette rentr\u00e9e 100 \u00e9l\u00e8ves et environ 90 passent en classe sup\u00e9rieure, sans compter les 35 filles qui sortent avec leur parchemin en main. C\u2019est donc avec \u00e9motion que Nademb\u00e9ga Nad\u00e8ge, \u00e9l\u00e8ve-sortante a remerci\u00e9 le personnel encadreur pour <em>\u00ab&nbsp;l\u2019ambiance de travail et de d\u00e9tente&nbsp;\u00bb.<\/em><\/p>\n\n\n\n<p>La structure a b\u00e9n\u00e9fici\u00e9 pour cette c\u00e9r\u00e9monie de l\u2019appui de la Coop\u00e9rative dioc\u00e9saine d\u2019\u00e9pargne et de cr\u00e9dit (CODEC) qui a saisi l\u2019occasion pour pr\u00e9senter ses diff\u00e9rents produits.<\/p>\n\n\n\n<p><strong>Camille OUEDRAOGO pour www.lesoleil.bf et lesoleilbfnews.<\/strong><\/p>\n","protected":false},"excerpt":{"rendered":"<p>Elles sont \u00e0 l\u2019\u00e9cole et elles sont d\u00e9j\u00e0 toute op\u00e9rationnelles pour affronter le monde de l\u2019emploi. C\u2019est le r\u00e9sum\u00e9 que l\u2019on pourrait faire de la c\u00e9r\u00e9monie de cl\u00f4ture des \u00e9l\u00e8ves-couturi\u00e8res du Centre de couture Nagdin 1er. En effet ce samedi 1er juillet 2023 au quartier Bendgo de Ouagadougou, ce Centre a clos ses activit\u00e9s acad\u00e9miques [&hellip;]<\/p>\n","protected":false},"author":1,"featured_media":859,"comment_status":"open","ping_status":"open","sticky":false,"template":"","format":"standard","meta":{"site-sidebar-layout":"default","site-content-layout":"","ast-site-content-layout":"","site-content-style":"default","site-sidebar-style":"default","ast-global-header-display":"","ast-banner-title-visibility":"","ast-main-header-display":"","ast-hfb-above-header-display":"","ast-hfb-below-header-display":"","ast-hfb-mobile-header-display":"","site-post-title":"","ast-breadcrumbs-content":"","ast-featured-img":"","footer-sml-layout":"","theme-transparent-header-meta":"","adv-header-id-meta":"","stick-header-meta":"","header-above-stick-meta":"","header-main-stick-meta":"","header-below-stick-meta":"","astra-migrate-meta-layouts":"default","ast-page-background-enabled":"default","ast-page-background-meta":{"desktop":{"background-color":"var(--ast-global-color-4)","background-image":"","background-repeat":"repeat","background-position":"center center","background-size":"auto","background-attachment":"scroll","background-type":"","background-media":"","overlay-type":"","overlay-color":"","overlay-opacity":"","overlay-gradient":""},"tablet":{"background-color":"","background-image":"","background-repeat":"repeat","background-position":"center center","background-size":"auto","background-attachment":"scroll","background-type":"","background-media":"","overlay-type":"","overlay-color":"","overlay-opacity":"","overlay-gradient":""},"mobile":{"background-color":"","background-image":"","background-repeat":"repeat","background-position":"center center","background-size":"auto","background-attachment":"scroll","background-type":"","background-media":"","overlay-type":"","overlay-color":"","overlay-opacity":"","overlay-gradient":""}},"ast-content-background-meta":{"desktop":{"background-color":"var(--ast-global-color-5)","background-image":"","background-repeat":"repeat","background-position":"center center","background-size":"auto","background-attachment":"scroll","background-type":"","background-media":"","overlay-type":"","overlay-color":"","overlay-opacity":"","overlay-gradient":""},"tablet":{"background-color":"var(--ast-global-color-5)","background-image":"","background-repeat":"repeat","background-position":"center center","background-size":"auto","background-attachment":"scroll","background-type":"","background-media":"","overlay-type":"","overlay-color":"","overlay-opacity":"","overlay-gradient":""},"mobile":{"background-color":"var(--ast-global-color-5)","background-image":"","background-repeat":"repeat","background-position":"center center","background-size":"auto","background-attachment":"scroll","background-type":"","background-media":"","overlay-type":"","overlay-color":"","overlay-opacity":"","overlay-gradient":""}},"footnotes":""},"categories":[14],"tags":[],"class_list":["post-858","post","type-post","status-publish","format-standard","has-post-thumbnail","hentry","category-economie"],"_links":{"self":[{"href":"https:\/\/lesoleil.bf\/index.php\/wp-json\/wp\/v2\/posts\/858","targetHints":{"allow":["GET"]}}],"collection":[{"href":"https:\/\/lesoleil.bf\/index.php\/wp-json\/wp\/v2\/posts"}],"about":[{"href":"https:\/\/lesoleil.bf\/index.php\/wp-json\/wp\/v2\/types\/post"}],"author":[{"embeddable":true,"href":"https:\/\/lesoleil.bf\/index.php\/wp-json\/wp\/v2\/users\/1"}],"replies":[{"embeddable":true,"href":"https:\/\/lesoleil.bf\/index.php\/wp-json\/wp\/v2\/comments?post=858"}],"version-history":[{"count":1,"href":"https:\/\/lesoleil.bf\/index.php\/wp-json\/wp\/v2\/posts\/858\/revisions"}],"predecessor-version":[{"id":860,"href":"https:\/\/lesoleil.bf\/index.php\/wp-json\/wp\/v2\/posts\/858\/revisions\/860"}],"wp:featuredmedia":[{"embeddable":true,"href":"https:\/\/lesoleil.bf\/index.php\/wp-json\/wp\/v2\/media\/859"}],"wp:attachment":[{"href":"https:\/\/lesoleil.bf\/index.php\/wp-json\/wp\/v2\/media?parent=858"}],"wp:term":[{"taxonomy":"category","embeddable":true,"href":"https:\/\/lesoleil.bf\/index.php\/wp-json\/wp\/v2\/categories?post=858"},{"taxonomy":"post_tag","embeddable":true,"href":"https:\/\/lesoleil.bf\/index.php\/wp-json\/wp\/v2\/tags?post=858"}],"curies":[{"name":"wp","href":"https:\/\/api.w.org\/{rel}","templated":true}]}}