{"id":851,"date":"2023-06-27T19:24:44","date_gmt":"2023-06-27T19:24:44","guid":{"rendered":"https:\/\/lesoleil.bf\/?p=851"},"modified":"2023-06-27T19:24:45","modified_gmt":"2023-06-27T19:24:45","slug":"remerciements-et-faire-part","status":"publish","type":"post","link":"https:\/\/lesoleil.bf\/index.php\/2023\/06\/27\/remerciements-et-faire-part\/","title":{"rendered":"Remerciements et faire part"},"content":{"rendered":"\n<p>Monsieur TRAORE Alain T., \u00e0 la Soci\u00e9t\u00e9 Financi\u00e8re Internationale (IFC) \u00e0 Addis-Abeba, ses enfants Yoann Loic Madiba et Karl Eddie Florian,<\/p>\n\n\n\n<p>Profond\u00e9ment touch\u00e9s par les marques de sympathie que vous leur avez t\u00e9moign\u00e9es lors du rappel \u00e0 Dieu, le 13 mai 2023 \u00e0 Paris, suivi de l\u2019inhumation le 23 mai 2023 \u00e0 Ouagadougou, de leur \u00e9pouse, m\u00e8re, fille, s\u0153ur, tante, cousine, belle-fille et belle-s\u0153ur,<\/p>\n\n\n\n<figure class=\"wp-block-image size-full\"><img loading=\"lazy\" decoding=\"async\" width=\"857\" height=\"857\" src=\"https:\/\/lesoleil.bf\/wp-content\/uploads\/2023\/06\/Remerciement.png\" alt=\"\" class=\"wp-image-852\" srcset=\"https:\/\/lesoleil.bf\/wp-content\/uploads\/2023\/06\/Remerciement.png 857w, https:\/\/lesoleil.bf\/wp-content\/uploads\/2023\/06\/Remerciement-300x300.png 300w, https:\/\/lesoleil.bf\/wp-content\/uploads\/2023\/06\/Remerciement-150x150.png 150w, https:\/\/lesoleil.bf\/wp-content\/uploads\/2023\/06\/Remerciement-768x768.png 768w\" sizes=\"auto, (max-width: 857px) 100vw, 857px\" \/><\/figure>\n\n\n\n<p><strong>Madame Agathe Mich\u00e8le TRAOR\u00c9\/TATIETA&nbsp;<\/strong><\/p>\n\n\n\n<p>Vous adressent leurs tr\u00e8s sinc\u00e8res remerciements.<\/p>\n\n\n\n<p>Ils vous expriment leur profonde gratitude pour vos soutiens moral, mat\u00e9riel et financier, votre pr\u00e9sence \u00e0 leurs c\u00f4t\u00e9s, vos pens\u00e9es et vos mots r\u00e9confortants, t\u00e9moignant de votre affection en ces moments difficiles.<\/p>\n\n\n\n<p>\u00ab&nbsp;Les mots manquent aux \u00e9motions&nbsp;\u00bb. Mille fois Merci.<\/p>\n\n\n\n<p>Demeurez b\u00e9ni (e) dans la Gr\u00e2ce de Dieu.<\/p>\n\n\n\n<p>PS&nbsp;: Le programme des messes de requiem qui seront dites pour le repos de l\u2019\u00e2me de notre tr\u00e8s ch\u00e8re regrett\u00e9e est disponible dans les journaux et la presse en ligne de la place.<\/p>\n\n\n\n<p><strong>PROGRAMME DES MESSES POUR LE REPOS DE L\u2019AME<\/strong><\/p>\n\n\n\n<p><strong>DE MADAME TRAORE\/TATIETA AGATHE MICHELE<\/strong><a><\/a><\/p>\n\n\n\n<figure class=\"wp-block-table\"><table><tbody><tr><td><strong>PAROISSES<\/strong><\/td><td><strong>DATES<\/strong><\/td><td><strong>HEURES<\/strong><\/td><\/tr><tr><td rowspan=\"9\"><strong>NOTRE DAME DES APOTRES<\/strong><\/td><td>04\/06\/2023<\/td><td>09H00<\/td><\/tr><tr><td>11\/06\/2023<\/td><td>09H00<\/td><\/tr><tr><td>18\/06\/2023<\/td><td>09H00<\/td><\/tr><tr><td>25\/06\/2023<\/td><td>09H00<\/td><\/tr><tr><td>02\/07\/2023<\/td><td>09H00<\/td><\/tr><tr><td>09\/07\/2023<\/td><td>09H00<\/td><\/tr><tr><td>16\/07\/2023<\/td><td>09H00<\/td><\/tr><tr><td>23\/07\/2023<\/td><td>09H00<\/td><\/tr><tr><td>30\/07\/2023<\/td><td>09H00<\/td><\/tr><tr><td rowspan=\"9\"><strong>ST JEAN 23<\/strong><\/td><td>04\/06\/2023<\/td><td>09H00<\/td><\/tr><tr><td>11\/06\/2023<\/td><td>08H30<\/td><\/tr><tr><td>18\/06\/2023<\/td><td>08H30<\/td><\/tr><tr><td>25\/06\/2023<\/td><td>08H30<\/td><\/tr><tr><td>02\/07\/2023<\/td><td>08H30<\/td><\/tr><tr><td>09\/07\/2023<\/td><td>08H30<\/td><\/tr><tr><td>16\/07\/2023<\/td><td>08H30<\/td><\/tr><tr><td>23\/07\/2023<\/td><td>08H30<\/td><\/tr><tr><td>30\/07\/2023<\/td><td>08H30<\/td><\/tr><tr><td rowspan=\"9\"><strong>ST PIERRE DE GOUNGHIN<\/strong><\/td><td>04\/06\/2023<\/td><td>09H00<\/td><\/tr><tr><td>11\/06\/2023<\/td><td>09H00<\/td><\/tr><tr><td>18\/06\/2023<\/td><td>09H00<\/td><\/tr><tr><td>25\/06\/2023<\/td><td>09H00<\/td><\/tr><tr><td>02\/07\/2023<\/td><td>09H00<\/td><\/tr><tr><td>09\/07\/2023<\/td><td>09H00<\/td><\/tr><tr><td>16\/07\/2023<\/td><td>09H00<\/td><\/tr><tr><td>23\/07\/2023<\/td><td>09H00<\/td><\/tr><tr><td>30\/07\/2023<\/td><td>09H00<\/td><\/tr><tr><td rowspan=\"4\"><strong>ST FRANCOIS D\u2019ASSISE<\/strong><\/td><td>18\/06\/2023<\/td><td>09H00<\/td><\/tr><tr><td>25\/06\/2023<\/td><td>09H00<\/td><\/tr><tr><td>02\/07\/2023<\/td><td>09H00<\/td><\/tr><tr><td>09\/07\/2023<\/td><td>09H00<\/td><\/tr><tr><td rowspan=\"4\"><strong>ST CAMILLE<\/strong><\/td><td>04\/06\/2023<\/td><td>09H00<\/td><\/tr><tr><td>11\/06\/2023<\/td><td>09H00<\/td><\/tr><tr><td>18\/06\/2023<\/td><td>09H00<\/td><\/tr><tr><td>25\/06\/2023<\/td><td>09H00<\/td><\/tr><tr><td rowspan=\"9\"><strong>ST CAMILLE SCHOLASTICAT<\/strong> <strong>&nbsp;<\/strong> <strong>&nbsp;<\/strong> <strong>&nbsp;<\/strong><\/td><td>04\/06\/2023<\/td><td>08H00<\/td><\/tr><tr><td>11\/06\/2023<\/td><td>08H00<\/td><\/tr><tr><td>18\/06\/2023<\/td><td>08H00<\/td><\/tr><tr><td>25\/06\/2013<\/td><td>08H00<\/td><\/tr><tr><td>02\/07\/2023<\/td><td>08H00<\/td><\/tr><tr><td>09\/07\/2023<\/td><td>08H00<\/td><\/tr><tr><td>16\/07\/2023<\/td><td>08H00<\/td><\/tr><tr><td>23\/07\/2023<\/td><td>08H00<\/td><\/tr><tr><td>30\/07\/2023<\/td><td>08H00<\/td><\/tr><\/tbody><\/table><\/figure>\n","protected":false},"excerpt":{"rendered":"<p>Monsieur TRAORE Alain T., \u00e0 la Soci\u00e9t\u00e9 Financi\u00e8re Internationale (IFC) \u00e0 Addis-Abeba, ses enfants Yoann Loic Madiba et Karl Eddie Florian, Profond\u00e9ment touch\u00e9s par les marques de sympathie que vous leur avez t\u00e9moign\u00e9es lors du rappel \u00e0 Dieu, le 13 mai 2023 \u00e0 Paris, suivi de l\u2019inhumation le 23 mai 2023 \u00e0 Ouagadougou, de leur [&hellip;]<\/p>\n","protected":false},"author":1,"featured_media":852,"comment_status":"open","ping_status":"open","sticky":false,"template":"","format":"standard","meta":{"site-sidebar-layout":"default","site-content-layout":"","ast-site-content-layout":"","site-content-style":"default","site-sidebar-style":"default","ast-global-header-display":"","ast-banner-title-visibility":"","ast-main-header-display":"","ast-hfb-above-header-display":"","ast-hfb-below-header-display":"","ast-hfb-mobile-header-display":"","site-post-title":"","ast-breadcrumbs-content":"","ast-featured-img":"","footer-sml-layout":"","theme-transparent-header-meta":"","adv-header-id-meta":"","stick-header-meta":"","header-above-stick-meta":"","header-main-stick-meta":"","header-below-stick-meta":"","astra-migrate-meta-layouts":"default","ast-page-background-enabled":"default","ast-page-background-meta":{"desktop":{"background-color":"var(--ast-global-color-4)","background-image":"","background-repeat":"repeat","background-position":"center center","background-size":"auto","background-attachment":"scroll","background-type":"","background-media":"","overlay-type":"","overlay-color":"","overlay-opacity":"","overlay-gradient":""},"tablet":{"background-color":"","background-image":"","background-repeat":"repeat","background-position":"center center","background-size":"auto","background-attachment":"scroll","background-type":"","background-media":"","overlay-type":"","overlay-color":"","overlay-opacity":"","overlay-gradient":""},"mobile":{"background-color":"","background-image":"","background-repeat":"repeat","background-position":"center center","background-size":"auto","background-attachment":"scroll","background-type":"","background-media":"","overlay-type":"","overlay-color":"","overlay-opacity":"","overlay-gradient":""}},"ast-content-background-meta":{"desktop":{"background-color":"var(--ast-global-color-5)","background-image":"","background-repeat":"repeat","background-position":"center center","background-size":"auto","background-attachment":"scroll","background-type":"","background-media":"","overlay-type":"","overlay-color":"","overlay-opacity":"","overlay-gradient":""},"tablet":{"background-color":"var(--ast-global-color-5)","background-image":"","background-repeat":"repeat","background-position":"center center","background-size":"auto","background-attachment":"scroll","background-type":"","background-media":"","overlay-type":"","overlay-color":"","overlay-opacity":"","overlay-gradient":""},"mobile":{"background-color":"var(--ast-global-color-5)","background-image":"","background-repeat":"repeat","background-position":"center center","background-size":"auto","background-attachment":"scroll","background-type":"","background-media":"","overlay-type":"","overlay-color":"","overlay-opacity":"","overlay-gradient":""}},"footnotes":""},"categories":[4],"tags":[],"class_list":["post-851","post","type-post","status-publish","format-standard","has-post-thumbnail","hentry","category-societe"],"_links":{"self":[{"href":"https:\/\/lesoleil.bf\/index.php\/wp-json\/wp\/v2\/posts\/851","targetHints":{"allow":["GET"]}}],"collection":[{"href":"https:\/\/lesoleil.bf\/index.php\/wp-json\/wp\/v2\/posts"}],"about":[{"href":"https:\/\/lesoleil.bf\/index.php\/wp-json\/wp\/v2\/types\/post"}],"author":[{"embeddable":true,"href":"https:\/\/lesoleil.bf\/index.php\/wp-json\/wp\/v2\/users\/1"}],"replies":[{"embeddable":true,"href":"https:\/\/lesoleil.bf\/index.php\/wp-json\/wp\/v2\/comments?post=851"}],"version-history":[{"count":1,"href":"https:\/\/lesoleil.bf\/index.php\/wp-json\/wp\/v2\/posts\/851\/revisions"}],"predecessor-version":[{"id":853,"href":"https:\/\/lesoleil.bf\/index.php\/wp-json\/wp\/v2\/posts\/851\/revisions\/853"}],"wp:featuredmedia":[{"embeddable":true,"href":"https:\/\/lesoleil.bf\/index.php\/wp-json\/wp\/v2\/media\/852"}],"wp:attachment":[{"href":"https:\/\/lesoleil.bf\/index.php\/wp-json\/wp\/v2\/media?parent=851"}],"wp:term":[{"taxonomy":"category","embeddable":true,"href":"https:\/\/lesoleil.bf\/index.php\/wp-json\/wp\/v2\/categories?post=851"},{"taxonomy":"post_tag","embeddable":true,"href":"https:\/\/lesoleil.bf\/index.php\/wp-json\/wp\/v2\/tags?post=851"}],"curies":[{"name":"wp","href":"https:\/\/api.w.org\/{rel}","templated":true}]}}