{"id":832,"date":"2023-06-12T19:57:37","date_gmt":"2023-06-12T19:57:37","guid":{"rendered":"https:\/\/lesoleil.bf\/?p=832"},"modified":"2023-06-16T10:25:16","modified_gmt":"2023-06-16T10:25:16","slug":"mutuelle-de-credit-song-taaba-la-g-de-la-maturite-a-eu-lieu","status":"publish","type":"post","link":"https:\/\/lesoleil.bf\/index.php\/2023\/06\/12\/mutuelle-de-credit-song-taaba-la-g-de-la-maturite-a-eu-lieu\/","title":{"rendered":"Mutuelle d\u2019\u00c9pargne et de Cr\u00e9dits (MEC SONG-TAABA)\u00a0:  l\u2019A.G de la maturit\u00e9 a eu lieu"},"content":{"rendered":"\n<p>Les dirigeants de la Mutuelle d\u2019\u00c9pargne et de Cr\u00e9dits (MEC SONG-TAABA) ont anim\u00e9 ce 10 juin 2023 \u00e0 son si\u00e8ge social son Assembl\u00e9e G\u00e9n\u00e9rale annuelle. Quinzi\u00e8me du genre, ce face-\u00e0-face avec les clients et clientes s\u2019est tenu de fa\u00e7on interactive et ouverte \u00e0 l\u2019agence-m\u00e8re du quartier Dassasgho \u00e0 Ouagadougou.&nbsp;<\/p>\n\n\n\n<p>Au menu de ce jambor\u00e9e capital pour la vie de l\u2019institution, les pr\u00e9sentations et adoptions des rapports d\u2019activit\u00e9s du Conseil d\u2019Administration, du Comit\u00e9 de Cr\u00e9dit, Comit\u00e9 de surveillance, du Commissariat aux Comptes et de la Direction\u2026<\/p>\n\n\n\n<p>Le rapport de la Directrice, NANEMA Colette a fait ressortir une sant\u00e9 financi\u00e8re de la micro-finance situ\u00e9e au quartier Dassasgho de Ouagadougou. L\u2019exercice 2022 fait ressortir un exc\u00e9dent financier de plus de 4 millions F.CFA. Au nombre des r\u00e9volutions de la Maison, le mobile et le SMS Banking. Un outil technologique qui a permis, selon ses dires, de r\u00e9duire les longues files d\u2019attente dans les deux agences et de faciliter les transactions. En effet, le client n\u2019est plus oblig\u00e9 de se d\u00e9placer \u00e0 l\u2019agence pour faire des transactions.  Un syst\u00e8me de transfert et retrait d&rsquo;argent est mise en place et un num\u00e9ro est ouvert \u00e0 partir duquel les op\u00e9rations peuvent \u00eatre faites \u00e0 distance. De m\u00eame, la micro-finance peut faciliter le paiement des factures \u00e0 partir de paiements mobile (Coris money, Orange money, Moov Money). <\/p>\n\n\n\n<p>D\u2019entr\u00e9e, le Pr\u00e9sident du Conseil d\u2019administration, P. Amadou KIENTEGA, a invit\u00e9 les convives \u00e0 observer une minute de silence pour les clients (tes) disparus (es) de l\u2019ann\u00e9e et aussi les victimes des actes terroristes. Son rapport fait mention de la d\u00e9cision salutaire de son organe qui a permis de faire passer le plafond de cr\u00e9dit des PME\/PMI de 1 million \u00e0 2 millions F.CFA.<\/p>\n\n\n\n<p>Au nombre des pr\u00e9occupations des clients et clientes, un d\u00e9sir ardent de formation (\u00e9ducation financi\u00e8re), un diff\u00e9r\u00e9 pour certains type de pr\u00eat, la notification du transfert du salaire et du solde \u00e0 chaque op\u00e9ration par SMS Banking\u2026 Des pr\u00e9occupations qui ont une oreille favorable au niveau des instances dirigeantes.<\/p>\n\n\n\n<p>Au nombre des perspectives cl\u00e9s, le Cr\u00e9dit agricole. Un projet que la maison-m\u00e8re concocte depuis des ann\u00e9es pour satisfaire sa client\u00e8le du milieu rural.&nbsp;<\/p>\n\n\n\n<p>A noter que le r\u00e9ajustement des parts sociales de la structure a permis de l\u2019aligner au m\u00eame niveau pour les nouveaux adh\u00e9rents comme pour les anciens. Il est maintenant au montant commun de 5&nbsp;000 F.CFA.<\/p>\n\n\n\n<p>Fort de la sant\u00e9 financi\u00e8re de la micro-finance et de sa gestion rigoureuse, la note B- lui a \u00e9t\u00e9 attribu\u00e9 \u00e0 l\u2019issue de l&rsquo;\u00e9valuation avec l&rsquo;outil C.A.M.E.L.I qui est un outil de notation prudentielle des Syst\u00e8mes Financiers D\u00e9centralis\u00e9s de l&rsquo;UEMOA. Un capital \u00e0 mettre encore \u00e0 l\u2019actif des clients d\u2019abord et ensuite des travailleurs.\u00a0 Une hi\u00e9rarchisation bien relay\u00e9e tout au long de cet exercice de redevabilit\u00e9 r\u00e9ussit par les dirigeants de l\u2019organe.\u00a0 Aussi c\u2019est avec fiert\u00e9 et de fa\u00e7on consensuelle que les clients ont pl\u00e9biscit\u00e9 les diff\u00e9rents rapports et ont sugg\u00e9r\u00e9 que l\u2019exc\u00e9dent de l\u2019exercice 2022 soit affect\u00e9 \u00e0 l\u2019am\u00e9lioration du fonctionnement de la micro-finance.<\/p>\n\n\n\n<p>Camille OUEDRAOGO pour <a href=\"http:\/\/www.lesoleil.bf\">www.lesoleil.bf<\/a> et lesoleilbfnews<\/p>\n\n\n\n<figure class=\"wp-block-image size-full is-resized\"><img loading=\"lazy\" decoding=\"async\" src=\"https:\/\/lesoleil.bf\/wp-content\/uploads\/2023\/06\/Presidium-AG-2023.jpg\" alt=\"\" class=\"wp-image-837\" width=\"910\" height=\"722\" srcset=\"https:\/\/lesoleil.bf\/wp-content\/uploads\/2023\/06\/Presidium-AG-2023.jpg 624w, https:\/\/lesoleil.bf\/wp-content\/uploads\/2023\/06\/Presidium-AG-2023-300x238.jpg 300w\" sizes=\"auto, (max-width: 910px) 100vw, 910px\" \/><\/figure>\n\n\n\n<figure class=\"wp-block-image size-full is-resized\"><img loading=\"lazy\" decoding=\"async\" src=\"https:\/\/lesoleil.bf\/wp-content\/uploads\/2023\/06\/Participants-AG-2023.jpg\" alt=\"\" class=\"wp-image-833\" width=\"911\" height=\"683\" srcset=\"https:\/\/lesoleil.bf\/wp-content\/uploads\/2023\/06\/Participants-AG-2023.jpg 624w, https:\/\/lesoleil.bf\/wp-content\/uploads\/2023\/06\/Participants-AG-2023-300x225.jpg 300w\" sizes=\"auto, (max-width: 911px) 100vw, 911px\" \/><\/figure>\n\n\n\n<figure class=\"wp-block-image size-full is-resized\"><img loading=\"lazy\" decoding=\"async\" src=\"https:\/\/lesoleil.bf\/wp-content\/uploads\/2023\/06\/Vue-4-participants-2023.jpg\" alt=\"\" class=\"wp-image-838\" width=\"910\" height=\"579\" srcset=\"https:\/\/lesoleil.bf\/wp-content\/uploads\/2023\/06\/Vue-4-participants-2023.jpg 624w, https:\/\/lesoleil.bf\/wp-content\/uploads\/2023\/06\/Vue-4-participants-2023-300x191.jpg 300w\" sizes=\"auto, (max-width: 910px) 100vw, 910px\" \/><\/figure>\n\n\n\n<figure class=\"wp-block-image size-full is-resized\"><img loading=\"lazy\" decoding=\"async\" src=\"https:\/\/lesoleil.bf\/wp-content\/uploads\/2023\/06\/Vue-3-participants-2024.jpg\" alt=\"\" class=\"wp-image-839\" width=\"912\" height=\"724\" srcset=\"https:\/\/lesoleil.bf\/wp-content\/uploads\/2023\/06\/Vue-3-participants-2024.jpg 624w, https:\/\/lesoleil.bf\/wp-content\/uploads\/2023\/06\/Vue-3-participants-2024-300x238.jpg 300w\" sizes=\"auto, (max-width: 912px) 100vw, 912px\" \/><\/figure>\n\n\n\n<figure class=\"wp-block-image size-full is-resized\"><img loading=\"lazy\" decoding=\"async\" src=\"https:\/\/lesoleil.bf\/wp-content\/uploads\/2023\/06\/La-DG-MEC-SONG-TAABA.jpg\" alt=\"\" class=\"wp-image-842\" width=\"910\" height=\"722\" srcset=\"https:\/\/lesoleil.bf\/wp-content\/uploads\/2023\/06\/La-DG-MEC-SONG-TAABA.jpg 624w, https:\/\/lesoleil.bf\/wp-content\/uploads\/2023\/06\/La-DG-MEC-SONG-TAABA-300x238.jpg 300w\" sizes=\"auto, (max-width: 910px) 100vw, 910px\" \/><\/figure>\n\n\n\n<h2 class=\"wp-block-heading\">Mme NANEMA Colette, Directrice G\u00e9n\u00e9rale MEC SONG-TAABA<\/h2>\n\n\n\n<figure class=\"wp-block-image size-full is-resized\"><img loading=\"lazy\" decoding=\"async\" src=\"https:\/\/lesoleil.bf\/wp-content\/uploads\/2023\/06\/PCA-AMADOU-KIENTEGA.jpg\" alt=\"\" class=\"wp-image-841\" width=\"913\" height=\"1288\" srcset=\"https:\/\/lesoleil.bf\/wp-content\/uploads\/2023\/06\/PCA-AMADOU-KIENTEGA.jpg 545w, https:\/\/lesoleil.bf\/wp-content\/uploads\/2023\/06\/PCA-AMADOU-KIENTEGA-213x300.jpg 213w\" sizes=\"auto, (max-width: 913px) 100vw, 913px\" \/><\/figure>\n\n\n\n<h2 class=\"wp-block-heading\">M. KIENTEGA  Amadou, PCA MEC SONG-TAABA<\/h2>\n\n\n\n<figure class=\"wp-block-image size-full is-resized\"><img loading=\"lazy\" decoding=\"async\" src=\"https:\/\/lesoleil.bf\/wp-content\/uploads\/2023\/06\/Vice-president-MEC-SONGTAABA.jpg\" alt=\"\" class=\"wp-image-844\" width=\"909\" height=\"1145\" srcset=\"https:\/\/lesoleil.bf\/wp-content\/uploads\/2023\/06\/Vice-president-MEC-SONGTAABA.jpg 624w, https:\/\/lesoleil.bf\/wp-content\/uploads\/2023\/06\/Vice-president-MEC-SONGTAABA-238x300.jpg 238w\" sizes=\"auto, (max-width: 909px) 100vw, 909px\" \/><\/figure>\n\n\n\n<h2 class=\"wp-block-heading\">M. COMPAORE Prosp\u00e8re Vice-Pr\u00e9sident CA MEC SONG-TAABA<\/h2>\n","protected":false},"excerpt":{"rendered":"<p>Les dirigeants de la Mutuelle d\u2019\u00c9pargne et de Cr\u00e9dits (MEC SONG-TAABA) ont anim\u00e9 ce 10 juin 2023 \u00e0 son si\u00e8ge social son Assembl\u00e9e G\u00e9n\u00e9rale annuelle. Quinzi\u00e8me du genre, ce face-\u00e0-face avec les clients et clientes s\u2019est tenu de fa\u00e7on interactive et ouverte \u00e0 l\u2019agence-m\u00e8re du quartier Dassasgho \u00e0 Ouagadougou.&nbsp; Au menu de ce jambor\u00e9e capital [&hellip;]<\/p>\n","protected":false},"author":1,"featured_media":834,"comment_status":"open","ping_status":"open","sticky":false,"template":"","format":"standard","meta":{"site-sidebar-layout":"default","site-content-layout":"","ast-site-content-layout":"","site-content-style":"default","site-sidebar-style":"default","ast-global-header-display":"","ast-banner-title-visibility":"","ast-main-header-display":"","ast-hfb-above-header-display":"","ast-hfb-below-header-display":"","ast-hfb-mobile-header-display":"","site-post-title":"","ast-breadcrumbs-content":"","ast-featured-img":"","footer-sml-layout":"","theme-transparent-header-meta":"","adv-header-id-meta":"","stick-header-meta":"","header-above-stick-meta":"","header-main-stick-meta":"","header-below-stick-meta":"","astra-migrate-meta-layouts":"default","ast-page-background-enabled":"default","ast-page-background-meta":{"desktop":{"background-color":"var(--ast-global-color-4)","background-image":"","background-repeat":"repeat","background-position":"center center","background-size":"auto","background-attachment":"scroll","background-type":"","background-media":"","overlay-type":"","overlay-color":"","overlay-opacity":"","overlay-gradient":""},"tablet":{"background-color":"","background-image":"","background-repeat":"repeat","background-position":"center center","background-size":"auto","background-attachment":"scroll","background-type":"","background-media":"","overlay-type":"","overlay-color":"","overlay-opacity":"","overlay-gradient":""},"mobile":{"background-color":"","background-image":"","background-repeat":"repeat","background-position":"center center","background-size":"auto","background-attachment":"scroll","background-type":"","background-media":"","overlay-type":"","overlay-color":"","overlay-opacity":"","overlay-gradient":""}},"ast-content-background-meta":{"desktop":{"background-color":"var(--ast-global-color-5)","background-image":"","background-repeat":"repeat","background-position":"center center","background-size":"auto","background-attachment":"scroll","background-type":"","background-media":"","overlay-type":"","overlay-color":"","overlay-opacity":"","overlay-gradient":""},"tablet":{"background-color":"var(--ast-global-color-5)","background-image":"","background-repeat":"repeat","background-position":"center center","background-size":"auto","background-attachment":"scroll","background-type":"","background-media":"","overlay-type":"","overlay-color":"","overlay-opacity":"","overlay-gradient":""},"mobile":{"background-color":"var(--ast-global-color-5)","background-image":"","background-repeat":"repeat","background-position":"center center","background-size":"auto","background-attachment":"scroll","background-type":"","background-media":"","overlay-type":"","overlay-color":"","overlay-opacity":"","overlay-gradient":""}},"footnotes":""},"categories":[14,9,4],"tags":[],"class_list":["post-832","post","type-post","status-publish","format-standard","has-post-thumbnail","hentry","category-economie","category-politique","category-societe"],"_links":{"self":[{"href":"https:\/\/lesoleil.bf\/index.php\/wp-json\/wp\/v2\/posts\/832","targetHints":{"allow":["GET"]}}],"collection":[{"href":"https:\/\/lesoleil.bf\/index.php\/wp-json\/wp\/v2\/posts"}],"about":[{"href":"https:\/\/lesoleil.bf\/index.php\/wp-json\/wp\/v2\/types\/post"}],"author":[{"embeddable":true,"href":"https:\/\/lesoleil.bf\/index.php\/wp-json\/wp\/v2\/users\/1"}],"replies":[{"embeddable":true,"href":"https:\/\/lesoleil.bf\/index.php\/wp-json\/wp\/v2\/comments?post=832"}],"version-history":[{"count":6,"href":"https:\/\/lesoleil.bf\/index.php\/wp-json\/wp\/v2\/posts\/832\/revisions"}],"predecessor-version":[{"id":849,"href":"https:\/\/lesoleil.bf\/index.php\/wp-json\/wp\/v2\/posts\/832\/revisions\/849"}],"wp:featuredmedia":[{"embeddable":true,"href":"https:\/\/lesoleil.bf\/index.php\/wp-json\/wp\/v2\/media\/834"}],"wp:attachment":[{"href":"https:\/\/lesoleil.bf\/index.php\/wp-json\/wp\/v2\/media?parent=832"}],"wp:term":[{"taxonomy":"category","embeddable":true,"href":"https:\/\/lesoleil.bf\/index.php\/wp-json\/wp\/v2\/categories?post=832"},{"taxonomy":"post_tag","embeddable":true,"href":"https:\/\/lesoleil.bf\/index.php\/wp-json\/wp\/v2\/tags?post=832"}],"curies":[{"name":"wp","href":"https:\/\/api.w.org\/{rel}","templated":true}]}}