{"id":829,"date":"2023-06-12T19:51:31","date_gmt":"2023-06-12T19:51:31","guid":{"rendered":"https:\/\/lesoleil.bf\/?p=829"},"modified":"2023-06-12T19:51:32","modified_gmt":"2023-06-12T19:51:32","slug":"jubile-des-5-ans-de-studio-yafa-un-parcours-de-professionnel","status":"publish","type":"post","link":"https:\/\/lesoleil.bf\/index.php\/2023\/06\/12\/jubile-des-5-ans-de-studio-yafa-un-parcours-de-professionnel\/","title":{"rendered":"Jubil\u00e9 des 5 ans de STUDIO YAFA\u00a0: Un parcours de professionnel\u00a0!"},"content":{"rendered":"\n<p>Cinq longues ann\u00e9es et un dynamisme parlant&nbsp;! C\u2019est cela&nbsp;! C\u2019est s\u00fbrement &nbsp;le constat fait par les convives \u00e0 la c\u00e9r\u00e9monie de comm\u00e9moration des cinq (05) ans du STUDIO YAFA \u00e0 Canal Olympia \u00e0 Ouaga 2000 ce 09 juin 2023.<\/p>\n\n\n\n<p>Au menu de cette c\u00e9r\u00e9monie riche d\u2019\u00e9motions et aux allures parfois glamour, de l\u2019animation musicale avec l\u2019artiste AUDE, une coupure de g\u00e2teau et des discours.<\/p>\n\n\n\n<p>D\u2019entr\u00e9e, le Directeur Pays, D\u00e9nis VINCENTI a salu\u00e9 la bonne collaboration avec les structures de l\u2019Etat et les partenaires Techniques et financiers. Au nombre desquels l\u2019Ambassade de Su\u00e8de, de la Suisse, de l\u2019Egypte et l\u2019Union Europ\u00e9enne, principale pourvoyeuse. Il a aussi pr\u00e9sent\u00e9 les perspectives du Studio YAFA \u00e0 savoir la dotation progressive des radios partenaires en plaques solaires et les formations pointues qui vont permettre d\u2019obtenir \u00e0 court et moyens termes des acteurs mieux et bien outill\u00e9s. &nbsp;<\/p>\n\n\n\n<p>Le succ\u00e8s du Studio YAFA, ne serait jamais une r\u00e9alit\u00e9 sans les radios partenaires, confesse le Directeur Pays. Un partenariat avec ces organes de communication jug\u00e9 pour lui, \u00ab&nbsp;fructueux et salutaire&nbsp;\u00bb pour les populations.<\/p>\n\n\n\n<p>L\u2019action de ces structures choisis aux quatre coins du pays depuis le d\u00e9but du projet a permis de diss\u00e9miner les messages sur le vivre-ensemble, la coh\u00e9sion sociale, la Paix.<\/p>\n\n\n\n<p>Richard BOISSEZ, Directeur des op\u00e9rations de la Fondation Hirondelle, Repr\u00e9sentant la pr\u00e9sidente emp\u00each\u00e9, a salu\u00e9 le positionnement louable du Studio YAFA dans le paysage m\u00e9diatique burkinab\u00e8. Aussi a-t-il exhort\u00e9 le personnel \u00e0 davantage d\u2019efforts pour maintenir&nbsp; et surtout am\u00e9liorer ce positionnement.<\/p>\n\n\n\n<p>Du Haut de la tribune, Galip SOME, Directeur de Cabinet, Repr\u00e9sentant le Patron de la c\u00e9r\u00e9monie, le Ministre de la Communication, des Arts et du Tourisme, a emprunt\u00e9 les mots \u00e0 son Responsable de d\u00e9partement pour saluer le professionnalisme dont a fait montre le Studio ces quatre ann\u00e9es durant. Et a aussi exhort\u00e9 les acteurs des diff\u00e9rents projets mis en \u0153uvre de continuer de r\u00e9pondre aux pr\u00e9occupations et interrogations des populations.<\/p>\n\n\n\n<p>Les radios partenaires du Studio sont pass\u00e9es de 15 \u00e0 la cr\u00e9ation \u00e0 51. Les radios partenaires ont b\u00e9n\u00e9fici\u00e9 \u00e0 l\u2019occasion d\u2019attestation de reconnaissance.&nbsp;<\/p>\n\n\n\n<p>Comble d\u2019\u00e9motions pour un anniversaire d\u2019une structure de communication, un ch\u0153ur constitu\u00e9 d\u2019agents du Studio a ex\u00e9cut\u00e9 diff\u00e9rents hymnes. Un film de capitalisation r\u00e9alis\u00e9 par le Directeur Pays lui-m\u00eame a permis de voir les \u00ab&nbsp;premiers pas du b\u00e9b\u00e9&nbsp;YAFA \u00bb. Une belle c\u00e9r\u00e9monie qui augure d\u00e9j\u00e0 des ambitions g\u00e9antes de la bo\u00eete. Ad multos annos&nbsp;! &nbsp;&nbsp;&nbsp;<\/p>\n\n\n\n<p>Camille OUEDRAOGO pour <a href=\"http:\/\/www.lesoleil.bf\">www.lesoleil.bf<\/a> et lesoleilbfnews<\/p>\n","protected":false},"excerpt":{"rendered":"<p>Cinq longues ann\u00e9es et un dynamisme parlant&nbsp;! C\u2019est cela&nbsp;! C\u2019est s\u00fbrement &nbsp;le constat fait par les convives \u00e0 la c\u00e9r\u00e9monie de comm\u00e9moration des cinq (05) ans du STUDIO YAFA \u00e0 Canal Olympia \u00e0 Ouaga 2000 ce 09 juin 2023. Au menu de cette c\u00e9r\u00e9monie riche d\u2019\u00e9motions et aux allures parfois glamour, de l\u2019animation musicale avec [&hellip;]<\/p>\n","protected":false},"author":1,"featured_media":830,"comment_status":"open","ping_status":"open","sticky":false,"template":"","format":"standard","meta":{"site-sidebar-layout":"default","site-content-layout":"","ast-site-content-layout":"","site-content-style":"default","site-sidebar-style":"default","ast-global-header-display":"","ast-banner-title-visibility":"","ast-main-header-display":"","ast-hfb-above-header-display":"","ast-hfb-below-header-display":"","ast-hfb-mobile-header-display":"","site-post-title":"","ast-breadcrumbs-content":"","ast-featured-img":"","footer-sml-layout":"","theme-transparent-header-meta":"","adv-header-id-meta":"","stick-header-meta":"","header-above-stick-meta":"","header-main-stick-meta":"","header-below-stick-meta":"","astra-migrate-meta-layouts":"default","ast-page-background-enabled":"default","ast-page-background-meta":{"desktop":{"background-color":"var(--ast-global-color-4)","background-image":"","background-repeat":"repeat","background-position":"center center","background-size":"auto","background-attachment":"scroll","background-type":"","background-media":"","overlay-type":"","overlay-color":"","overlay-opacity":"","overlay-gradient":""},"tablet":{"background-color":"","background-image":"","background-repeat":"repeat","background-position":"center center","background-size":"auto","background-attachment":"scroll","background-type":"","background-media":"","overlay-type":"","overlay-color":"","overlay-opacity":"","overlay-gradient":""},"mobile":{"background-color":"","background-image":"","background-repeat":"repeat","background-position":"center center","background-size":"auto","background-attachment":"scroll","background-type":"","background-media":"","overlay-type":"","overlay-color":"","overlay-opacity":"","overlay-gradient":""}},"ast-content-background-meta":{"desktop":{"background-color":"var(--ast-global-color-5)","background-image":"","background-repeat":"repeat","background-position":"center center","background-size":"auto","background-attachment":"scroll","background-type":"","background-media":"","overlay-type":"","overlay-color":"","overlay-opacity":"","overlay-gradient":""},"tablet":{"background-color":"var(--ast-global-color-5)","background-image":"","background-repeat":"repeat","background-position":"center center","background-size":"auto","background-attachment":"scroll","background-type":"","background-media":"","overlay-type":"","overlay-color":"","overlay-opacity":"","overlay-gradient":""},"mobile":{"background-color":"var(--ast-global-color-5)","background-image":"","background-repeat":"repeat","background-position":"center center","background-size":"auto","background-attachment":"scroll","background-type":"","background-media":"","overlay-type":"","overlay-color":"","overlay-opacity":"","overlay-gradient":""}},"footnotes":""},"categories":[9,4],"tags":[],"class_list":["post-829","post","type-post","status-publish","format-standard","has-post-thumbnail","hentry","category-politique","category-societe"],"_links":{"self":[{"href":"https:\/\/lesoleil.bf\/index.php\/wp-json\/wp\/v2\/posts\/829","targetHints":{"allow":["GET"]}}],"collection":[{"href":"https:\/\/lesoleil.bf\/index.php\/wp-json\/wp\/v2\/posts"}],"about":[{"href":"https:\/\/lesoleil.bf\/index.php\/wp-json\/wp\/v2\/types\/post"}],"author":[{"embeddable":true,"href":"https:\/\/lesoleil.bf\/index.php\/wp-json\/wp\/v2\/users\/1"}],"replies":[{"embeddable":true,"href":"https:\/\/lesoleil.bf\/index.php\/wp-json\/wp\/v2\/comments?post=829"}],"version-history":[{"count":1,"href":"https:\/\/lesoleil.bf\/index.php\/wp-json\/wp\/v2\/posts\/829\/revisions"}],"predecessor-version":[{"id":831,"href":"https:\/\/lesoleil.bf\/index.php\/wp-json\/wp\/v2\/posts\/829\/revisions\/831"}],"wp:featuredmedia":[{"embeddable":true,"href":"https:\/\/lesoleil.bf\/index.php\/wp-json\/wp\/v2\/media\/830"}],"wp:attachment":[{"href":"https:\/\/lesoleil.bf\/index.php\/wp-json\/wp\/v2\/media?parent=829"}],"wp:term":[{"taxonomy":"category","embeddable":true,"href":"https:\/\/lesoleil.bf\/index.php\/wp-json\/wp\/v2\/categories?post=829"},{"taxonomy":"post_tag","embeddable":true,"href":"https:\/\/lesoleil.bf\/index.php\/wp-json\/wp\/v2\/tags?post=829"}],"curies":[{"name":"wp","href":"https:\/\/api.w.org\/{rel}","templated":true}]}}