{"id":825,"date":"2023-05-23T18:42:34","date_gmt":"2023-05-23T18:42:34","guid":{"rendered":"https:\/\/lesoleil.bf\/?p=825"},"modified":"2023-05-23T18:42:35","modified_gmt":"2023-05-23T18:42:35","slug":"journee-nationale-de-jeune-et-de-prieres-les-catholiques-ont-fait-leur-partition","status":"publish","type":"post","link":"https:\/\/lesoleil.bf\/index.php\/2023\/05\/23\/journee-nationale-de-jeune-et-de-prieres-les-catholiques-ont-fait-leur-partition\/","title":{"rendered":"Journ\u00e9e nationale de je\u00fbne et de pri\u00e8res\u00a0: les catholiques ont fait leur partition"},"content":{"rendered":"\n<p><strong>A l\u2019instar des autres communaut\u00e9s religieuses, les catholiques du Burkina Faso ont consacr\u00e9 une journ\u00e9e \u00e0 la pri\u00e8re et au je\u00fbne pour le retour de la paix au Burkina Faso. La cath\u00e9drale de l\u2019Immacul\u00e9e Conception de Ouagadougou a accueilli cette journ\u00e9e religieuse particuli\u00e8re en ce jour 20 mai 2023.\u00a0\u00a0<\/strong><\/p>\n\n\n\n<p><strong>Chants, adoration et oraisons ont ponctu\u00e9 <\/strong><strong>la journ\u00e9e nationale <\/strong>de je\u00fbne et de pri\u00e8res d\u00e9cr\u00e9t\u00e9e par le Gouvernement du Burkina Faso ce samedi 20 mai 2023. Cette communion de la communaut\u00e9 catholique a connu la participation de personnes des autres confessions religieuses et de nombreux coreligionnaires venus des quatre coins du pays.<\/p>\n\n\n\n<p>La messe a \u00e9t\u00e9 dite par Monseigneur Laurent Birifuor\u00e9 DABIRE en pr\u00e9sence de nombreux autres pr\u00e9lats dont l\u2019Archev\u00eaque m\u00e9tropolitain de Ouagadougou qui faisait office de&nbsp; conc\u00e9l\u00e9brant.<\/p>\n\n\n\n<p>Dans son allocution, le Patron de la Cath\u00e8dre des lieux a salu\u00e9 la pr\u00e9sence massive des fid\u00e8les et aussi l\u2019esprit de dialogue inter-religieux et d\u2019\u0153cum\u00e9nisme qui scelle ladite c\u00e9l\u00e9bration. Aussi a-t-il dit que si la guerre est une \u0153uvre humaine, c\u2019est aussi \u00e0 l\u2019Humain de faire des sacrifices pour \u00ab&nbsp;b\u00e2tir des ponts&nbsp;\u00bb de fraternit\u00e9, de tol\u00e9rance des diff\u00e9rences et d\u2019acceptation des divergences. Et de pr\u00e9ciser que Dieu met le Chr\u00e9tien devant ses responsabilit\u00e9s. A ce dernier de s\u2019armer d\u2019humilit\u00e9, de courage et d\u2019esprit de discernement pour pr\u00e9f\u00e9rer la Paix \u00e0 la guerre. Et aussi pour briser les barri\u00e8res de l\u2019intol\u00e9rance.&nbsp; Pour l\u2019Ordinaire des lieux, on a beau prier, si la d\u00e9marche de conversion profonde et de r\u00e9conciliation n\u2019y est pas, les chances de ne pas aller \u00e0 la Paix seront minces. Aussi a-t-il invit\u00e9 tout un chacun \u00e0 entrer en communion avec Dieu et \u00e0 purifier son c\u0153ur.<\/p>\n\n\n\n<p>Monseigneur Laurent DABIRE, pr\u00e9sident de la Conf\u00e9rence \u00e9piscopale Burkina-Niger a enfin invit\u00e9 les Burkinab\u00e8 a appel\u00e9 les uns et les autres \u00e0 se d\u00e9partir de la peur. Pour celui qui est en outre Ev\u00eaque du dioc\u00e8se de Dori, les africains ont assez de ressorts pour \u00eatre r\u00e9silient dans ce contexte d\u2019ins\u00e9curit\u00e9. Et de proposer quatre piliers&nbsp;: \u00ab&nbsp;la justice&nbsp;; le respect des droits de l\u2019homme et des droits des peuples&nbsp;; le pardon et la r\u00e9conciliation qui permettent d\u2019aller au-del\u00e0 de toute crise&nbsp;; et l\u2019esprit de la grande famille africaine qui proscrit la discrimination&nbsp;\u00bb. En travaillent sur ces piliers, le fid\u00e8le chr\u00e9tien a de fortes chances d\u2019obtenir le retour de la paix au Burkina.&nbsp;<\/p>\n\n\n\n<p>Cette c\u00e9l\u00e9bration eucharistique a enregistr\u00e9 la pr\u00e9sence massive de nombreux &nbsp;membres du gouvernement de la transition, de pr\u00e9sidents d\u2019institutions, de Forces de d\u00e9fense et de s\u00e9curit\u00e9 (FDS) aux c\u00f4t\u00e9s des fid\u00e8les catholiques.&nbsp;<\/p>\n\n\n\n<p>Camille OUEDRAOGO pour <a href=\"http:\/\/www.lesoleil.bf\">www.lesoleil.bf<\/a> et lesoleilbfnews<\/p>\n","protected":false},"excerpt":{"rendered":"<p>A l\u2019instar des autres communaut\u00e9s religieuses, les catholiques du Burkina Faso ont consacr\u00e9 une journ\u00e9e \u00e0 la pri\u00e8re et au je\u00fbne pour le retour de la paix au Burkina Faso. La cath\u00e9drale de l\u2019Immacul\u00e9e Conception de Ouagadougou a accueilli cette journ\u00e9e religieuse particuli\u00e8re en ce jour 20 mai 2023.\u00a0\u00a0 Chants, adoration et oraisons ont ponctu\u00e9 [&hellip;]<\/p>\n","protected":false},"author":1,"featured_media":826,"comment_status":"open","ping_status":"open","sticky":false,"template":"","format":"standard","meta":{"site-sidebar-layout":"default","site-content-layout":"","ast-site-content-layout":"","site-content-style":"default","site-sidebar-style":"default","ast-global-header-display":"","ast-banner-title-visibility":"","ast-main-header-display":"","ast-hfb-above-header-display":"","ast-hfb-below-header-display":"","ast-hfb-mobile-header-display":"","site-post-title":"","ast-breadcrumbs-content":"","ast-featured-img":"","footer-sml-layout":"","theme-transparent-header-meta":"","adv-header-id-meta":"","stick-header-meta":"","header-above-stick-meta":"","header-main-stick-meta":"","header-below-stick-meta":"","astra-migrate-meta-layouts":"default","ast-page-background-enabled":"default","ast-page-background-meta":{"desktop":{"background-color":"var(--ast-global-color-4)","background-image":"","background-repeat":"repeat","background-position":"center center","background-size":"auto","background-attachment":"scroll","background-type":"","background-media":"","overlay-type":"","overlay-color":"","overlay-opacity":"","overlay-gradient":""},"tablet":{"background-color":"","background-image":"","background-repeat":"repeat","background-position":"center center","background-size":"auto","background-attachment":"scroll","background-type":"","background-media":"","overlay-type":"","overlay-color":"","overlay-opacity":"","overlay-gradient":""},"mobile":{"background-color":"","background-image":"","background-repeat":"repeat","background-position":"center center","background-size":"auto","background-attachment":"scroll","background-type":"","background-media":"","overlay-type":"","overlay-color":"","overlay-opacity":"","overlay-gradient":""}},"ast-content-background-meta":{"desktop":{"background-color":"var(--ast-global-color-5)","background-image":"","background-repeat":"repeat","background-position":"center center","background-size":"auto","background-attachment":"scroll","background-type":"","background-media":"","overlay-type":"","overlay-color":"","overlay-opacity":"","overlay-gradient":""},"tablet":{"background-color":"var(--ast-global-color-5)","background-image":"","background-repeat":"repeat","background-position":"center center","background-size":"auto","background-attachment":"scroll","background-type":"","background-media":"","overlay-type":"","overlay-color":"","overlay-opacity":"","overlay-gradient":""},"mobile":{"background-color":"var(--ast-global-color-5)","background-image":"","background-repeat":"repeat","background-position":"center center","background-size":"auto","background-attachment":"scroll","background-type":"","background-media":"","overlay-type":"","overlay-color":"","overlay-opacity":"","overlay-gradient":""}},"footnotes":""},"categories":[9,15,4],"tags":[],"class_list":["post-825","post","type-post","status-publish","format-standard","has-post-thumbnail","hentry","category-politique","category-securite","category-societe"],"_links":{"self":[{"href":"https:\/\/lesoleil.bf\/index.php\/wp-json\/wp\/v2\/posts\/825","targetHints":{"allow":["GET"]}}],"collection":[{"href":"https:\/\/lesoleil.bf\/index.php\/wp-json\/wp\/v2\/posts"}],"about":[{"href":"https:\/\/lesoleil.bf\/index.php\/wp-json\/wp\/v2\/types\/post"}],"author":[{"embeddable":true,"href":"https:\/\/lesoleil.bf\/index.php\/wp-json\/wp\/v2\/users\/1"}],"replies":[{"embeddable":true,"href":"https:\/\/lesoleil.bf\/index.php\/wp-json\/wp\/v2\/comments?post=825"}],"version-history":[{"count":1,"href":"https:\/\/lesoleil.bf\/index.php\/wp-json\/wp\/v2\/posts\/825\/revisions"}],"predecessor-version":[{"id":827,"href":"https:\/\/lesoleil.bf\/index.php\/wp-json\/wp\/v2\/posts\/825\/revisions\/827"}],"wp:featuredmedia":[{"embeddable":true,"href":"https:\/\/lesoleil.bf\/index.php\/wp-json\/wp\/v2\/media\/826"}],"wp:attachment":[{"href":"https:\/\/lesoleil.bf\/index.php\/wp-json\/wp\/v2\/media?parent=825"}],"wp:term":[{"taxonomy":"category","embeddable":true,"href":"https:\/\/lesoleil.bf\/index.php\/wp-json\/wp\/v2\/categories?post=825"},{"taxonomy":"post_tag","embeddable":true,"href":"https:\/\/lesoleil.bf\/index.php\/wp-json\/wp\/v2\/tags?post=825"}],"curies":[{"name":"wp","href":"https:\/\/api.w.org\/{rel}","templated":true}]}}