{"id":823,"date":"2023-05-23T18:40:03","date_gmt":"2023-05-23T18:40:03","guid":{"rendered":"https:\/\/lesoleil.bf\/?p=823"},"modified":"2023-05-23T18:40:06","modified_gmt":"2023-05-23T18:40:06","slug":"communique-assemblee-generale-extraordinaire-2023-de-la-cenozo","status":"publish","type":"post","link":"https:\/\/lesoleil.bf\/index.php\/2023\/05\/23\/communique-assemblee-generale-extraordinaire-2023-de-la-cenozo\/","title":{"rendered":"COMMUNIQUE : Assembl\u00e9e g\u00e9n\u00e9rale extraordinaire 2023 de la CENOZO"},"content":{"rendered":"\n<p>Ouagadougou, le 15 mai 2023 : La Cellule Norbert Zongo pour le journalisme d\u2019investigation en Afrique de l\u2019Ouest (CENOZO) a tenu le 28 avril 2023 \u00e0 Niamey au Niger une Assembl\u00e9e g\u00e9n\u00e9rale extraordinaire en marge de la Conf\u00e9rence r\u00e9gionale sur l\u2019impact du journalisme d\u2019investigation sur la lutte contre la corruption en Afrique de l\u2019Ouest.<br>Cette Assembl\u00e9e g\u00e9n\u00e9rale extraordinaire a r\u00e9uni 49 membres, dont 37 en pr\u00e9sentiel et 12 en ligne. Elle avait pour objectif de pr\u00e9senter et d&rsquo;adopter les rapports d&rsquo;activit\u00e9s (narratif et financier), de r\u00e9viser les textes de l\u2019organisation et d\u2019\u00e9lire un nouveau Bureau du Conseil d&rsquo;administration.<br>Du rapport narratif pr\u00e9sent\u00e9 par le Secr\u00e9taire g\u00e9n\u00e9ral, on retient qu\u2019avec l\u2019appui de ses partenaires, la CENOZO a pu former, depuis sa cr\u00e9ation, plus de 500 journalistes en une trentaine de sessions \u00e0 travers l\u2019Afrique de l\u2019Ouest et soutenir l\u2019\u00e9dition et la publication de plus de 250 enqu\u00eates.<br>Le rapport financier pr\u00e9sent\u00e9 par le Tr\u00e9sorier a r\u00e9v\u00e9l\u00e9 un taux d&rsquo;ex\u00e9cution budg\u00e9taire<br>satisfaisant des diff\u00e9rents projets mis en \u0153uvre par l\u2019organisation. Globalement, le taux d\u2019ex\u00e9cution budg\u00e9taire des projets de la CENOZO au 31 d\u00e9cembre 2022 est de 98 %. Le bilan financier \u00e0 cette m\u00eame date affiche un montant total de 364 625 291 FCFA \u00e9quilibr\u00e9 en ressources et emplois.<br>Le Tr\u00e9sorier a \u00e9galement pr\u00e9sent\u00e9 le rapport d\u2019audit global des comptes de l\u2019organisation. Ce rapport d\u2019audit n\u2019a r\u00e9v\u00e9l\u00e9 aucune anomalie. Toutefois, il a formul\u00e9 des recommandations pour am\u00e9liorer la gouvernance et la gestion financi\u00e8re de l&rsquo;organisation. Au nombre de ses recommandations nous avons : le respect des textes r\u00e9glementaires de l\u2019organisation par l\u2019ensemble des membres, notamment le paiement des droits d\u2019adh\u00e9sion et les cotisations \u00e0 date, la tenue des instances r\u00e9glementaires, la mise en place d\u2019une grille salariale du staff technique qui sera adopt\u00e9e par le Conseil d\u2019administration, la relecture du Manuel des proc\u00e9dures par les acteurs \u00e0 l\u2019interne, la r\u00e9alisation annuelle de l\u2019audit global des comptes de<br>l\u2019organisation par un Commissaire aux comptes mandat\u00e9.<br>Apr\u00e8s l\u2019adoption des rapports d\u2019activit\u00e9s, l&rsquo;Assembl\u00e9e g\u00e9n\u00e9rale a approuv\u00e9 la r\u00e9vision des Statuts et du R\u00e8glement int\u00e9rieur de la CENOZO. Des r\u00e9formes majeures introduites par les membres de l\u2019organisation ont \u00e9t\u00e9 approuv\u00e9es par l\u2019Assembl\u00e9e g\u00e9n\u00e9rale. L\u2019article 5 relatif au si\u00e8ge de la CENOZO a connu une l\u00e9g\u00e8re modification. Il stipule d\u00e9sormais que le si\u00e8ge de l\u2019organisation peut \u00eatre temporairement transf\u00e9r\u00e9 dans un autre pays ouest-africain en cas de force majeure. Cette modification vise \u00e0 \u00e9viter un \u00e9ventuel blocage des activit\u00e9s de la CENOZO<br>en cas de probl\u00e8me au Burkina Faso et plus particuli\u00e8rement au Centre national de presse Norbert Zongo.<\/p>\n\n\n\n<p>L\u2019Assembl\u00e9e g\u00e9n\u00e9rale extraordinaire a pris fin par l\u2019\u00e9lection d\u2019un nouveau Bureau du Conseil<br>d\u2019administration de l\u2019organisation. Avec 19 voix pour, 00 contre et 05 abstentions, le Bureau<br>\u00e9lu est compos\u00e9 du :<br>&#8211; <strong>Pr\u00e9sident <\/strong>: David Demb\u00e9l\u00e9 (Mali) ;<br>&#8211; <strong>Vice-Pr\u00e9sident<\/strong> : Anas Aremeyew Anas (Ghana) ;<br>&#8211; <strong>Secr\u00e9taire g\u00e9n\u00e9ral<\/strong> : Elza Sandrine Sawadogo (Burkina Faso) ;<br>&#8211; <strong>Secr\u00e9taire charg\u00e9 de la Recherche et de la formation<\/strong> : Isine Ibanga (Nig\u00e9ria) ;<br>&#8211; <strong>Secr\u00e9taire charg\u00e9 de la Communication et des relations publiques<\/strong> : Pierre-Claver Kuvo<br>(Togo) ;<br>&#8211; <strong>Secr\u00e9taire charg\u00e9 de la Mobilisation des ressources et du suivi des partenariats<\/strong> : Jacques Ngor Sarr (S\u00e9n\u00e9gal).<br>Il faut noter que conform\u00e9ment aux textes de l\u2019organisation adopt\u00e9s par l\u2019Assembl\u00e9e<br>g\u00e9n\u00e9rale, il revient au Centre national de presse Norbert Zongo de d\u00e9signer un repr\u00e9sentant<br>pour occuper le poste de Tr\u00e9sorier au sein du Conseil d\u2019Administration.<br>Apr\u00e8s son \u00e9lection le nouveau Pr\u00e9sident du Conseil d\u2019Administration a r\u00e9affirm\u00e9 la<br>d\u00e9termination de la CENOZO \u00e0 promouvoir le journalisme d&rsquo;investigation en Afrique de l&rsquo;Ouest<br>\u00e0 travers la mise en place de nouveaux programmes de formation et de r\u00e9alisation d&rsquo;enqu\u00eates<br>sur des sujets qui engagent la vie et l\u2019avenir des communaut\u00e9s ouest-africaines.<\/p>\n\n\n\n<p><br><strong>Le Conseil d\u2019Administration. <\/strong><strong><\/strong><\/p>\n","protected":false},"excerpt":{"rendered":"<p>Ouagadougou, le 15 mai 2023 : La Cellule Norbert Zongo pour le journalisme d\u2019investigation en Afrique de l\u2019Ouest (CENOZO) a tenu le 28 avril 2023 \u00e0 Niamey au Niger une Assembl\u00e9e g\u00e9n\u00e9rale extraordinaire en marge de la Conf\u00e9rence r\u00e9gionale sur l\u2019impact du journalisme d\u2019investigation sur la lutte contre la corruption en Afrique de l\u2019Ouest.Cette Assembl\u00e9e [&hellip;]<\/p>\n","protected":false},"author":1,"featured_media":673,"comment_status":"open","ping_status":"open","sticky":false,"template":"","format":"standard","meta":{"site-sidebar-layout":"default","site-content-layout":"","ast-site-content-layout":"","site-content-style":"default","site-sidebar-style":"default","ast-global-header-display":"","ast-banner-title-visibility":"","ast-main-header-display":"","ast-hfb-above-header-display":"","ast-hfb-below-header-display":"","ast-hfb-mobile-header-display":"","site-post-title":"","ast-breadcrumbs-content":"","ast-featured-img":"","footer-sml-layout":"","theme-transparent-header-meta":"","adv-header-id-meta":"","stick-header-meta":"","header-above-stick-meta":"","header-main-stick-meta":"","header-below-stick-meta":"","astra-migrate-meta-layouts":"default","ast-page-background-enabled":"default","ast-page-background-meta":{"desktop":{"background-color":"var(--ast-global-color-4)","background-image":"","background-repeat":"repeat","background-position":"center center","background-size":"auto","background-attachment":"scroll","background-type":"","background-media":"","overlay-type":"","overlay-color":"","overlay-opacity":"","overlay-gradient":""},"tablet":{"background-color":"","background-image":"","background-repeat":"repeat","background-position":"center center","background-size":"auto","background-attachment":"scroll","background-type":"","background-media":"","overlay-type":"","overlay-color":"","overlay-opacity":"","overlay-gradient":""},"mobile":{"background-color":"","background-image":"","background-repeat":"repeat","background-position":"center center","background-size":"auto","background-attachment":"scroll","background-type":"","background-media":"","overlay-type":"","overlay-color":"","overlay-opacity":"","overlay-gradient":""}},"ast-content-background-meta":{"desktop":{"background-color":"var(--ast-global-color-5)","background-image":"","background-repeat":"repeat","background-position":"center center","background-size":"auto","background-attachment":"scroll","background-type":"","background-media":"","overlay-type":"","overlay-color":"","overlay-opacity":"","overlay-gradient":""},"tablet":{"background-color":"var(--ast-global-color-5)","background-image":"","background-repeat":"repeat","background-position":"center center","background-size":"auto","background-attachment":"scroll","background-type":"","background-media":"","overlay-type":"","overlay-color":"","overlay-opacity":"","overlay-gradient":""},"mobile":{"background-color":"var(--ast-global-color-5)","background-image":"","background-repeat":"repeat","background-position":"center center","background-size":"auto","background-attachment":"scroll","background-type":"","background-media":"","overlay-type":"","overlay-color":"","overlay-opacity":"","overlay-gradient":""}},"footnotes":""},"categories":[9],"tags":[],"class_list":["post-823","post","type-post","status-publish","format-standard","has-post-thumbnail","hentry","category-politique"],"_links":{"self":[{"href":"https:\/\/lesoleil.bf\/index.php\/wp-json\/wp\/v2\/posts\/823","targetHints":{"allow":["GET"]}}],"collection":[{"href":"https:\/\/lesoleil.bf\/index.php\/wp-json\/wp\/v2\/posts"}],"about":[{"href":"https:\/\/lesoleil.bf\/index.php\/wp-json\/wp\/v2\/types\/post"}],"author":[{"embeddable":true,"href":"https:\/\/lesoleil.bf\/index.php\/wp-json\/wp\/v2\/users\/1"}],"replies":[{"embeddable":true,"href":"https:\/\/lesoleil.bf\/index.php\/wp-json\/wp\/v2\/comments?post=823"}],"version-history":[{"count":1,"href":"https:\/\/lesoleil.bf\/index.php\/wp-json\/wp\/v2\/posts\/823\/revisions"}],"predecessor-version":[{"id":824,"href":"https:\/\/lesoleil.bf\/index.php\/wp-json\/wp\/v2\/posts\/823\/revisions\/824"}],"wp:featuredmedia":[{"embeddable":true,"href":"https:\/\/lesoleil.bf\/index.php\/wp-json\/wp\/v2\/media\/673"}],"wp:attachment":[{"href":"https:\/\/lesoleil.bf\/index.php\/wp-json\/wp\/v2\/media?parent=823"}],"wp:term":[{"taxonomy":"category","embeddable":true,"href":"https:\/\/lesoleil.bf\/index.php\/wp-json\/wp\/v2\/categories?post=823"},{"taxonomy":"post_tag","embeddable":true,"href":"https:\/\/lesoleil.bf\/index.php\/wp-json\/wp\/v2\/tags?post=823"}],"curies":[{"name":"wp","href":"https:\/\/api.w.org\/{rel}","templated":true}]}}