{"id":814,"date":"2023-04-20T09:28:39","date_gmt":"2023-04-20T09:28:39","guid":{"rendered":"https:\/\/lesoleil.bf\/?p=814"},"modified":"2023-04-20T09:28:40","modified_gmt":"2023-04-20T09:28:40","slug":"galilee-a-sag-niniogo-2","status":"publish","type":"post","link":"https:\/\/lesoleil.bf\/index.php\/2023\/04\/20\/galilee-a-sag-niniogo-2\/","title":{"rendered":"Galil\u00e9e \u00e0 SAG &#8211; Niniogo"},"content":{"rendered":"\n<p>Galil\u00e9e \u00e0 SAG-Niniogo<\/p>\n\n\n\n<p>Les dons pour la nouvelle \u00c9glise attendus\u2026<\/p>\n\n\n\n<p>Les fid\u00e8les chr\u00e9tiens du Burkina et les convives de la f\u00eate de la Galil\u00e9e se sont donn\u00e9s rendez-vous ce 16 avril 2023 dans le village de SAG-NINIOGO ( Commune de Pabre et paroisse de Donsin).<br>Comme \u00e0 l&rsquo;accoutum\u00e9e, une semaine apr\u00e8s P\u00e2ques, les fils et filles dudit village se sont r\u00e9unis en action de gr\u00e2ces \u00e0 la faveur du dimanche de la divine mis\u00e9ricorde.<br>A l&rsquo;occasion, c&rsquo;est \u00e0 une v\u00e9ritable union de pri\u00e8re auquel les Chr\u00e9tiens se sont livr\u00e9s. A Diebougou, Tengandogo au Burkina comme au Vatican, les croyants et croyantes disent merci au Tout-puissant et se soumettent \u00e0 sa Cl\u00e9mence divine.<br>Dans la nouvelle chapelle du village, c&rsquo;est \u00e0 un appel \u00e0 la solidarit\u00e9 et \u00e0 l&rsquo;approfondissement de la foi que les fid\u00e8les ont eu droit de la part du pr\u00eatre-celebrant, l&rsquo;Abbe Olivier Compaor\u00e9, Cur\u00e9 de la paroisse de Donsin.<br>Les dons attendus pour proc\u00e9der \u00e0 l&rsquo;inauguration de l&rsquo;Eglise n&rsquo;ont pas suivis mais les bonnes volont\u00e9s n&rsquo;ont pas manqu\u00e9es. En exemple, la promesse renouvel\u00e9e des fils et filles de Maman Johanna Ilboudo. Ces &lt;&gt; n&rsquo;ont pas jet\u00e9 l&rsquo;\u00e9ponge face aux difficult\u00e9s. Malgr\u00e9 les arbres nagu\u00e8re offerts qui n&rsquo;ont pas, pour la plupart surv\u00e9cus, promesse a \u00e9t\u00e9 encore faite que l&rsquo;\u00e9cologie sera encore au coeur des prochains dons. Les donateurs du jour ont, outre ce pacte fait, promis davantage de chaises pour la belle chapelle du village. Un lustre qui peut s&rsquo;am\u00e9liorer si les chaises et les promesses des fils et filles vivants au Burkina et \u00e0 l&rsquo;\u00e9tranger voient une r\u00e9elle mise en oeuvre.<br>Vivement de beaux objets liturgiques aux c\u00f4t\u00e9s de la vigoureuse croix du Christ qui elle a fait l&rsquo;objet de b\u00e9n\u00e9diction.<br>Le boulet est-il aussi insurmontable?<br>Apr\u00e8s cette belle kermesse d&rsquo;apr\u00e8s messe, il faut se le dire, le compte \u00e0 rebours a commenc\u00e9. Al\u00e9a jacta est. A l&rsquo;ann\u00e9e prochaine pour une belle c\u00e9l\u00e9bration !<\/p>\n\n\n\n<p>Camille OUEDRAOGO pour www.lesoleil.bf<\/p>\n\n\n\n<p>Encadr\u00e9 : En rappel, la premi\u00e8re F\u00eate de la Divine Mis\u00e9ricorde pour toute l\u2019Eglise \u2013 institu\u00e9e par saint Jean-Paul II le 30 avril 2000 \u00e0 l\u2019occasion de la canonisation de S\u0153ur Faustine.* <em>Elle est depuis c\u00e9l\u00e9br\u00e9e tous les ans, conform\u00e9ment aux demandes du Seigneur, le premier Dimanche apr\u00e8s P\u00e2ques<\/em>.<\/p>\n\n\n\n<p><em>Le Dimanche de la Mis\u00e9ricorde<\/em><\/p>\n\n\n\n<p><em>J\u00e9sus disait \u00e0 Sr Faustine : \u201d Ma fille, parle au monde entier de mon inconcevable Mis\u00e9ricorde. Je d\u00e9sire que la F\u00eate de la Mis\u00e9ricorde soit le recours et le refuge pour toutes les \u00e2mes, et surtout pour les pauvres p\u00e9cheurs. En ce jour les entrailles de ma Mis\u00e9ricorde sont ouvertes, je d\u00e9verse tout un oc\u00e9an de gr\u00e2ces sur les \u00e2mes qui s\u2019approcheront de la source de ma mis\u00e9ricorde ; toute \u00e2me qui se confessera (dans les huit jours qui pr\u00e9c\u00e8dent ou suivent ce Dimanche de la Mis\u00e9ricorde) et communiera, recevra le pardon complet de ses fautes et la remise de leur peine ; en ce jour sont ouvertes toutes les sources divines par lesquelles s\u2019\u00e9coulent les gr\u00e2ces ; qu\u2019aucune \u00e2me n\u2019ait peur de s\u2019approcher de moi, m\u00eame si ses p\u00e9ch\u00e9s sont comme l\u2019\u00e9carlate. [\u2026] La F\u00eate de la Mis\u00e9ricorde est issue de mes entrailles, je d\u00e9sire qu\u2019elle soit f\u00eat\u00e9e solennellement le premier dimanche apr\u00e8s P\u00e2ques. Le genre humain ne trouvera pas la paix tant qu\u2019il ne se tournera pas vers la source de ma Mis\u00e9ricorde<\/em>. \u201d (Petit Journal, \u00a7 699).<\/p>\n\n\n\n<p><em>Le Sacrement de la Confession<\/em><\/p>\n\n\n\n<p><em>\u201d Ma fille, quand tu t\u2019approches de la Sainte Confession, de cette source de ma Mis\u00e9ricorde, le Sang et l\u2019Eau qui sont sortis de mon Coeur se d\u00e9versent sur ton \u00e2me et l\u2019ennoblissent. Chaque fois que tu te confesses, plonge-toi tout enti\u00e8re dans ma Mis\u00e9ricorde avec grande confiance, pour que je puisse r\u00e9pandre en ton \u00e2me toutes les largesses de ma gr\u00e2ce. Quand tu vas te confesser, sache que c\u2019est moi-m\u00eame qui t\u2019attends dans le confessionnal. Je ne fais que me cacher derri\u00e8re le pr\u00eatre, mais c\u2019est moi seul qui agis dans l\u2019\u00e2me. Ici, la mis\u00e8re de l\u2019\u00e2me rencontre le Dieu de Mis\u00e9ricorde. Dis aux \u00e2mes qu\u2019\u00e0 cette source de Mis\u00e9ricorde elles ne puisent qu\u2019avec le vase de la confiance. Lorsque leur confiance est grande, il n\u2019y a pas de borne \u00e0 mes largesses. Les torrents de ma gr\u00e2ce inondent les \u00e2mes humbles. Les orgueilleux seront toujours dans la mis\u00e8re et la pauvret\u00e9 car ma gr\u00e2ce se d\u00e9tourne d\u2019eux pour aller vers les \u00e2mes humbles. \u201d (\u00a7 1602)<\/em><\/p>\n\n\n\n<p>\u201d *Dis aux \u00e2mes qu\u2019elles doivent chercher la consolation au tribunal de la Mis\u00e9ricorde. L\u00e0, les plus grands miracles se renouvellent sans cesse\u2026 Il suffit de se jeter avec foi aux pieds de celui qui tient ma place, de lui dire sa mis\u00e8re, et le miracle de la Divine Mis\u00e9ricorde se manifestera dans toute sa pl\u00e9nitude. M\u00eame si cette \u00e2me \u00e9tait comme un cadavre en d\u00e9composition et m\u00eame si, humainement parlant, il n\u2019y avait plus aucun espoir de retour \u00e0 la vie et que tout semblait perdu, il n\u2019en est pas ainsi pour Dieu : *le miracle de la Divine Mis\u00e9ricorde rendra la vie \u00e0 cette \u00e2me dans toute sa pl\u00e9nitude* .<br><em>Oh ! malheureux qui ne profitez pas maintenant de ce miracle de la Divine Mis\u00e9ricorde, en vain vous appellerez, il sera d\u00e9j\u00e0 trop tard ! \u201d (\u00a7 1448)<\/em><\/p>\n\n\n\n<figure class=\"wp-block-gallery has-nested-images columns-default is-cropped wp-block-gallery-1 is-layout-flex wp-block-gallery-is-layout-flex\">\n<figure class=\"wp-block-image size-large\"><img loading=\"lazy\" decoding=\"async\" width=\"1024\" height=\"768\" data-id=\"816\" src=\"https:\/\/lesoleil.bf\/wp-content\/uploads\/2023\/04\/A15FAA5E-33BE-4CCF-A822-907CD9D447F0-1024x768.jpeg\" alt=\"\" class=\"wp-image-816\" srcset=\"https:\/\/lesoleil.bf\/wp-content\/uploads\/2023\/04\/A15FAA5E-33BE-4CCF-A822-907CD9D447F0-1024x768.jpeg 1024w, https:\/\/lesoleil.bf\/wp-content\/uploads\/2023\/04\/A15FAA5E-33BE-4CCF-A822-907CD9D447F0-300x225.jpeg 300w, https:\/\/lesoleil.bf\/wp-content\/uploads\/2023\/04\/A15FAA5E-33BE-4CCF-A822-907CD9D447F0-768x576.jpeg 768w, https:\/\/lesoleil.bf\/wp-content\/uploads\/2023\/04\/A15FAA5E-33BE-4CCF-A822-907CD9D447F0.jpeg 1040w\" sizes=\"auto, (max-width: 1024px) 100vw, 1024px\" \/><\/figure>\n\n\n\n<figure class=\"wp-block-image size-large\"><img loading=\"lazy\" decoding=\"async\" width=\"1024\" height=\"768\" data-id=\"817\" src=\"https:\/\/lesoleil.bf\/wp-content\/uploads\/2023\/04\/4912FC66-2490-4DB2-8AF0-8D9CAFD25A6D-1024x768.jpeg\" alt=\"\" class=\"wp-image-817\" srcset=\"https:\/\/lesoleil.bf\/wp-content\/uploads\/2023\/04\/4912FC66-2490-4DB2-8AF0-8D9CAFD25A6D-1024x768.jpeg 1024w, https:\/\/lesoleil.bf\/wp-content\/uploads\/2023\/04\/4912FC66-2490-4DB2-8AF0-8D9CAFD25A6D-300x225.jpeg 300w, https:\/\/lesoleil.bf\/wp-content\/uploads\/2023\/04\/4912FC66-2490-4DB2-8AF0-8D9CAFD25A6D-768x576.jpeg 768w, https:\/\/lesoleil.bf\/wp-content\/uploads\/2023\/04\/4912FC66-2490-4DB2-8AF0-8D9CAFD25A6D.jpeg 1040w\" sizes=\"auto, (max-width: 1024px) 100vw, 1024px\" \/><\/figure>\n\n\n\n<figure class=\"wp-block-image size-large\"><img loading=\"lazy\" decoding=\"async\" width=\"1024\" height=\"768\" data-id=\"815\" src=\"https:\/\/lesoleil.bf\/wp-content\/uploads\/2023\/04\/A978187D-3930-4BC1-BCBC-736CE21CECD2-1024x768.jpeg\" alt=\"\" class=\"wp-image-815\" srcset=\"https:\/\/lesoleil.bf\/wp-content\/uploads\/2023\/04\/A978187D-3930-4BC1-BCBC-736CE21CECD2-1024x768.jpeg 1024w, https:\/\/lesoleil.bf\/wp-content\/uploads\/2023\/04\/A978187D-3930-4BC1-BCBC-736CE21CECD2-300x225.jpeg 300w, https:\/\/lesoleil.bf\/wp-content\/uploads\/2023\/04\/A978187D-3930-4BC1-BCBC-736CE21CECD2-768x576.jpeg 768w, https:\/\/lesoleil.bf\/wp-content\/uploads\/2023\/04\/A978187D-3930-4BC1-BCBC-736CE21CECD2.jpeg 1040w\" sizes=\"auto, (max-width: 1024px) 100vw, 1024px\" \/><\/figure>\n<\/figure>\n","protected":false},"excerpt":{"rendered":"<p>Galil\u00e9e \u00e0 SAG-Niniogo Les dons pour la nouvelle \u00c9glise attendus\u2026 Les fid\u00e8les chr\u00e9tiens du Burkina et les convives de la f\u00eate de la Galil\u00e9e se sont donn\u00e9s rendez-vous ce 16 avril 2023 dans le village de SAG-NINIOGO ( Commune de Pabre et paroisse de Donsin).Comme \u00e0 l&rsquo;accoutum\u00e9e, une semaine apr\u00e8s P\u00e2ques, les fils et filles [&hellip;]<\/p>\n","protected":false},"author":1,"featured_media":0,"comment_status":"open","ping_status":"open","sticky":false,"template":"","format":"standard","meta":{"site-sidebar-layout":"default","site-content-layout":"","ast-site-content-layout":"","site-content-style":"default","site-sidebar-style":"default","ast-global-header-display":"","ast-banner-title-visibility":"","ast-main-header-display":"","ast-hfb-above-header-display":"","ast-hfb-below-header-display":"","ast-hfb-mobile-header-display":"","site-post-title":"","ast-breadcrumbs-content":"","ast-featured-img":"","footer-sml-layout":"","theme-transparent-header-meta":"","adv-header-id-meta":"","stick-header-meta":"","header-above-stick-meta":"","header-main-stick-meta":"","header-below-stick-meta":"","astra-migrate-meta-layouts":"default","ast-page-background-enabled":"default","ast-page-background-meta":{"desktop":{"background-color":"var(--ast-global-color-4)","background-image":"","background-repeat":"repeat","background-position":"center center","background-size":"auto","background-attachment":"scroll","background-type":"","background-media":"","overlay-type":"","overlay-color":"","overlay-opacity":"","overlay-gradient":""},"tablet":{"background-color":"","background-image":"","background-repeat":"repeat","background-position":"center center","background-size":"auto","background-attachment":"scroll","background-type":"","background-media":"","overlay-type":"","overlay-color":"","overlay-opacity":"","overlay-gradient":""},"mobile":{"background-color":"","background-image":"","background-repeat":"repeat","background-position":"center center","background-size":"auto","background-attachment":"scroll","background-type":"","background-media":"","overlay-type":"","overlay-color":"","overlay-opacity":"","overlay-gradient":""}},"ast-content-background-meta":{"desktop":{"background-color":"var(--ast-global-color-5)","background-image":"","background-repeat":"repeat","background-position":"center center","background-size":"auto","background-attachment":"scroll","background-type":"","background-media":"","overlay-type":"","overlay-color":"","overlay-opacity":"","overlay-gradient":""},"tablet":{"background-color":"var(--ast-global-color-5)","background-image":"","background-repeat":"repeat","background-position":"center center","background-size":"auto","background-attachment":"scroll","background-type":"","background-media":"","overlay-type":"","overlay-color":"","overlay-opacity":"","overlay-gradient":""},"mobile":{"background-color":"var(--ast-global-color-5)","background-image":"","background-repeat":"repeat","background-position":"center center","background-size":"auto","background-attachment":"scroll","background-type":"","background-media":"","overlay-type":"","overlay-color":"","overlay-opacity":"","overlay-gradient":""}},"footnotes":""},"categories":[3],"tags":[],"class_list":["post-814","post","type-post","status-publish","format-standard","hentry","category-actualite"],"_links":{"self":[{"href":"https:\/\/lesoleil.bf\/index.php\/wp-json\/wp\/v2\/posts\/814","targetHints":{"allow":["GET"]}}],"collection":[{"href":"https:\/\/lesoleil.bf\/index.php\/wp-json\/wp\/v2\/posts"}],"about":[{"href":"https:\/\/lesoleil.bf\/index.php\/wp-json\/wp\/v2\/types\/post"}],"author":[{"embeddable":true,"href":"https:\/\/lesoleil.bf\/index.php\/wp-json\/wp\/v2\/users\/1"}],"replies":[{"embeddable":true,"href":"https:\/\/lesoleil.bf\/index.php\/wp-json\/wp\/v2\/comments?post=814"}],"version-history":[{"count":1,"href":"https:\/\/lesoleil.bf\/index.php\/wp-json\/wp\/v2\/posts\/814\/revisions"}],"predecessor-version":[{"id":818,"href":"https:\/\/lesoleil.bf\/index.php\/wp-json\/wp\/v2\/posts\/814\/revisions\/818"}],"wp:attachment":[{"href":"https:\/\/lesoleil.bf\/index.php\/wp-json\/wp\/v2\/media?parent=814"}],"wp:term":[{"taxonomy":"category","embeddable":true,"href":"https:\/\/lesoleil.bf\/index.php\/wp-json\/wp\/v2\/categories?post=814"},{"taxonomy":"post_tag","embeddable":true,"href":"https:\/\/lesoleil.bf\/index.php\/wp-json\/wp\/v2\/tags?post=814"}],"curies":[{"name":"wp","href":"https:\/\/api.w.org\/{rel}","templated":true}]}}