{"id":806,"date":"2023-03-21T13:49:54","date_gmt":"2023-03-21T13:49:54","guid":{"rendered":"https:\/\/lesoleil.bf\/?p=806"},"modified":"2023-03-21T13:49:57","modified_gmt":"2023-03-21T13:49:57","slug":"solidarite-nationale-tel-le-colibri-lugbb-fait-sa-part-solidarite-nationale","status":"publish","type":"post","link":"https:\/\/lesoleil.bf\/index.php\/2023\/03\/21\/solidarite-nationale-tel-le-colibri-lugbb-fait-sa-part-solidarite-nationale\/","title":{"rendered":"Solidarit\u00e9 Nationale : Tel le colibri, l&rsquo;UGBB fait sa part Solidarit\u00e9 Nationale"},"content":{"rendered":"\n<p>Des bidons d&rsquo;huile, des cartons de savon,des sacs de riz&#8230;c&rsquo;est la substance du don de l&rsquo;Union des Groupes bibliques du Burkina.<\/p>\n\n\n\n<p>&lt;&lt;Ensemble en Christ en mission dans les coll\u00e8ges, lyc\u00e9e et les universit\u00e9s&gt;&gt;, c&rsquo;est sous ce th\u00e8me que l&rsquo;UGBB a clotur\u00e9 son mois le dimanche 13 mars dernier. Pr\u00e9sentation des activit\u00e9s r\u00e9alis\u00e9es par ses membres durant l&rsquo;ann\u00e9e \u00e9coul\u00e9e, perspectives ont meubl\u00e9 ce mois-bilan.Des actions rendues possibles gr\u00e2ce aux soutiens en nature comme en esp\u00e8ces de certains partenaires tels l&rsquo;Eglise des Assembl\u00e9es de Dieu de Gounghin. Le projet t\u00e9l\u00e9thon, le partenariat avec l&rsquo;ong ACTED et le centre d&rsquo;\u00e9vang\u00e9lisation sont des acquis. Selon les responsables de l&rsquo;UGBB plus de quatre cent \u00e9l\u00e8ves et \u00e9tudiants ont \u00e9t\u00e9 convertis, de nouveaux groupes ont \u00e9t\u00e9 cr\u00e9\u00e9s,des centres de sant\u00e9 ont \u00e9t\u00e9 visit\u00e9s suivies de s\u00e9ances de dons de sang. A l&rsquo;occasion de cette c\u00e9r\u00e9monie de cl\u00f4ture, divers dons ont \u00e9t\u00e9 faits \u00e0 l&rsquo;endroit des Personnes d\u00e9plac\u00e9es internes dans les r\u00e9gions d&rsquo;ins\u00e9curit\u00e9 telles l&rsquo;est,le nord,le centre nord,le sahel et la Boucle du mouhoun. Geste compos\u00e9 de sacs de riz,bde bidons d&rsquo;huile,des bourses d&rsquo;\u00e9tudes et de moyens de deplacement. Ce rendez vous qui se veut un devoir de redevabilite est un espace de plaidoyer \u00e0 l&rsquo;endroit d&rsquo;autres bonnes volont\u00e9s afin d&rsquo;aider l&rsquo;UGBB \u00e0 promouvoir ses actions dans les diff\u00e9rents lyc\u00e9es, coll\u00e8ges et universit\u00e9s du Burkina.<\/p>\n\n\n\n<p>Pour la memoire, l&rsquo;Union est un mouvement \u00e9vang\u00e9lique interdominationnel qui regroupe les \u00e9l\u00e8ves, \u00e9tudiants et des travailleurs issus des diff\u00e9rentes \u00e9glises \u00e9vang\u00e9liques du Burkina. Cr\u00e9ee en 1972 elle a et\u00e9 officiellement reconnue le 5 fevrier 1986. Son objectif premier est de participer \u00e0 former des citoyens honn\u00eates et int\u00e8gres qui oeuvrent efficacement au d\u00e9veloppement de l&rsquo;universit\u00e9, de l&rsquo;\u00e9glise et toute la soci\u00e9t\u00e9.. l&rsquo;Union est pr\u00e9sente dans toutes les regions.<\/p>\n\n\n\n<p>Idriss Vie BAYILI pour lesoleilbfnews et&nbsp;<a href=\"http:\/\/www.lesoleil.bf\/\" target=\"_blank\" rel=\"noreferrer noopener\">www.lesoleil.bf<\/a><\/p>\n\n\n\n<p><a href=\"https:\/\/web.facebook.com\/photo.php?fbid=754073702796215&amp;set=pcb.754081819462070&amp;type=3&amp;__tn__=HH-R&amp;eid=ARBfriHfuWl304nZwVTggGNRzATBrafWQaj8TPFvOCljEgqjS0tSCJCLE7niFz43cwesvG2jBRt8Q5_8&amp;__xts__%5B0%5D=68.ARAuMwzh4i8BSOMoe6c4HiDXsn_qv0bmu64FIwtthagJ3aFfUfEI8Jj4OtUl2tZQINCuJG8J6rQyR9nWbaCnfwDUgJ2Fjrlc-Wj2z0DHw6wk0L6C1Ogr_dPzYZRZ-zvHnX8ipBVlLm3SjW8XSa9VCRhRGOpgdI7Sszmy7pTw4ysCjE7XOj5RKRuU9Qskzxp0rGEKuLppv9fEwHKahjVzMNwbUksyux06puLYMarz6IpGG3jcugiibLoXkgnZN5TDxS_Hku9Wnf7IS-rSIVh3ym83URmRktgjHLqfLyJ5DphOaxf-Dwg\"><\/a><\/p>\n\n\n\n<figure class=\"wp-block-image size-large\"><img loading=\"lazy\" decoding=\"async\" width=\"1024\" height=\"768\" src=\"https:\/\/lesoleil.bf\/wp-content\/uploads\/2023\/03\/IMAGE-SOLIDARITE-1024x768.jpg\" alt=\"\" class=\"wp-image-807\" srcset=\"https:\/\/lesoleil.bf\/wp-content\/uploads\/2023\/03\/IMAGE-SOLIDARITE-1024x768.jpg 1024w, https:\/\/lesoleil.bf\/wp-content\/uploads\/2023\/03\/IMAGE-SOLIDARITE-300x225.jpg 300w, https:\/\/lesoleil.bf\/wp-content\/uploads\/2023\/03\/IMAGE-SOLIDARITE-768x576.jpg 768w, https:\/\/lesoleil.bf\/wp-content\/uploads\/2023\/03\/IMAGE-SOLIDARITE.jpg 1280w\" sizes=\"auto, (max-width: 1024px) 100vw, 1024px\" \/><\/figure>\n","protected":false},"excerpt":{"rendered":"<p>Des bidons d&rsquo;huile, des cartons de savon,des sacs de riz&#8230;c&rsquo;est la substance du don de l&rsquo;Union des Groupes bibliques du Burkina. &lt;&lt;Ensemble en Christ en mission dans les coll\u00e8ges, lyc\u00e9e et les universit\u00e9s&gt;&gt;, c&rsquo;est sous ce th\u00e8me que l&rsquo;UGBB a clotur\u00e9 son mois le dimanche 13 mars dernier. Pr\u00e9sentation des activit\u00e9s r\u00e9alis\u00e9es par ses membres [&hellip;]<\/p>\n","protected":false},"author":1,"featured_media":808,"comment_status":"open","ping_status":"open","sticky":false,"template":"","format":"standard","meta":{"site-sidebar-layout":"default","site-content-layout":"","ast-site-content-layout":"","site-content-style":"default","site-sidebar-style":"default","ast-global-header-display":"","ast-banner-title-visibility":"","ast-main-header-display":"","ast-hfb-above-header-display":"","ast-hfb-below-header-display":"","ast-hfb-mobile-header-display":"","site-post-title":"","ast-breadcrumbs-content":"","ast-featured-img":"","footer-sml-layout":"","theme-transparent-header-meta":"","adv-header-id-meta":"","stick-header-meta":"","header-above-stick-meta":"","header-main-stick-meta":"","header-below-stick-meta":"","astra-migrate-meta-layouts":"default","ast-page-background-enabled":"default","ast-page-background-meta":{"desktop":{"background-color":"var(--ast-global-color-4)","background-image":"","background-repeat":"repeat","background-position":"center center","background-size":"auto","background-attachment":"scroll","background-type":"","background-media":"","overlay-type":"","overlay-color":"","overlay-opacity":"","overlay-gradient":""},"tablet":{"background-color":"","background-image":"","background-repeat":"repeat","background-position":"center center","background-size":"auto","background-attachment":"scroll","background-type":"","background-media":"","overlay-type":"","overlay-color":"","overlay-opacity":"","overlay-gradient":""},"mobile":{"background-color":"","background-image":"","background-repeat":"repeat","background-position":"center center","background-size":"auto","background-attachment":"scroll","background-type":"","background-media":"","overlay-type":"","overlay-color":"","overlay-opacity":"","overlay-gradient":""}},"ast-content-background-meta":{"desktop":{"background-color":"var(--ast-global-color-5)","background-image":"","background-repeat":"repeat","background-position":"center center","background-size":"auto","background-attachment":"scroll","background-type":"","background-media":"","overlay-type":"","overlay-color":"","overlay-opacity":"","overlay-gradient":""},"tablet":{"background-color":"var(--ast-global-color-5)","background-image":"","background-repeat":"repeat","background-position":"center center","background-size":"auto","background-attachment":"scroll","background-type":"","background-media":"","overlay-type":"","overlay-color":"","overlay-opacity":"","overlay-gradient":""},"mobile":{"background-color":"var(--ast-global-color-5)","background-image":"","background-repeat":"repeat","background-position":"center center","background-size":"auto","background-attachment":"scroll","background-type":"","background-media":"","overlay-type":"","overlay-color":"","overlay-opacity":"","overlay-gradient":""}},"footnotes":""},"categories":[9,4],"tags":[16,18],"class_list":["post-806","post","type-post","status-publish","format-standard","has-post-thumbnail","hentry","category-politique","category-societe","tag-pdi","tag-solidarite"],"_links":{"self":[{"href":"https:\/\/lesoleil.bf\/index.php\/wp-json\/wp\/v2\/posts\/806","targetHints":{"allow":["GET"]}}],"collection":[{"href":"https:\/\/lesoleil.bf\/index.php\/wp-json\/wp\/v2\/posts"}],"about":[{"href":"https:\/\/lesoleil.bf\/index.php\/wp-json\/wp\/v2\/types\/post"}],"author":[{"embeddable":true,"href":"https:\/\/lesoleil.bf\/index.php\/wp-json\/wp\/v2\/users\/1"}],"replies":[{"embeddable":true,"href":"https:\/\/lesoleil.bf\/index.php\/wp-json\/wp\/v2\/comments?post=806"}],"version-history":[{"count":1,"href":"https:\/\/lesoleil.bf\/index.php\/wp-json\/wp\/v2\/posts\/806\/revisions"}],"predecessor-version":[{"id":809,"href":"https:\/\/lesoleil.bf\/index.php\/wp-json\/wp\/v2\/posts\/806\/revisions\/809"}],"wp:featuredmedia":[{"embeddable":true,"href":"https:\/\/lesoleil.bf\/index.php\/wp-json\/wp\/v2\/media\/808"}],"wp:attachment":[{"href":"https:\/\/lesoleil.bf\/index.php\/wp-json\/wp\/v2\/media?parent=806"}],"wp:term":[{"taxonomy":"category","embeddable":true,"href":"https:\/\/lesoleil.bf\/index.php\/wp-json\/wp\/v2\/categories?post=806"},{"taxonomy":"post_tag","embeddable":true,"href":"https:\/\/lesoleil.bf\/index.php\/wp-json\/wp\/v2\/tags?post=806"}],"curies":[{"name":"wp","href":"https:\/\/api.w.org\/{rel}","templated":true}]}}