{"id":798,"date":"2023-03-15T19:44:41","date_gmt":"2023-03-15T19:44:41","guid":{"rendered":"https:\/\/lesoleil.bf\/?p=798"},"modified":"2023-03-15T19:44:42","modified_gmt":"2023-03-15T19:44:42","slug":"fete-coutumiere-de-naaba-saaga-de-gampela","status":"publish","type":"post","link":"https:\/\/lesoleil.bf\/index.php\/2023\/03\/15\/fete-coutumiere-de-naaba-saaga-de-gampela\/","title":{"rendered":"F\u00eate coutumi\u00e8re de Naaba Saaga de Gampela"},"content":{"rendered":"\n<p>Ils ont dit &#8230;<\/p>\n\n\n\n<p>Koulouba Naaba Tanga 2 : \u00ab&nbsp;Nous sommes venus \u00e0 la t\u00eate d&rsquo;une d\u00e9l\u00e9gation de Chefs pour honorer le Chef de Gampela. Mais avant tous propos nos hommages au Mogho Naaba Baongho 2 de Ouagadougou qui nous a charg\u00e9 de transmettre ses salutations et consignes au Chef de Canton de Gampela.<\/p>\n\n\n\n<p>Le Nabasga est un jour honorable pour demander aux anc\u00eatres la paix, la s\u00e9r\u00e9nit\u00e9, la coh\u00e9sion sociale et un bon vivre-ensemble. Le Chef de Gampela a honor\u00e9 ce rendez-vous en nous r\u00e9unissant aujourd&rsquo;hui pour demander les bonnes gr\u00e2ces des anc\u00eatres. Nous sommes venus donc le saluer, le f\u00e9liciter dans un \u00e9lan de solidarit\u00e9 de tous les chefs coutumiers pr\u00e9sents ici et\/ou qui ont d\u00e9l\u00e9gu\u00e9 des repr\u00e9sentants du fait d&#8217;emp\u00eachements divers.<\/p>\n\n\n\n<p>Notre souhait sur l&rsquo;ensemble du territoire national c&rsquo;est que la paix r\u00e8gne toujours. C&rsquo;est du reste la quintessence du message du Mogho Naaba Baongho de Ouagadougou. En plus de cela, il souhaite que nous puissions transmettre au plus jeunes les valeurs ancestrales positives afin qu&rsquo;ils puissent \u00eatre des dirigeants de demain patriotes et travailleurs&nbsp;\u00bb.<\/p>\n\n\n\n<p>Razang Naaba de Boudri : \u00ab&nbsp;C&rsquo;est un joie d&rsquo;\u00eatre l\u00e0 ce matin. Cela t\u00e9moigne de la volont\u00e9 des fils et filles de Gampela de perp\u00e9tuer la Tradition. Le respect de la Tradition est en effet, le socle de tout d\u00e9veloppement. Que l&rsquo;on soit d&rsquo;une religion ou d&rsquo;une autre dite r\u00e9v\u00e9l\u00e9e, l&rsquo;on ne peut nier l&rsquo;ant\u00e9riorit\u00e9 et surtout l&rsquo;esprit d&rsquo;ouverture des adeptes de la religion traditionnelle. La religion traditionnelle a admis les autres religions et cela est une preuve de sa grandeur&nbsp;\u00bb.<\/p>\n\n\n\n<p>Joseph Dipama, fils de la localit\u00e9 et ex Maire : \u00ab&nbsp;C&rsquo;est une r\u00e9elle joie d&rsquo;\u00eatre pr\u00e9sent. Nous sommes venu honorer le Chef en tant que fils de la localit\u00e9. La Culture est le socle de notre vivre-ensemble et le fondement de notre histoire. C&rsquo;est pourquoi toute personne qui ne conna\u00eet pas et ne perp\u00e9tue pas sa culture est sans rep\u00e8re&nbsp;\u00bb.<\/p>\n\n\n\n<p>Propos recueillis par Roger SAWADOGO lesoleil.bf<\/p>\n\n\n\n<figure class=\"wp-block-image size-full is-resized\"><img loading=\"lazy\" decoding=\"async\" src=\"https:\/\/lesoleil.bf\/wp-content\/uploads\/2023\/03\/Fete-naba-3.jpg\" alt=\"\" class=\"wp-image-799\" width=\"734\" height=\"550\" srcset=\"https:\/\/lesoleil.bf\/wp-content\/uploads\/2023\/03\/Fete-naba-3.jpg 992w, https:\/\/lesoleil.bf\/wp-content\/uploads\/2023\/03\/Fete-naba-3-300x225.jpg 300w, https:\/\/lesoleil.bf\/wp-content\/uploads\/2023\/03\/Fete-naba-3-768x576.jpg 768w\" sizes=\"auto, (max-width: 734px) 100vw, 734px\" \/><\/figure>\n\n\n\n<figure class=\"wp-block-image size-full is-resized\"><img loading=\"lazy\" decoding=\"async\" src=\"https:\/\/lesoleil.bf\/wp-content\/uploads\/2023\/03\/Fete-1.jpg\" alt=\"\" class=\"wp-image-800\" width=\"735\" height=\"552\" srcset=\"https:\/\/lesoleil.bf\/wp-content\/uploads\/2023\/03\/Fete-1.jpg 600w, https:\/\/lesoleil.bf\/wp-content\/uploads\/2023\/03\/Fete-1-300x225.jpg 300w\" sizes=\"auto, (max-width: 735px) 100vw, 735px\" \/><\/figure>\n","protected":false},"excerpt":{"rendered":"<p>Ils ont dit &#8230; Koulouba Naaba Tanga 2 : \u00ab&nbsp;Nous sommes venus \u00e0 la t\u00eate d&rsquo;une d\u00e9l\u00e9gation de Chefs pour honorer le Chef de Gampela. Mais avant tous propos nos hommages au Mogho Naaba Baongho 2 de Ouagadougou qui nous a charg\u00e9 de transmettre ses salutations et consignes au Chef de Canton de Gampela. Le [&hellip;]<\/p>\n","protected":false},"author":1,"featured_media":800,"comment_status":"open","ping_status":"open","sticky":false,"template":"","format":"standard","meta":{"site-sidebar-layout":"default","site-content-layout":"","ast-site-content-layout":"","site-content-style":"default","site-sidebar-style":"default","ast-global-header-display":"","ast-banner-title-visibility":"","ast-main-header-display":"","ast-hfb-above-header-display":"","ast-hfb-below-header-display":"","ast-hfb-mobile-header-display":"","site-post-title":"","ast-breadcrumbs-content":"","ast-featured-img":"","footer-sml-layout":"","theme-transparent-header-meta":"","adv-header-id-meta":"","stick-header-meta":"","header-above-stick-meta":"","header-main-stick-meta":"","header-below-stick-meta":"","astra-migrate-meta-layouts":"default","ast-page-background-enabled":"default","ast-page-background-meta":{"desktop":{"background-color":"var(--ast-global-color-4)","background-image":"","background-repeat":"repeat","background-position":"center center","background-size":"auto","background-attachment":"scroll","background-type":"","background-media":"","overlay-type":"","overlay-color":"","overlay-opacity":"","overlay-gradient":""},"tablet":{"background-color":"","background-image":"","background-repeat":"repeat","background-position":"center center","background-size":"auto","background-attachment":"scroll","background-type":"","background-media":"","overlay-type":"","overlay-color":"","overlay-opacity":"","overlay-gradient":""},"mobile":{"background-color":"","background-image":"","background-repeat":"repeat","background-position":"center center","background-size":"auto","background-attachment":"scroll","background-type":"","background-media":"","overlay-type":"","overlay-color":"","overlay-opacity":"","overlay-gradient":""}},"ast-content-background-meta":{"desktop":{"background-color":"var(--ast-global-color-5)","background-image":"","background-repeat":"repeat","background-position":"center center","background-size":"auto","background-attachment":"scroll","background-type":"","background-media":"","overlay-type":"","overlay-color":"","overlay-opacity":"","overlay-gradient":""},"tablet":{"background-color":"var(--ast-global-color-5)","background-image":"","background-repeat":"repeat","background-position":"center center","background-size":"auto","background-attachment":"scroll","background-type":"","background-media":"","overlay-type":"","overlay-color":"","overlay-opacity":"","overlay-gradient":""},"mobile":{"background-color":"var(--ast-global-color-5)","background-image":"","background-repeat":"repeat","background-position":"center center","background-size":"auto","background-attachment":"scroll","background-type":"","background-media":"","overlay-type":"","overlay-color":"","overlay-opacity":"","overlay-gradient":""}},"footnotes":""},"categories":[7,4],"tags":[],"class_list":["post-798","post","type-post","status-publish","format-standard","has-post-thumbnail","hentry","category-culture","category-societe"],"_links":{"self":[{"href":"https:\/\/lesoleil.bf\/index.php\/wp-json\/wp\/v2\/posts\/798","targetHints":{"allow":["GET"]}}],"collection":[{"href":"https:\/\/lesoleil.bf\/index.php\/wp-json\/wp\/v2\/posts"}],"about":[{"href":"https:\/\/lesoleil.bf\/index.php\/wp-json\/wp\/v2\/types\/post"}],"author":[{"embeddable":true,"href":"https:\/\/lesoleil.bf\/index.php\/wp-json\/wp\/v2\/users\/1"}],"replies":[{"embeddable":true,"href":"https:\/\/lesoleil.bf\/index.php\/wp-json\/wp\/v2\/comments?post=798"}],"version-history":[{"count":1,"href":"https:\/\/lesoleil.bf\/index.php\/wp-json\/wp\/v2\/posts\/798\/revisions"}],"predecessor-version":[{"id":801,"href":"https:\/\/lesoleil.bf\/index.php\/wp-json\/wp\/v2\/posts\/798\/revisions\/801"}],"wp:featuredmedia":[{"embeddable":true,"href":"https:\/\/lesoleil.bf\/index.php\/wp-json\/wp\/v2\/media\/800"}],"wp:attachment":[{"href":"https:\/\/lesoleil.bf\/index.php\/wp-json\/wp\/v2\/media?parent=798"}],"wp:term":[{"taxonomy":"category","embeddable":true,"href":"https:\/\/lesoleil.bf\/index.php\/wp-json\/wp\/v2\/categories?post=798"},{"taxonomy":"post_tag","embeddable":true,"href":"https:\/\/lesoleil.bf\/index.php\/wp-json\/wp\/v2\/tags?post=798"}],"curies":[{"name":"wp","href":"https:\/\/api.w.org\/{rel}","templated":true}]}}