{"id":754,"date":"2022-10-20T19:35:46","date_gmt":"2022-10-20T19:35:46","guid":{"rendered":"https:\/\/lesoleil.bf\/?p=754"},"modified":"2022-10-20T19:35:48","modified_gmt":"2022-10-20T19:35:48","slug":"securite-a-djibo-2","status":"publish","type":"post","link":"https:\/\/lesoleil.bf\/index.php\/2022\/10\/20\/securite-a-djibo-2\/","title":{"rendered":"S\u00e9curit\u00e9 \u00e0 Djibo <<L'ab\u00e9c\u00e9daire de mon voyage \u00e0 Djibo>> suite"},"content":{"rendered":"\n<p>Gr\u00e2ce au service a\u00e9rien humanitaire de l&rsquo;ONU, les agences ONU au Burkina Faso dont UNICEF Burkina Faso ont pu acheminer 8,5 tonnes d\u2019aide d\u2019urgence notamment des m\u00e9dicaments, des aliments th\u00e9rapeutiques pour soigner 2000 enfants et femmes enceintes et allaitantes malnutris et des suppl\u00e9ments en vitamines pour pr\u00e8s de 9500 enfants.<\/p>\n\n\n\n<p>\u00ab\u00a0Nous d\u00e9ployons notre logistique pour la prise en charge des enfants menac\u00e9s par la malnutrition et les maladies infantiles\u00a0\u00bb a dit la Repr\u00e9sentante <a><\/a>de l&rsquo;UNICEF au Burkina Faso, Sandra Lattouf qui s&rsquo;est rendue \u00e0 <a href=\"https:\/\/web.facebook.com\/hashtag\/djibo?__eep__=6&amp;__cft__[0]=AZUpe3EnUNu5lUHd9b1Exv8gSV_CMpCTlhsql9VKKkOJ3MGvLKVHAtPw7k31bH_8Bsb6nAqGX5xTGRj47PVp8b74OmuH-d5vkNcPQBS763DW6uK9cz-j4QsuZI-L3I3FpT-HyUI3ZmbxVGCWtPhBLN7PYsEfu5SXVVpgBmW1ppV9ew&amp;__tn__=*NK-R\">#Djibo<\/a> pour soutenir les \u00e9quipes partenaires qui d\u00e9livrent l&rsquo;aide aux populations.<\/p>\n\n\n\n<p>Le <a href=\"https:\/\/web.facebook.com\/hashtag\/burkinafaso?__eep__=6&amp;__cft__[0]=AZUpe3EnUNu5lUHd9b1Exv8gSV_CMpCTlhsql9VKKkOJ3MGvLKVHAtPw7k31bH_8Bsb6nAqGX5xTGRj47PVp8b74OmuH-d5vkNcPQBS763DW6uK9cz-j4QsuZI-L3I3FpT-HyUI3ZmbxVGCWtPhBLN7PYsEfu5SXVVpgBmW1ppV9ew&amp;__tn__=*NK-R\">#BurkinaFaso<\/a> est confront\u00e9e \u00e0 une crise nutritionnelle.<\/p>\n\n\n\n<p><img loading=\"lazy\" decoding=\"async\" alt=\"\ud83d\udd34\" src=\"https:\/\/static.xx.fbcdn.net\/images\/emoji.php\/v9\/t6e\/1\/16\/1f534.png\" width=\"16\" height=\"16\">700.000 enfants -5 ans menac\u00e9s de malnutrition aig\u00fce<\/p>\n\n\n\n<p><img loading=\"lazy\" decoding=\"async\" alt=\"\ud83d\udd34\" src=\"https:\/\/static.xx.fbcdn.net\/images\/emoji.php\/v9\/t6e\/1\/16\/1f534.png\" width=\"16\" height=\"16\">3,4 millions de personnes sont dans l&rsquo;ins\u00e9curit\u00e9 alimentaire<\/p>\n\n\n\n<p>UNICEF acc\u00e9l\u00e8re l&rsquo;acheminement d&rsquo;aliments th\u00e9rapeutiques et m\u00e9dicaments pour les enfants les plus vuln\u00e9rables \u00e0 Djibo et sur tout le territoire.<\/p>\n\n\n\n<figure class=\"wp-block-image size-full\"><img loading=\"lazy\" decoding=\"async\" width=\"960\" height=\"537\" src=\"https:\/\/lesoleil.bf\/wp-content\/uploads\/2022\/10\/Population-Djibolaise.jpg\" alt=\"\" class=\"wp-image-755\" srcset=\"https:\/\/lesoleil.bf\/wp-content\/uploads\/2022\/10\/Population-Djibolaise.jpg 960w, https:\/\/lesoleil.bf\/wp-content\/uploads\/2022\/10\/Population-Djibolaise-300x168.jpg 300w, https:\/\/lesoleil.bf\/wp-content\/uploads\/2022\/10\/Population-Djibolaise-768x430.jpg 768w\" sizes=\"auto, (max-width: 960px) 100vw, 960px\" \/><figcaption>Exif_JPEG_420<\/figcaption><\/figure>\n\n\n\n<figure class=\"wp-block-image size-full\"><img loading=\"lazy\" decoding=\"async\" width=\"720\" height=\"461\" src=\"https:\/\/lesoleil.bf\/wp-content\/uploads\/2022\/10\/Vivre-de-Djibo-1-1.jpg\" alt=\"\" class=\"wp-image-756\" srcset=\"https:\/\/lesoleil.bf\/wp-content\/uploads\/2022\/10\/Vivre-de-Djibo-1-1.jpg 720w, https:\/\/lesoleil.bf\/wp-content\/uploads\/2022\/10\/Vivre-de-Djibo-1-1-300x192.jpg 300w\" sizes=\"auto, (max-width: 720px) 100vw, 720px\" \/><\/figure>\n","protected":false},"excerpt":{"rendered":"<p>Gr\u00e2ce au service a\u00e9rien humanitaire de l&rsquo;ONU, les agences ONU au Burkina Faso dont UNICEF Burkina Faso ont pu acheminer 8,5 tonnes d\u2019aide d\u2019urgence notamment des m\u00e9dicaments, des aliments th\u00e9rapeutiques pour soigner 2000 enfants et femmes enceintes et allaitantes malnutris et des suppl\u00e9ments en vitamines pour pr\u00e8s de 9500 enfants. \u00ab\u00a0Nous d\u00e9ployons notre logistique pour [&hellip;]<\/p>\n","protected":false},"author":1,"featured_media":0,"comment_status":"open","ping_status":"open","sticky":false,"template":"","format":"standard","meta":{"site-sidebar-layout":"default","site-content-layout":"","ast-site-content-layout":"","site-content-style":"default","site-sidebar-style":"default","ast-global-header-display":"","ast-banner-title-visibility":"","ast-main-header-display":"","ast-hfb-above-header-display":"","ast-hfb-below-header-display":"","ast-hfb-mobile-header-display":"","site-post-title":"","ast-breadcrumbs-content":"","ast-featured-img":"","footer-sml-layout":"","theme-transparent-header-meta":"","adv-header-id-meta":"","stick-header-meta":"","header-above-stick-meta":"","header-main-stick-meta":"","header-below-stick-meta":"","astra-migrate-meta-layouts":"default","ast-page-background-enabled":"default","ast-page-background-meta":{"desktop":{"background-color":"var(--ast-global-color-4)","background-image":"","background-repeat":"repeat","background-position":"center center","background-size":"auto","background-attachment":"scroll","background-type":"","background-media":"","overlay-type":"","overlay-color":"","overlay-opacity":"","overlay-gradient":""},"tablet":{"background-color":"","background-image":"","background-repeat":"repeat","background-position":"center center","background-size":"auto","background-attachment":"scroll","background-type":"","background-media":"","overlay-type":"","overlay-color":"","overlay-opacity":"","overlay-gradient":""},"mobile":{"background-color":"","background-image":"","background-repeat":"repeat","background-position":"center center","background-size":"auto","background-attachment":"scroll","background-type":"","background-media":"","overlay-type":"","overlay-color":"","overlay-opacity":"","overlay-gradient":""}},"ast-content-background-meta":{"desktop":{"background-color":"var(--ast-global-color-5)","background-image":"","background-repeat":"repeat","background-position":"center center","background-size":"auto","background-attachment":"scroll","background-type":"","background-media":"","overlay-type":"","overlay-color":"","overlay-opacity":"","overlay-gradient":""},"tablet":{"background-color":"var(--ast-global-color-5)","background-image":"","background-repeat":"repeat","background-position":"center center","background-size":"auto","background-attachment":"scroll","background-type":"","background-media":"","overlay-type":"","overlay-color":"","overlay-opacity":"","overlay-gradient":""},"mobile":{"background-color":"var(--ast-global-color-5)","background-image":"","background-repeat":"repeat","background-position":"center center","background-size":"auto","background-attachment":"scroll","background-type":"","background-media":"","overlay-type":"","overlay-color":"","overlay-opacity":"","overlay-gradient":""}},"footnotes":""},"categories":[15],"tags":[],"class_list":["post-754","post","type-post","status-publish","format-standard","hentry","category-securite"],"_links":{"self":[{"href":"https:\/\/lesoleil.bf\/index.php\/wp-json\/wp\/v2\/posts\/754","targetHints":{"allow":["GET"]}}],"collection":[{"href":"https:\/\/lesoleil.bf\/index.php\/wp-json\/wp\/v2\/posts"}],"about":[{"href":"https:\/\/lesoleil.bf\/index.php\/wp-json\/wp\/v2\/types\/post"}],"author":[{"embeddable":true,"href":"https:\/\/lesoleil.bf\/index.php\/wp-json\/wp\/v2\/users\/1"}],"replies":[{"embeddable":true,"href":"https:\/\/lesoleil.bf\/index.php\/wp-json\/wp\/v2\/comments?post=754"}],"version-history":[{"count":1,"href":"https:\/\/lesoleil.bf\/index.php\/wp-json\/wp\/v2\/posts\/754\/revisions"}],"predecessor-version":[{"id":757,"href":"https:\/\/lesoleil.bf\/index.php\/wp-json\/wp\/v2\/posts\/754\/revisions\/757"}],"wp:attachment":[{"href":"https:\/\/lesoleil.bf\/index.php\/wp-json\/wp\/v2\/media?parent=754"}],"wp:term":[{"taxonomy":"category","embeddable":true,"href":"https:\/\/lesoleil.bf\/index.php\/wp-json\/wp\/v2\/categories?post=754"},{"taxonomy":"post_tag","embeddable":true,"href":"https:\/\/lesoleil.bf\/index.php\/wp-json\/wp\/v2\/tags?post=754"}],"curies":[{"name":"wp","href":"https:\/\/api.w.org\/{rel}","templated":true}]}}