{"id":725,"date":"2022-10-20T18:58:10","date_gmt":"2022-10-20T18:58:10","guid":{"rendered":"https:\/\/lesoleil.bf\/?p=725"},"modified":"2022-10-20T18:58:12","modified_gmt":"2022-10-20T18:58:12","slug":"cloture-des-assises-nationales-la-charte-de-la-transition-signee-le-capitaine-ibrahim-traore-president-du-faso","status":"publish","type":"post","link":"https:\/\/lesoleil.bf\/index.php\/2022\/10\/20\/cloture-des-assises-nationales-la-charte-de-la-transition-signee-le-capitaine-ibrahim-traore-president-du-faso\/","title":{"rendered":"Cl\u00f4ture des assises nationales : la Charte de la Transition sign\u00e9e, le Capitaine Ibrahim TRAORE Pr\u00e9sident du Faso."},"content":{"rendered":"\n<p>(Ouagadougou, 14 octobre 2022). Le Capitaine Ibrahim TRAORE a sign\u00e9 ce vendredi nuit la Charte de la Transition et de l\u2019acte de confirmation de sa d\u00e9signation comme Chef de l\u2019Etat, Pr\u00e9sident du Faso et Chef supr\u00eame des arm\u00e9es.<\/p>\n\n\n\n<p>La signature de ces deux documents marque l\u2019accord du Capitaine Ibrahim TRAORE \u00e0 r\u00e9pondre \u00e0 l\u2019appel des forces vives de la Nation pour <a><\/a>conduire la Transition en tant que Chef de l\u2019Etat et l\u2019entr\u00e9e en vigueur de la Charte.<\/p>\n\n\n\n<p>L\u2019adoption de cette Charte de la Transition de quatre titres et de 27 articles intervient apr\u00e8s plusieurs heures d\u2019\u00e9changes et d\u2019amendements sur la proposition de document soumis aux forces vives.<\/p>\n\n\n\n<p>A l\u2019issue des travaux des Assises nationales sur la conduite de la Transition, les participants ont retenu que les organes de la Transition seront le Pr\u00e9sident de la Transition, le Gouvernement de la Transition et l\u2019Assembl\u00e9e l\u00e9gislative de Transition (ALT).<\/p>\n\n\n\n<p>Le gouvernement de la Transition est compos\u00e9, selon la Charte, d\u2019un Premier ministre et de maximum 25 ministres. Quant \u00e0 l\u2019organe l\u00e9gislatif de Transition, il doit \u00eatre compos\u00e9 de 71 membres, exer\u00e7ant un mandat gratuit.<\/p>\n\n\n\n<p>La dur\u00e9e de la Transition est fix\u00e9e \u00e0 21 mois pour r\u00e9pondre aux ambitions du Mouvement Patriotique pour la Sauvegarde et la Restauration (MPSR) de travailler \u00e0 la restauration de l\u2019int\u00e9grit\u00e9 du territoire nationale.<\/p>\n\n\n\n<p>Cette signature de la Charte de la Transition marque la cl\u00f4ture des Assises nationales qui \u00e9taient pr\u00e9vues pour deux jours.<\/p>\n\n\n\n<p>Direction de la communication de la Pr\u00e9sidence du Faso<\/p>\n\n\n\n<div class=\"wp-block-columns is-layout-flex wp-container-core-columns-is-layout-1 wp-block-columns-is-layout-flex\">\n<div class=\"wp-block-column is-layout-flow wp-block-column-is-layout-flow\" style=\"flex-basis:100%\">\n<figure class=\"wp-block-image size-full\"><img loading=\"lazy\" decoding=\"async\" width=\"480\" height=\"320\" src=\"https:\/\/lesoleil.bf\/wp-content\/uploads\/2022\/10\/Asises-Nationale-14-15-octobre-2022.jpg\" alt=\"\" class=\"wp-image-728\" srcset=\"https:\/\/lesoleil.bf\/wp-content\/uploads\/2022\/10\/Asises-Nationale-14-15-octobre-2022.jpg 480w, https:\/\/lesoleil.bf\/wp-content\/uploads\/2022\/10\/Asises-Nationale-14-15-octobre-2022-300x200.jpg 300w\" sizes=\"auto, (max-width: 480px) 100vw, 480px\" \/><figcaption>Les Participants aux assises nationales<\/figcaption><\/figure>\n<\/div>\n<\/div>\n\n\n\n<figure class=\"wp-block-image size-full is-resized\"><img loading=\"lazy\" decoding=\"async\" src=\"https:\/\/lesoleil.bf\/wp-content\/uploads\/2022\/10\/IB.jpg\" alt=\"\" class=\"wp-image-729\" width=\"480\" height=\"320\" srcset=\"https:\/\/lesoleil.bf\/wp-content\/uploads\/2022\/10\/IB.jpg 480w, https:\/\/lesoleil.bf\/wp-content\/uploads\/2022\/10\/IB-300x200.jpg 300w\" sizes=\"auto, (max-width: 480px) 100vw, 480px\" \/><figcaption>Le Pr\u00e9sident du Faso, Ibrahim Traor\u00e9<\/figcaption><\/figure>\n","protected":false},"excerpt":{"rendered":"<p>(Ouagadougou, 14 octobre 2022). Le Capitaine Ibrahim TRAORE a sign\u00e9 ce vendredi nuit la Charte de la Transition et de l\u2019acte de confirmation de sa d\u00e9signation comme Chef de l\u2019Etat, Pr\u00e9sident du Faso et Chef supr\u00eame des arm\u00e9es. La signature de ces deux documents marque l\u2019accord du Capitaine Ibrahim TRAORE \u00e0 r\u00e9pondre \u00e0 l\u2019appel des [&hellip;]<\/p>\n","protected":false},"author":1,"featured_media":727,"comment_status":"open","ping_status":"open","sticky":false,"template":"","format":"standard","meta":{"site-sidebar-layout":"default","site-content-layout":"","ast-site-content-layout":"","site-content-style":"default","site-sidebar-style":"default","ast-global-header-display":"","ast-banner-title-visibility":"","ast-main-header-display":"","ast-hfb-above-header-display":"","ast-hfb-below-header-display":"","ast-hfb-mobile-header-display":"","site-post-title":"","ast-breadcrumbs-content":"","ast-featured-img":"","footer-sml-layout":"","theme-transparent-header-meta":"","adv-header-id-meta":"","stick-header-meta":"","header-above-stick-meta":"","header-main-stick-meta":"","header-below-stick-meta":"","astra-migrate-meta-layouts":"default","ast-page-background-enabled":"default","ast-page-background-meta":{"desktop":{"background-color":"var(--ast-global-color-4)","background-image":"","background-repeat":"repeat","background-position":"center center","background-size":"auto","background-attachment":"scroll","background-type":"","background-media":"","overlay-type":"","overlay-color":"","overlay-opacity":"","overlay-gradient":""},"tablet":{"background-color":"","background-image":"","background-repeat":"repeat","background-position":"center center","background-size":"auto","background-attachment":"scroll","background-type":"","background-media":"","overlay-type":"","overlay-color":"","overlay-opacity":"","overlay-gradient":""},"mobile":{"background-color":"","background-image":"","background-repeat":"repeat","background-position":"center center","background-size":"auto","background-attachment":"scroll","background-type":"","background-media":"","overlay-type":"","overlay-color":"","overlay-opacity":"","overlay-gradient":""}},"ast-content-background-meta":{"desktop":{"background-color":"var(--ast-global-color-5)","background-image":"","background-repeat":"repeat","background-position":"center center","background-size":"auto","background-attachment":"scroll","background-type":"","background-media":"","overlay-type":"","overlay-color":"","overlay-opacity":"","overlay-gradient":""},"tablet":{"background-color":"var(--ast-global-color-5)","background-image":"","background-repeat":"repeat","background-position":"center center","background-size":"auto","background-attachment":"scroll","background-type":"","background-media":"","overlay-type":"","overlay-color":"","overlay-opacity":"","overlay-gradient":""},"mobile":{"background-color":"var(--ast-global-color-5)","background-image":"","background-repeat":"repeat","background-position":"center center","background-size":"auto","background-attachment":"scroll","background-type":"","background-media":"","overlay-type":"","overlay-color":"","overlay-opacity":"","overlay-gradient":""}},"footnotes":""},"categories":[9],"tags":[],"class_list":["post-725","post","type-post","status-publish","format-standard","has-post-thumbnail","hentry","category-politique"],"_links":{"self":[{"href":"https:\/\/lesoleil.bf\/index.php\/wp-json\/wp\/v2\/posts\/725","targetHints":{"allow":["GET"]}}],"collection":[{"href":"https:\/\/lesoleil.bf\/index.php\/wp-json\/wp\/v2\/posts"}],"about":[{"href":"https:\/\/lesoleil.bf\/index.php\/wp-json\/wp\/v2\/types\/post"}],"author":[{"embeddable":true,"href":"https:\/\/lesoleil.bf\/index.php\/wp-json\/wp\/v2\/users\/1"}],"replies":[{"embeddable":true,"href":"https:\/\/lesoleil.bf\/index.php\/wp-json\/wp\/v2\/comments?post=725"}],"version-history":[{"count":1,"href":"https:\/\/lesoleil.bf\/index.php\/wp-json\/wp\/v2\/posts\/725\/revisions"}],"predecessor-version":[{"id":730,"href":"https:\/\/lesoleil.bf\/index.php\/wp-json\/wp\/v2\/posts\/725\/revisions\/730"}],"wp:featuredmedia":[{"embeddable":true,"href":"https:\/\/lesoleil.bf\/index.php\/wp-json\/wp\/v2\/media\/727"}],"wp:attachment":[{"href":"https:\/\/lesoleil.bf\/index.php\/wp-json\/wp\/v2\/media?parent=725"}],"wp:term":[{"taxonomy":"category","embeddable":true,"href":"https:\/\/lesoleil.bf\/index.php\/wp-json\/wp\/v2\/categories?post=725"},{"taxonomy":"post_tag","embeddable":true,"href":"https:\/\/lesoleil.bf\/index.php\/wp-json\/wp\/v2\/tags?post=725"}],"curies":[{"name":"wp","href":"https:\/\/api.w.org\/{rel}","templated":true}]}}