{"id":721,"date":"2022-10-20T18:43:24","date_gmt":"2022-10-20T18:43:24","guid":{"rendered":"https:\/\/lesoleil.bf\/?p=721"},"modified":"2022-10-20T18:43:26","modified_gmt":"2022-10-20T18:43:26","slug":"message-du-cnp-nz-a-loccasion-de-la-journee-nationale-de-la-liberte-de-la-presse-20-octobre-2022","status":"publish","type":"post","link":"https:\/\/lesoleil.bf\/index.php\/2022\/10\/20\/message-du-cnp-nz-a-loccasion-de-la-journee-nationale-de-la-liberte-de-la-presse-20-octobre-2022\/","title":{"rendered":"Message du CNP &#8211;  NZ \u00e0 l\u2019occasion de la Journ\u00e9e nationale de la libert\u00e9 de la presse, 20 octobre 2022"},"content":{"rendered":"\n<p>Mesdames et messieurs les invit\u00e9s, tout protocole observ\u00e9,<\/p>\n\n\n\n<p>Messieurs les membres du Comit\u00e9 de pilotage du CNP -NZ,Je voudrais au nom du Comit\u00e9 de pilotage du Centre national de presse Norbert Zongo (CNP-NZ) vous souhaiter la bienvenue \u00e0 la c\u00e9r\u00e9monie comm\u00e9morative de la 24e Journ\u00e9e nationale de la libert\u00e9 de la presse. Merci d\u2019avoir honor\u00e9 le Centre national de presse Norbert <a><\/a>Zongo et par-del\u00e0 la presse, par votre pr\u00e9sence. Merci surtout de mat\u00e9rialiser ainsi votre adh\u00e9sion au combat pour la libert\u00e9 d\u2019expression et de la presse, au-del\u00e0, la libert\u00e9, la d\u00e9mocratie et l\u2019Etat de droit. A la m\u00e9moire des martyrs de l\u2019insurrection populaire de 2014, de la r\u00e9sistance victorieuse au coup d\u2019Etat de 2015, ainsi qu\u2019\u00e0 celle des milliers de martyrs militaires et civils victimes du terrorisme, je voudrais solliciter une minute de recueillement.<\/p>\n\n\n\n<p>Merci.Mesdames, messieurs !Nous comm\u00e9morons, aujourd\u2019hui 20 octobre 2022, la 24e Journ\u00e9e nationale de la libert\u00e9 de la presse. Institu\u00e9e en 1998 par le CNP-NZ, cette journ\u00e9e rappelle le 20 octobre 1993, date \u00e0 laquelle une p\u00e9tition populaire avait \u00e9t\u00e9 initi\u00e9e par le Mouvement Burkinab\u00e8 des Droits de l&rsquo;Homme et des Peuples (MBDHP) en vue d\u2019une relecture du Code de l\u2019information de 1990 par l\u2019Assembl\u00e9e des d\u00e9put\u00e9s du peuple. Le MBDHP que nous saluons au passage a \u00e9t\u00e9 soutenue dans cette action par les organisations professionnelles des m\u00e9dias que sont l\u2019Association des journalistes du Burkina (AJB), la Soci\u00e9t\u00e9 des \u00e9diteurs de la presse priv\u00e9e (SEP) et le Syndicat autonome des travailleurs de l\u2019information et de la culture (SYNATIC).Mesdames, messieurs !<\/p>\n\n\n\n<p>Le 14 octobre 2022, les forces vives du Burkina ont investi le Capitaine Ibrahim Traor\u00e9 comme Pr\u00e9sident d\u2019une Transition d\u00e9but\u00e9e le 02 octobre 2022, une date symbolique pour le Burkina Faso. En effet, le 02 octobre 1983, le Capitaine Thomas Sankara proclamait le Discours d\u2019Orientation Politique (DOP), apr\u00e8s la prise du pouvoir par le Conseil National de la R\u00e9volution.Le Capitaine Ibrahim Traor\u00e9 est le deuxi\u00e8me Pr\u00e9sident militaire investi par les d\u00e9l\u00e9gu\u00e9s des forces vives du Burkina en l\u2019espace de huit mois. Il succ\u00e8de au Lt- colonel Paul Henri Sandaogo Damiba, le premier Pr\u00e9sident du Mouvement patriotique pour la sauvegarde et la restauration (MPSR), qu\u2019il a renvers\u00e9 le 30 septembre 2022 par un putsch. Comme Damiba, le Capitaine Traor\u00e9 est issu du MPSR. C\u2019est dire que la 24e Journ\u00e9e nationale de la libert\u00e9 de la presse se tient dans un contexte o\u00f9 la d\u00e9mocratie est mise \u00e0 rude \u00e9preuve, sacrifi\u00e9e sur l\u2019autel de la lutte des clans au sein des Forces Arm\u00e9es pour la gestion du pouvoir d\u2019Etat. Tout se passe comme si la d\u00e9mocratie \u00e9tait inefficace contre le terrorisme. Les manifestations de soutien observ\u00e9es lors des \u00e9v\u00e9nements du 30 septembre, 1er et 02 octobre 2022 ont de quoi conforter les tenants d\u2019une telle th\u00e8se.<\/p>\n\n\n\n<p>Mesdames, messieurs !<\/p>\n\n\n\n<p>Pour ce qui est des huit mois de ce qu\u2019il est convenu d\u2019appeler maintenant le MPSR 1, les d\u00e9fenseurs de la libert\u00e9 de la libert\u00e9 d\u2019expression et de la presse ont vu rouge. De janvier \u00e0 septembre 2022, le CNP-NZ a publi\u00e9 une dizaine de d\u00e9clarations d\u2019interpellations sur des cas de violations de la libert\u00e9 d\u2019expression et de la presse. Entre intimidations, agressions des journalistes et des d\u00e9fenseurs de la libert\u00e9 d\u2019expression et de la presse, blocage du Conseil sup\u00e9rieur de la Communication, vous comprendrez pourquoi, nous avons choisi comme th\u00e8me de cette 24e \u00e9dition : \u00ab R\u00e9gime de Transition : Sauvegarder les libert\u00e9s individuelles et collectives ! \u00bb.Il s\u2019agit \u00e0 travers ce th\u00e8me, d\u2019appr\u00e9cier la libert\u00e9 de la presse telle que v\u00e9cue depuis l\u2019av\u00e8nement du MPSR en janvier 2022, de proposer des pistes pour d\u00e9fendre la libert\u00e9 d\u2019expression et de la presse dans ce contexte et d\u2019interpeller l\u2019ensemble des d\u00e9fenseurs de la libert\u00e9 d\u2019expression et de la presse \u00e0 plus de vigilance. C\u2019est le lieu pour moi de t\u00e9moigner le soutien du Centre \u00e0 l\u2019ensemble des victimes de violations de la libert\u00e9 d\u2019expression et de la presse depuis l\u2019av\u00e8nement du MPSR. Nous esp\u00e9rons que les invit\u00e9s vont saisir l\u2019espace du panel pour s\u2019exprimer et nous permettre de sortir d\u2019ici avec de nouvelles \u00ab armes \u00bb, \u00e0 m\u00eame de nous faire gagner des victoires. En tout \u00e9tat de cause, il est illusoire de croire que la libre expression des opinions est antinomique d\u2019avec la lutte contre le terrorisme. Le black-out et la voix unique impos\u00e9s par les gouvernants dans la lutte contre le terrorisme sont loin de constituer une r\u00e9ponse appropri\u00e9e \u00e0 l\u2019obscurantisme et \u00e0 la barbarie promus par les terroristes. La promotion et la protection des libert\u00e9s ont bien leur place dans notre contexte.<\/p>\n\n\n\n<p>Mesdames, messieurs !<\/p>\n\n\n\n<p>A la faveur de la 24e Journ\u00e9e nationale de la libert\u00e9 de la presse et, au regard des nombreux d\u00e9fis, le Centre national de presse Norbert ZONGO s\u2019est donn\u00e9 les moyens de reconstruire son m\u00e9canisme d\u2019alerte. Nous avons en effet mobilis\u00e9 de nouvelles ressources humaines \u00e0 travers les 13 r\u00e9gions \u00e0 m\u00eame de nous alerter sur toutes les atteintes \u00e0 la libert\u00e9 d\u2019expression et de la presse. Nous esp\u00e9rons surtout beaucoup de r\u00e9activit\u00e9 de la part de nos partenaires du m\u00e9canisme d\u2019alerte. En plus des atteintes \u00e0 la libert\u00e9 d\u2019expression et de la presse constat\u00e9es depuis l\u2019av\u00e8nement du MPSR, il sied d\u2019interpeller les nouvelles autorit\u00e9s sur la l\u00e9thargie voulue et orchestr\u00e9e au sein du Conseil sup\u00e9rieur de la Communication. Cela fait plusieurs mois maintenant que l\u2019instance de r\u00e9gulation n\u2019arrive plus \u00e0 jouer son r\u00f4le, faute de d\u00e9cret nommant son Pr\u00e9sident, qui avait pourtant \u00e9t\u00e9 \u00e9lu au pr\u00e9alable par ses coll\u00e8gues conseillers. C\u2019est le lieu pour nous de rappeler que le CSC ne sert pas qu\u2019en temps d\u2019\u00e9lections. L\u2019institution qui a su se forger une certaine l\u00e9gitimit\u00e9 aupr\u00e8s de l\u2019opinion et des acteurs de la communication et des m\u00e9dias, est utile et m\u00eame tr\u00e8s utile en p\u00e9riode de crise. Il faut donc vite rem\u00e9dier \u00e0 cette anomalie.<\/p>\n\n\n\n<p>Mesdames, messieurs !<\/p>\n\n\n\n<p>Le Comit\u00e9 de pilotage du CNP-NZ saisit la tribune de la 24e Journ\u00e9e nationale de la libert\u00e9 de la presse pour r\u00e9it\u00e9rer ses remerciements \u00e0 ses partenaires que sont l\u2019Ambassade royale du Danemark au Burkina, la Deutshe Welle Akademie et l\u2019ONG allemande EIRENE.Nous r\u00e9it\u00e9rons notre soutien \u00e0 l\u2019ensemble des journalistes et m\u00e9dias burkinab\u00e8 en ces moments difficiles o\u00f9 l\u2019intol\u00e9rance vis-\u00e0-vis de la libert\u00e9 d\u2019expression et de la presse est une constante. Notre soutien va \u00e9galement \u00e0 l\u2019ensemble des d\u00e9fenseurs des droits humains et de la libert\u00e9 d\u2019expression et de la presse.<\/p>\n\n\n\n<p>Vive la libert\u00e9 de la presse !<\/p>\n\n\n\n<p>Vive la Journ\u00e9e Nationale de la Libert\u00e9 de la Presse !<\/p>\n\n\n\n<p>N\u2019an Laara, An Saara !<\/p>\n\n\n\n<p>Ouagadougou, le 20 octobre 2022<\/p>\n\n\n\n<p>Pour le Comit\u00e9 de Pilotage,<\/p>\n\n\n\n<p>Le Pr\u00e9sident,<\/p>\n","protected":false},"excerpt":{"rendered":"<p>Mesdames et messieurs les invit\u00e9s, tout protocole observ\u00e9, Messieurs les membres du Comit\u00e9 de pilotage du CNP -NZ,Je voudrais au nom du Comit\u00e9 de pilotage du Centre national de presse Norbert Zongo (CNP-NZ) vous souhaiter la bienvenue \u00e0 la c\u00e9r\u00e9monie comm\u00e9morative de la 24e Journ\u00e9e nationale de la libert\u00e9 de la presse. Merci d\u2019avoir honor\u00e9 [&hellip;]<\/p>\n","protected":false},"author":1,"featured_media":723,"comment_status":"open","ping_status":"open","sticky":false,"template":"","format":"standard","meta":{"site-sidebar-layout":"default","site-content-layout":"","ast-site-content-layout":"","site-content-style":"default","site-sidebar-style":"default","ast-global-header-display":"","ast-banner-title-visibility":"","ast-main-header-display":"","ast-hfb-above-header-display":"","ast-hfb-below-header-display":"","ast-hfb-mobile-header-display":"","site-post-title":"","ast-breadcrumbs-content":"","ast-featured-img":"","footer-sml-layout":"","theme-transparent-header-meta":"","adv-header-id-meta":"","stick-header-meta":"","header-above-stick-meta":"","header-main-stick-meta":"","header-below-stick-meta":"","astra-migrate-meta-layouts":"default","ast-page-background-enabled":"default","ast-page-background-meta":{"desktop":{"background-color":"var(--ast-global-color-4)","background-image":"","background-repeat":"repeat","background-position":"center center","background-size":"auto","background-attachment":"scroll","background-type":"","background-media":"","overlay-type":"","overlay-color":"","overlay-opacity":"","overlay-gradient":""},"tablet":{"background-color":"","background-image":"","background-repeat":"repeat","background-position":"center center","background-size":"auto","background-attachment":"scroll","background-type":"","background-media":"","overlay-type":"","overlay-color":"","overlay-opacity":"","overlay-gradient":""},"mobile":{"background-color":"","background-image":"","background-repeat":"repeat","background-position":"center center","background-size":"auto","background-attachment":"scroll","background-type":"","background-media":"","overlay-type":"","overlay-color":"","overlay-opacity":"","overlay-gradient":""}},"ast-content-background-meta":{"desktop":{"background-color":"var(--ast-global-color-5)","background-image":"","background-repeat":"repeat","background-position":"center center","background-size":"auto","background-attachment":"scroll","background-type":"","background-media":"","overlay-type":"","overlay-color":"","overlay-opacity":"","overlay-gradient":""},"tablet":{"background-color":"var(--ast-global-color-5)","background-image":"","background-repeat":"repeat","background-position":"center center","background-size":"auto","background-attachment":"scroll","background-type":"","background-media":"","overlay-type":"","overlay-color":"","overlay-opacity":"","overlay-gradient":""},"mobile":{"background-color":"var(--ast-global-color-5)","background-image":"","background-repeat":"repeat","background-position":"center center","background-size":"auto","background-attachment":"scroll","background-type":"","background-media":"","overlay-type":"","overlay-color":"","overlay-opacity":"","overlay-gradient":""}},"footnotes":""},"categories":[4],"tags":[],"class_list":["post-721","post","type-post","status-publish","format-standard","has-post-thumbnail","hentry","category-societe"],"_links":{"self":[{"href":"https:\/\/lesoleil.bf\/index.php\/wp-json\/wp\/v2\/posts\/721","targetHints":{"allow":["GET"]}}],"collection":[{"href":"https:\/\/lesoleil.bf\/index.php\/wp-json\/wp\/v2\/posts"}],"about":[{"href":"https:\/\/lesoleil.bf\/index.php\/wp-json\/wp\/v2\/types\/post"}],"author":[{"embeddable":true,"href":"https:\/\/lesoleil.bf\/index.php\/wp-json\/wp\/v2\/users\/1"}],"replies":[{"embeddable":true,"href":"https:\/\/lesoleil.bf\/index.php\/wp-json\/wp\/v2\/comments?post=721"}],"version-history":[{"count":1,"href":"https:\/\/lesoleil.bf\/index.php\/wp-json\/wp\/v2\/posts\/721\/revisions"}],"predecessor-version":[{"id":724,"href":"https:\/\/lesoleil.bf\/index.php\/wp-json\/wp\/v2\/posts\/721\/revisions\/724"}],"wp:featuredmedia":[{"embeddable":true,"href":"https:\/\/lesoleil.bf\/index.php\/wp-json\/wp\/v2\/media\/723"}],"wp:attachment":[{"href":"https:\/\/lesoleil.bf\/index.php\/wp-json\/wp\/v2\/media?parent=721"}],"wp:term":[{"taxonomy":"category","embeddable":true,"href":"https:\/\/lesoleil.bf\/index.php\/wp-json\/wp\/v2\/categories?post=721"},{"taxonomy":"post_tag","embeddable":true,"href":"https:\/\/lesoleil.bf\/index.php\/wp-json\/wp\/v2\/tags?post=721"}],"curies":[{"name":"wp","href":"https:\/\/api.w.org\/{rel}","templated":true}]}}