{"id":703,"date":"2022-09-14T21:09:06","date_gmt":"2022-09-14T21:09:06","guid":{"rendered":"https:\/\/lesoleil.bf\/?p=703"},"modified":"2022-09-14T21:09:07","modified_gmt":"2022-09-14T21:09:07","slug":"politique-le-mpp-ne-savoue-pas-vaincu","status":"publish","type":"post","link":"https:\/\/lesoleil.bf\/index.php\/2022\/09\/14\/politique-le-mpp-ne-savoue-pas-vaincu\/","title":{"rendered":"Politique : Le MPP ne s&rsquo;avoue pas vaincu"},"content":{"rendered":"\n<p>Apr\u00e8s la chute du pouvoir de Roch Marc Christian Kabore, l&rsquo;on a assist\u00e9 \u00e0 une balkanisation du parti politique duquel il est issu. Une branche du parti s&rsquo;est associ\u00e9e \u00e0 Smaila OUEDRAOGO quand une autre se pr\u00e9pare pour porter Bachir Isma\u00ebl OUEDRAOGO, malgr\u00e9 les d\u00e9mentis.<\/p>\n\n\n\n<p>Le <a><\/a>mammouth ainsi voit ses parties partag\u00e9e entre les pontes de ce parti \u00e0 qui a le coupe-coupe le plus long et tranchant. Une attitude qui n&rsquo;a pas manqu\u00e9 de pr\u00e9cipiter les analyses les funestes \u00e0 l&rsquo;\u00e9gard de ce parti cr\u00e9\u00e9 par Roch KABORE, Salif Diallo et Simon COMPAOR\u00c9.<\/p>\n\n\n\n<p>Que nenni! Les derni\u00e8res informations font cas d&rsquo;une r\u00e9organisation du parti de l&rsquo;enfant de TUIRE. T\u00e9l un ph\u00e9nix il rena\u00eetra de ses cendres. Lui ce parti qui a b\u00e9n\u00e9fici\u00e9 d&rsquo;une coalition pour porter le candidat \u00e0 la t\u00eate de l&rsquo;Etat en 2020.<\/p>\n\n\n\n<p>Tr\u00e8s averti des questions securito-politique, le journaliste Serge Daniel n&rsquo;a h\u00e9sit\u00e9 \u00e0 livrer sur sa page Twitter. &lt;&lt;L\u2019ancien Pr\u00e9sident burkinab\u00e8, Roch Marc Christian KABOR\u00c9 a regagn\u00e9 Ouagadougou cet apr\u00e8s-midi du 8 Septembre aux environs de 16 heures locales.<\/p>\n\n\n\n<p>Comme je le disais pr\u00e9c\u00e9demment , l&rsquo;ex-pr\u00e9sident du Faso a beaucoup r\u00e9cup\u00e9r\u00e9 lors de son contr\u00f4le sanitaire. Mais pas seulement, il a aussi mis \u00e0 profit ce temps pour travailler sur son parti, le MPP. Il a tiss\u00e9 des relations, il a eu des rencontres et il a aussi t\u00e9l\u00e9phon\u00e9 des amis et collaborateurs, le tout pour renforcer son parti qui a aussi subi un coup apr\u00e8s le co&rsquo;up d\u2019Etat du 24 janvier dernier .<\/p>\n\n\n\n<p>Selon des sources proches de lui, des ministres apolitiques dans ses gouvernements successifs doivent int\u00e9grer le parti au congr\u00e8s ordinaire de mars 2023. Mais pas seulement, des partis d\u2019amis aussi devront se fusionner au MPP au cours du m\u00eame congr\u00e8s. Il ne sera pas lui m\u00eame \u00e0 la t\u00eate dudit parti mais il compte continuer \u00e0 jouer un r\u00f4le non moins important sur la sc\u00e8ne politique burkinab\u00e8.<\/p>\n\n\n\n<p>Dans cette r\u00e9organisation et cette restructuration, des nouveaux visages vont certainement surprendre les burkinab\u00e8.<\/p>\n\n\n\n<p>A la question de savoir pourquoi mars 2023, mon interlocuteur me dit que c\u2019est pour laisser le parti se d\u00e9barrasser de la mau&rsquo;vaise graine et le reconstruire autour de jeunes militants engag\u00e9s et comb&rsquo;atifs.<\/p>\n\n\n\n<p>Par ailleurs, il souhaite aussi continuer de jouer sa partition dans le processus de retour \u00e0 la s\u00e9curit\u00e9 au Burkina Faso et celui de la r\u00e9conciliation nationale&gt;&gt;.<\/p>\n\n\n\n<p>De quoi meubler l&rsquo;immobilier politique et a am\u00e9liorer l&rsquo;offre politique au pays des hommes int\u00e8gres. Incontestablement les \u00c9tats-majors aff\u00fbtent les armes pour des nombreuses victoires futures. Et cela dans un contexte o\u00f9 le nouvel homme fort, Paul Henri DAMIBA, veut tenir sur le carreau et\/ ou en cage la classe politique qu&rsquo;il semble jug\u00e9 truculente ( cf derniers discours-bilan depuis la ville sah\u00e9lienne de Dori).<\/p>\n\n\n\n<p>Camille OUEDRAOGO pour <a href=\"https:\/\/web.facebook.com\/hashtag\/lesoleilbfnews?__eep__=6&amp;__cft__[0]=AZW0XEM0pAU_nkoH3HS0VJEPKCZcOiXCcrzwNRBdJ9mq0OiLGF5fBpn0nr7AHynzgKrdnBHEjxjqt58lZ_s3C7QLkTBntnr0XV8SRod51WNOUdjGZuT2P4byTQuy5Q9kyOc&amp;__tn__=*NK-R\">#lesoleilbfnews<\/a><\/p>\n\n\n\n<figure class=\"wp-block-image size-full is-resized\"><img loading=\"lazy\" decoding=\"async\" src=\"https:\/\/lesoleil.bf\/wp-content\/uploads\/2022\/09\/Le-Pre\u0301sident-Damiba.jpg\" alt=\"\" class=\"wp-image-704\" width=\"910\" height=\"606\" srcset=\"https:\/\/lesoleil.bf\/wp-content\/uploads\/2022\/09\/Le-Pre\u0301sident-Damiba.jpg 593w, https:\/\/lesoleil.bf\/wp-content\/uploads\/2022\/09\/Le-Pre\u0301sident-Damiba-300x200.jpg 300w\" sizes=\"auto, (max-width: 910px) 100vw, 910px\" \/><\/figure>\n","protected":false},"excerpt":{"rendered":"<p>Apr\u00e8s la chute du pouvoir de Roch Marc Christian Kabore, l&rsquo;on a assist\u00e9 \u00e0 une balkanisation du parti politique duquel il est issu. Une branche du parti s&rsquo;est associ\u00e9e \u00e0 Smaila OUEDRAOGO quand une autre se pr\u00e9pare pour porter Bachir Isma\u00ebl OUEDRAOGO, malgr\u00e9 les d\u00e9mentis. Le mammouth ainsi voit ses parties partag\u00e9e entre les pontes [&hellip;]<\/p>\n","protected":false},"author":1,"featured_media":705,"comment_status":"open","ping_status":"open","sticky":false,"template":"","format":"standard","meta":{"site-sidebar-layout":"default","site-content-layout":"","ast-site-content-layout":"","site-content-style":"default","site-sidebar-style":"default","ast-global-header-display":"","ast-banner-title-visibility":"","ast-main-header-display":"","ast-hfb-above-header-display":"","ast-hfb-below-header-display":"","ast-hfb-mobile-header-display":"","site-post-title":"","ast-breadcrumbs-content":"","ast-featured-img":"","footer-sml-layout":"","theme-transparent-header-meta":"","adv-header-id-meta":"","stick-header-meta":"","header-above-stick-meta":"","header-main-stick-meta":"","header-below-stick-meta":"","astra-migrate-meta-layouts":"default","ast-page-background-enabled":"default","ast-page-background-meta":{"desktop":{"background-color":"var(--ast-global-color-4)","background-image":"","background-repeat":"repeat","background-position":"center center","background-size":"auto","background-attachment":"scroll","background-type":"","background-media":"","overlay-type":"","overlay-color":"","overlay-opacity":"","overlay-gradient":""},"tablet":{"background-color":"","background-image":"","background-repeat":"repeat","background-position":"center center","background-size":"auto","background-attachment":"scroll","background-type":"","background-media":"","overlay-type":"","overlay-color":"","overlay-opacity":"","overlay-gradient":""},"mobile":{"background-color":"","background-image":"","background-repeat":"repeat","background-position":"center center","background-size":"auto","background-attachment":"scroll","background-type":"","background-media":"","overlay-type":"","overlay-color":"","overlay-opacity":"","overlay-gradient":""}},"ast-content-background-meta":{"desktop":{"background-color":"var(--ast-global-color-5)","background-image":"","background-repeat":"repeat","background-position":"center center","background-size":"auto","background-attachment":"scroll","background-type":"","background-media":"","overlay-type":"","overlay-color":"","overlay-opacity":"","overlay-gradient":""},"tablet":{"background-color":"var(--ast-global-color-5)","background-image":"","background-repeat":"repeat","background-position":"center center","background-size":"auto","background-attachment":"scroll","background-type":"","background-media":"","overlay-type":"","overlay-color":"","overlay-opacity":"","overlay-gradient":""},"mobile":{"background-color":"var(--ast-global-color-5)","background-image":"","background-repeat":"repeat","background-position":"center center","background-size":"auto","background-attachment":"scroll","background-type":"","background-media":"","overlay-type":"","overlay-color":"","overlay-opacity":"","overlay-gradient":""}},"footnotes":""},"categories":[9],"tags":[],"class_list":["post-703","post","type-post","status-publish","format-standard","has-post-thumbnail","hentry","category-politique"],"_links":{"self":[{"href":"https:\/\/lesoleil.bf\/index.php\/wp-json\/wp\/v2\/posts\/703","targetHints":{"allow":["GET"]}}],"collection":[{"href":"https:\/\/lesoleil.bf\/index.php\/wp-json\/wp\/v2\/posts"}],"about":[{"href":"https:\/\/lesoleil.bf\/index.php\/wp-json\/wp\/v2\/types\/post"}],"author":[{"embeddable":true,"href":"https:\/\/lesoleil.bf\/index.php\/wp-json\/wp\/v2\/users\/1"}],"replies":[{"embeddable":true,"href":"https:\/\/lesoleil.bf\/index.php\/wp-json\/wp\/v2\/comments?post=703"}],"version-history":[{"count":1,"href":"https:\/\/lesoleil.bf\/index.php\/wp-json\/wp\/v2\/posts\/703\/revisions"}],"predecessor-version":[{"id":706,"href":"https:\/\/lesoleil.bf\/index.php\/wp-json\/wp\/v2\/posts\/703\/revisions\/706"}],"wp:featuredmedia":[{"embeddable":true,"href":"https:\/\/lesoleil.bf\/index.php\/wp-json\/wp\/v2\/media\/705"}],"wp:attachment":[{"href":"https:\/\/lesoleil.bf\/index.php\/wp-json\/wp\/v2\/media?parent=703"}],"wp:term":[{"taxonomy":"category","embeddable":true,"href":"https:\/\/lesoleil.bf\/index.php\/wp-json\/wp\/v2\/categories?post=703"},{"taxonomy":"post_tag","embeddable":true,"href":"https:\/\/lesoleil.bf\/index.php\/wp-json\/wp\/v2\/tags?post=703"}],"curies":[{"name":"wp","href":"https:\/\/api.w.org\/{rel}","templated":true}]}}