{"id":694,"date":"2022-09-14T21:01:03","date_gmt":"2022-09-14T21:01:03","guid":{"rendered":"https:\/\/lesoleil.bf\/?p=694"},"modified":"2022-09-14T21:01:06","modified_gmt":"2022-09-14T21:01:06","slug":"justice-le-mplj-exige-la-liberation-immediate-du-lieutenant-colonel-zoungrana","status":"publish","type":"post","link":"https:\/\/lesoleil.bf\/index.php\/2022\/09\/14\/justice-le-mplj-exige-la-liberation-immediate-du-lieutenant-colonel-zoungrana\/","title":{"rendered":"Justice : Le MPLJ exige la lib\u00e9ration imm\u00e9diate du lieutenant-colonel ZOUNGRANA"},"content":{"rendered":"\n<p>A quand le jugement du lieutenant-colonel Emmanuel ZOUNGRANA et ses co-detenus ? S&rsquo;il est coupable qu&rsquo;on le juge et qu&rsquo;on le prouve. Ces deux points constituent les axes de revendication du Mouvement patriotique pour la libert\u00e9 et la justice ( MPLJ). Ces pro-Zoungrana ont tenu une conf\u00e9rence de presse dans le chef-lieu de la commune d&rsquo;origine du Lieutenant-colonel \u00e0 Pabr\u00e9, pr\u00e9cis\u00e9ment \u00e0 la salle de <a><\/a>f\u00eates. Ils exigent la lib\u00e9ration imm\u00e9diate et sans condition de ce militaire dont ils vantent les hauts faits de guerre. Pour eux, le Lieutenant-colonel est un brave officier sup\u00e9rieur qui a de l&rsquo;expertise \u00e0 vendre en cette p\u00e9riode de guerre.<\/p>\n\n\n\n<p>Le voeu de cette lib\u00e9ration a \u00e9t\u00e9 encore r\u00e9it\u00e9r\u00e9 par le Pr\u00e9sident du mouvement Marcel OUEDRAOGO et son \u00e9quipe ce dimanche 11 septembre.<\/p>\n\n\n\n<p>Mieux, les partisans de l&rsquo;ex commandant de Ouahigouya proc\u00e8de \u00e0 un maillage du pays. Ils d\u00e9localisent la structure jusque l\u00e0 bas\u00e9e uniquement \u00e0 Ouagadougou.<\/p>\n\n\n\n<p>A la faveur de cette conf\u00e9rence de presse, occasion a \u00e9t\u00e9 donn\u00e9e de faire l&rsquo;installation officielle de la section communale de Pabr\u00e9, commune d&rsquo;origine de l&rsquo;officier.<\/p>\n\n\n\n<p>Selon les responsables ,le mouvement a \u00e9t\u00e9 cr\u00e9\u00e9 lors de l&rsquo;arrestation et l&rsquo;incarc\u00e9ration du lieutenant colonel. Il vise \u00e0 d\u00e9fendre et \u00e0 prot\u00e9ger les droits des citoyens dont Emmanuel ZOUNGRANA et tous ceux qui sont victimes d&rsquo;injustice. Il entend donc poursuivre son combat m\u00eame si l&rsquo;homme de Bictogo ( village de la commune de Pabr\u00e9) parvenait a \u00eatre lib\u00e9r\u00e9.<\/p>\n\n\n\n<div class=\"wp-block-columns is-layout-flex wp-container-core-columns-is-layout-1 wp-block-columns-is-layout-flex\">\n<div class=\"wp-block-column is-layout-flow wp-block-column-is-layout-flow\" style=\"flex-basis:100%\">\n<figure class=\"wp-block-image size-full is-resized\"><img loading=\"lazy\" decoding=\"async\" src=\"https:\/\/lesoleil.bf\/wp-content\/uploads\/2022\/09\/OSC-2.jpg\" alt=\"\" class=\"wp-image-696\" width=\"910\" height=\"683\" srcset=\"https:\/\/lesoleil.bf\/wp-content\/uploads\/2022\/09\/OSC-2.jpg 600w, https:\/\/lesoleil.bf\/wp-content\/uploads\/2022\/09\/OSC-2-300x225.jpg 300w\" sizes=\"auto, (max-width: 910px) 100vw, 910px\" \/><figcaption>Le Mouvement patriotique pour la libert\u00e9 et la justice ( MPLJ)<\/figcaption><\/figure>\n\n\n\n<figure class=\"wp-block-image size-full\"><img loading=\"lazy\" decoding=\"async\" width=\"960\" height=\"720\" src=\"https:\/\/lesoleil.bf\/wp-content\/uploads\/2022\/09\/OSC-3.jpg\" alt=\"\" class=\"wp-image-697\" srcset=\"https:\/\/lesoleil.bf\/wp-content\/uploads\/2022\/09\/OSC-3.jpg 960w, https:\/\/lesoleil.bf\/wp-content\/uploads\/2022\/09\/OSC-3-300x225.jpg 300w, https:\/\/lesoleil.bf\/wp-content\/uploads\/2022\/09\/OSC-3-768x576.jpg 768w\" sizes=\"auto, (max-width: 960px) 100vw, 960px\" \/><figcaption>Le pr\u00e9sidium form\u00e9 des responsable du mouvement<\/figcaption><\/figure>\n<\/div>\n<\/div>\n\n\n\n<p>Idriss Vie BAYILI pour <a href=\"https:\/\/web.facebook.com\/hashtag\/lesoleilbfnews?__eep__=6&amp;__cft__[0]=AZUq7CvUXKyFwqPWFYJOlDVFkFnkycupLalC9n4XtGtly7bdUPJ__-9wE6Py_IgazzdLh9GAP4AV6fQ6uClMW2DgsJOloXyiZNc34rx1x8LsyvFAs_L9-jVIWsHtGDu2tjQ&amp;__tn__=*NK-R\">#lesoleilbfnews<\/a> et <a href=\"https:\/\/l.facebook.com\/l.php?u=http%3A%2F%2Fwww.lesoleil.bf%2F%3Ffbclid%3DIwAR0tWVnBbNdtQtnyUVy0cIB3VCs_hpQcjJZ504P7Gs23kx5kz5vOJLcfx-c&amp;h=AT2aNMaqk6FUGyLql9TbiwLL2LvBz8hPdH8EMisKNR7PE442mju3LEi3vcjah-pkTEc_jLRzrZKBEwS9fOS6qLjlIpteNXefD7LmSa1FaxTrCrCvSefcJxdJVcsz9j1HZpA6-6RF3Q&amp;__tn__=-UK-R&amp;c[0]=AT3z0n8UwOY0Smmkaka876InF9cHjKXHrPhuew_DaU_CUXHAAOvVI5M4wroeQZbY-OHZERqCqtcmqH7JI6ClcnurEel1rd5jry5RicLO_MIc6hlSXuBEIu20dfBJqds1liJxUzsV_cfsSWKVty5NJVqYiw\" rel=\"noreferrer noopener\" target=\"_blank\">www.lesoleil.bf<\/a><\/p>\n\n\n\n<p><a href=\"https:\/\/web.facebook.com\/hashtag\/mplj_free_zoungrana?__eep__=6&amp;__cft__[0]=AZUq7CvUXKyFwqPWFYJOlDVFkFnkycupLalC9n4XtGtly7bdUPJ__-9wE6Py_IgazzdLh9GAP4AV6fQ6uClMW2DgsJOloXyiZNc34rx1x8LsyvFAs_L9-jVIWsHtGDu2tjQ&amp;__tn__=*NK-R\">#mplj_free_zoungrana<\/a><\/p>\n\n\n\n<p><a href=\"https:\/\/web.facebook.com\/hashtag\/liberation_colonel_zoungrana?__eep__=6&amp;__cft__[0]=AZUq7CvUXKyFwqPWFYJOlDVFkFnkycupLalC9n4XtGtly7bdUPJ__-9wE6Py_IgazzdLh9GAP4AV6fQ6uClMW2DgsJOloXyiZNc34rx1x8LsyvFAs_L9-jVIWsHtGDu2tjQ&amp;__tn__=*NK-R\">#liberation_colonel_zoungrana<\/a><\/p>\n\n\n\n<p><a href=\"https:\/\/web.facebook.com\/hashtag\/conference_de_pabre_mplj?__eep__=6&amp;__cft__[0]=AZUq7CvUXKyFwqPWFYJOlDVFkFnkycupLalC9n4XtGtly7bdUPJ__-9wE6Py_IgazzdLh9GAP4AV6fQ6uClMW2DgsJOloXyiZNc34rx1x8LsyvFAs_L9-jVIWsHtGDu2tjQ&amp;__tn__=*NK-R\">#conference_de_pabre_mplj<\/a><\/p>\n","protected":false},"excerpt":{"rendered":"<p>A quand le jugement du lieutenant-colonel Emmanuel ZOUNGRANA et ses co-detenus ? S&rsquo;il est coupable qu&rsquo;on le juge et qu&rsquo;on le prouve. Ces deux points constituent les axes de revendication du Mouvement patriotique pour la libert\u00e9 et la justice ( MPLJ). Ces pro-Zoungrana ont tenu une conf\u00e9rence de presse dans le chef-lieu de la commune [&hellip;]<\/p>\n","protected":false},"author":1,"featured_media":695,"comment_status":"open","ping_status":"open","sticky":false,"template":"","format":"standard","meta":{"site-sidebar-layout":"default","site-content-layout":"","ast-site-content-layout":"","site-content-style":"default","site-sidebar-style":"default","ast-global-header-display":"","ast-banner-title-visibility":"","ast-main-header-display":"","ast-hfb-above-header-display":"","ast-hfb-below-header-display":"","ast-hfb-mobile-header-display":"","site-post-title":"","ast-breadcrumbs-content":"","ast-featured-img":"","footer-sml-layout":"","theme-transparent-header-meta":"","adv-header-id-meta":"","stick-header-meta":"","header-above-stick-meta":"","header-main-stick-meta":"","header-below-stick-meta":"","astra-migrate-meta-layouts":"default","ast-page-background-enabled":"default","ast-page-background-meta":{"desktop":{"background-color":"var(--ast-global-color-4)","background-image":"","background-repeat":"repeat","background-position":"center center","background-size":"auto","background-attachment":"scroll","background-type":"","background-media":"","overlay-type":"","overlay-color":"","overlay-opacity":"","overlay-gradient":""},"tablet":{"background-color":"","background-image":"","background-repeat":"repeat","background-position":"center center","background-size":"auto","background-attachment":"scroll","background-type":"","background-media":"","overlay-type":"","overlay-color":"","overlay-opacity":"","overlay-gradient":""},"mobile":{"background-color":"","background-image":"","background-repeat":"repeat","background-position":"center center","background-size":"auto","background-attachment":"scroll","background-type":"","background-media":"","overlay-type":"","overlay-color":"","overlay-opacity":"","overlay-gradient":""}},"ast-content-background-meta":{"desktop":{"background-color":"var(--ast-global-color-5)","background-image":"","background-repeat":"repeat","background-position":"center center","background-size":"auto","background-attachment":"scroll","background-type":"","background-media":"","overlay-type":"","overlay-color":"","overlay-opacity":"","overlay-gradient":""},"tablet":{"background-color":"var(--ast-global-color-5)","background-image":"","background-repeat":"repeat","background-position":"center center","background-size":"auto","background-attachment":"scroll","background-type":"","background-media":"","overlay-type":"","overlay-color":"","overlay-opacity":"","overlay-gradient":""},"mobile":{"background-color":"var(--ast-global-color-5)","background-image":"","background-repeat":"repeat","background-position":"center center","background-size":"auto","background-attachment":"scroll","background-type":"","background-media":"","overlay-type":"","overlay-color":"","overlay-opacity":"","overlay-gradient":""}},"footnotes":""},"categories":[9,4],"tags":[],"class_list":["post-694","post","type-post","status-publish","format-standard","has-post-thumbnail","hentry","category-politique","category-societe"],"_links":{"self":[{"href":"https:\/\/lesoleil.bf\/index.php\/wp-json\/wp\/v2\/posts\/694","targetHints":{"allow":["GET"]}}],"collection":[{"href":"https:\/\/lesoleil.bf\/index.php\/wp-json\/wp\/v2\/posts"}],"about":[{"href":"https:\/\/lesoleil.bf\/index.php\/wp-json\/wp\/v2\/types\/post"}],"author":[{"embeddable":true,"href":"https:\/\/lesoleil.bf\/index.php\/wp-json\/wp\/v2\/users\/1"}],"replies":[{"embeddable":true,"href":"https:\/\/lesoleil.bf\/index.php\/wp-json\/wp\/v2\/comments?post=694"}],"version-history":[{"count":1,"href":"https:\/\/lesoleil.bf\/index.php\/wp-json\/wp\/v2\/posts\/694\/revisions"}],"predecessor-version":[{"id":698,"href":"https:\/\/lesoleil.bf\/index.php\/wp-json\/wp\/v2\/posts\/694\/revisions\/698"}],"wp:featuredmedia":[{"embeddable":true,"href":"https:\/\/lesoleil.bf\/index.php\/wp-json\/wp\/v2\/media\/695"}],"wp:attachment":[{"href":"https:\/\/lesoleil.bf\/index.php\/wp-json\/wp\/v2\/media?parent=694"}],"wp:term":[{"taxonomy":"category","embeddable":true,"href":"https:\/\/lesoleil.bf\/index.php\/wp-json\/wp\/v2\/categories?post=694"},{"taxonomy":"post_tag","embeddable":true,"href":"https:\/\/lesoleil.bf\/index.php\/wp-json\/wp\/v2\/tags?post=694"}],"curies":[{"name":"wp","href":"https:\/\/api.w.org\/{rel}","templated":true}]}}