{"id":691,"date":"2022-09-14T20:53:14","date_gmt":"2022-09-14T20:53:14","guid":{"rendered":"https:\/\/lesoleil.bf\/?p=691"},"modified":"2022-09-14T20:53:16","modified_gmt":"2022-09-14T20:53:16","slug":"operationnalisation-de-lassurance-maladie-universelle-le-ministre-bassolma-bazie-donne-des-orientations-au-dg","status":"publish","type":"post","link":"https:\/\/lesoleil.bf\/index.php\/2022\/09\/14\/operationnalisation-de-lassurance-maladie-universelle-le-ministre-bassolma-bazie-donne-des-orientations-au-dg\/","title":{"rendered":"Op\u00e9rationnalisation de l&rsquo;assurance maladie universelle : le ministre Bassolma Bazi\u00e9 donne des orientations au DG."},"content":{"rendered":"\n<p>Avec les conditions de vie difficile que vivent les populations, l\u2019op\u00e9rationnalisation de l&rsquo;assurance maladie universelle peut les soulager. Il y a donc la n\u00e9cessit\u00e9 de la rendre effective dans de meilleurs d\u00e9lais. C&rsquo;est dans cette optique que le ministre de la Fonction publique, du Travail et de la Protection sociale, Bassolma Bazi\u00e9 a \u00e9chang\u00e9 avec le directeur <a><\/a>g\u00e9n\u00e9ral de la Caisse Nationale d\u2019Assurance Maladie Universelle (CNAMU), Souma\u00efla Gamsor\u00e9 dans la mi-journ\u00e9e du vendredi 09 septembre 2022, pour lever les obstacles \u00e0 la mise en \u0153uvre de cette priorit\u00e9 du Gouvernement .<\/p>\n\n\n\n<p>\u00ab Le Burkina Faso, conform\u00e9ment \u00e0 la convention 102 de l\u2019Organisation Internationale du Travail (OIT), a d\u00e9j\u00e0 servi \u00e0 la population un nombre minimal en mati\u00e8re de s\u00e9curit\u00e9 sociale. Notre d\u00e9fi est de couvrir deux autres branches, l\u2019assurance ch\u00f4mage et le risque maladie. Aujourd\u2019hui, les textes d\u2019application du RAMU ont d\u00e9j\u00e0 \u00e9t\u00e9 produits. Il reste \u00e0 accorder les violons avec l\u2019ensemble des acteurs, pour arriver \u00e0 des solutions consensuelles pour le bien-\u00eatre des Burkinab\u00e8 \u00bb, a d\u00e9clar\u00e9 le DG de la CNAMU, Souma\u00efla Gamsor\u00e9.<\/p>\n\n\n\n<p>Au cours de l\u2019audience, le ministre Bazi\u00e9 a insist\u00e9 sur la n\u00e9cessit\u00e9 de rencontrer au plus vite les diff\u00e9rents acteurs et valider les documents dans les meilleurs d\u00e9lais. Toute chose qui permettra de rassurer les futurs assur\u00e9s sociaux et les structures syndicales, quant au panier de soins.<\/p>\n\n\n\n<p><strong>DCRP\/MFPTPS<\/strong><\/p>\n","protected":false},"excerpt":{"rendered":"<p>Avec les conditions de vie difficile que vivent les populations, l\u2019op\u00e9rationnalisation de l&rsquo;assurance maladie universelle peut les soulager. Il y a donc la n\u00e9cessit\u00e9 de la rendre effective dans de meilleurs d\u00e9lais. C&rsquo;est dans cette optique que le ministre de la Fonction publique, du Travail et de la Protection sociale, Bassolma Bazi\u00e9 a \u00e9chang\u00e9 avec [&hellip;]<\/p>\n","protected":false},"author":1,"featured_media":692,"comment_status":"open","ping_status":"open","sticky":false,"template":"","format":"standard","meta":{"site-sidebar-layout":"default","site-content-layout":"","ast-site-content-layout":"","site-content-style":"default","site-sidebar-style":"default","ast-global-header-display":"","ast-banner-title-visibility":"","ast-main-header-display":"","ast-hfb-above-header-display":"","ast-hfb-below-header-display":"","ast-hfb-mobile-header-display":"","site-post-title":"","ast-breadcrumbs-content":"","ast-featured-img":"","footer-sml-layout":"","theme-transparent-header-meta":"","adv-header-id-meta":"","stick-header-meta":"","header-above-stick-meta":"","header-main-stick-meta":"","header-below-stick-meta":"","astra-migrate-meta-layouts":"default","ast-page-background-enabled":"default","ast-page-background-meta":{"desktop":{"background-color":"var(--ast-global-color-4)","background-image":"","background-repeat":"repeat","background-position":"center center","background-size":"auto","background-attachment":"scroll","background-type":"","background-media":"","overlay-type":"","overlay-color":"","overlay-opacity":"","overlay-gradient":""},"tablet":{"background-color":"","background-image":"","background-repeat":"repeat","background-position":"center center","background-size":"auto","background-attachment":"scroll","background-type":"","background-media":"","overlay-type":"","overlay-color":"","overlay-opacity":"","overlay-gradient":""},"mobile":{"background-color":"","background-image":"","background-repeat":"repeat","background-position":"center center","background-size":"auto","background-attachment":"scroll","background-type":"","background-media":"","overlay-type":"","overlay-color":"","overlay-opacity":"","overlay-gradient":""}},"ast-content-background-meta":{"desktop":{"background-color":"var(--ast-global-color-5)","background-image":"","background-repeat":"repeat","background-position":"center center","background-size":"auto","background-attachment":"scroll","background-type":"","background-media":"","overlay-type":"","overlay-color":"","overlay-opacity":"","overlay-gradient":""},"tablet":{"background-color":"var(--ast-global-color-5)","background-image":"","background-repeat":"repeat","background-position":"center center","background-size":"auto","background-attachment":"scroll","background-type":"","background-media":"","overlay-type":"","overlay-color":"","overlay-opacity":"","overlay-gradient":""},"mobile":{"background-color":"var(--ast-global-color-5)","background-image":"","background-repeat":"repeat","background-position":"center center","background-size":"auto","background-attachment":"scroll","background-type":"","background-media":"","overlay-type":"","overlay-color":"","overlay-opacity":"","overlay-gradient":""}},"footnotes":""},"categories":[6,9],"tags":[],"class_list":["post-691","post","type-post","status-publish","format-standard","has-post-thumbnail","hentry","category-education","category-politique"],"_links":{"self":[{"href":"https:\/\/lesoleil.bf\/index.php\/wp-json\/wp\/v2\/posts\/691","targetHints":{"allow":["GET"]}}],"collection":[{"href":"https:\/\/lesoleil.bf\/index.php\/wp-json\/wp\/v2\/posts"}],"about":[{"href":"https:\/\/lesoleil.bf\/index.php\/wp-json\/wp\/v2\/types\/post"}],"author":[{"embeddable":true,"href":"https:\/\/lesoleil.bf\/index.php\/wp-json\/wp\/v2\/users\/1"}],"replies":[{"embeddable":true,"href":"https:\/\/lesoleil.bf\/index.php\/wp-json\/wp\/v2\/comments?post=691"}],"version-history":[{"count":1,"href":"https:\/\/lesoleil.bf\/index.php\/wp-json\/wp\/v2\/posts\/691\/revisions"}],"predecessor-version":[{"id":693,"href":"https:\/\/lesoleil.bf\/index.php\/wp-json\/wp\/v2\/posts\/691\/revisions\/693"}],"wp:featuredmedia":[{"embeddable":true,"href":"https:\/\/lesoleil.bf\/index.php\/wp-json\/wp\/v2\/media\/692"}],"wp:attachment":[{"href":"https:\/\/lesoleil.bf\/index.php\/wp-json\/wp\/v2\/media?parent=691"}],"wp:term":[{"taxonomy":"category","embeddable":true,"href":"https:\/\/lesoleil.bf\/index.php\/wp-json\/wp\/v2\/categories?post=691"},{"taxonomy":"post_tag","embeddable":true,"href":"https:\/\/lesoleil.bf\/index.php\/wp-json\/wp\/v2\/tags?post=691"}],"curies":[{"name":"wp","href":"https:\/\/api.w.org\/{rel}","templated":true}]}}