{"id":679,"date":"2022-09-07T09:32:39","date_gmt":"2022-09-07T09:32:39","guid":{"rendered":"https:\/\/lesoleil.bf\/?p=679"},"modified":"2022-09-07T09:32:41","modified_gmt":"2022-09-07T09:32:41","slug":"violences-inter-osc-lactiviste-maiga-demissionne-de-son-osc","status":"publish","type":"post","link":"https:\/\/lesoleil.bf\/index.php\/2022\/09\/07\/violences-inter-osc-lactiviste-maiga-demissionne-de-son-osc\/","title":{"rendered":"Violences inter-OSC : L&rsquo;activiste Maiga d\u00e9missionne de son OSC"},"content":{"rendered":"\n<p>La nouvelle est tomb\u00e9e. Violente! Ambivalente! A l&rsquo;instar du personnage principal qui l&rsquo;annonce. Lui le controvers\u00e9 acteur de la sc\u00e8ne politique burkinab\u00e8. En effet, Ibrahima Maiga a annonc\u00e9 le 6 septembre 2022 sa d\u00e9mission de &lt;&lt;Sauvons le Burkina&gt;&gt;. Cette OSC qui a ass\u00e9n\u00e9 les derniers coups fatals au r\u00e9gime du pr\u00e9sident Roch KABORE avant sa chute.<\/p>\n\n\n\n<p><a><\/a>Extrait: &lt;&lt;Le virage que le Burkina prend \u00e9tant devenu dangereux, il est important de penser nos actions. A aucun moment le mouvement sauvons le Burkina Faso n\u2019a \u00e9t\u00e9 cr\u00e9er pour servir de bras arm\u00e9 \u00e0 un quelconque groupe. Aucune violence vis \u00e0 vis de ceux qui expriment leur m\u00e9contentement ne saurait avoir mon assentiment. Les incidents de ces derniers jours (la substitution du mouvement \u00e0 la force publique) me forcent \u00e0 tir\u00e9 les cons\u00e9quences qui s\u2019imposent en d\u00e9missionnant du mouvement.<\/p>\n\n\n\n<p>Ibrahima Maiga&gt;&gt;.<\/p>\n\n\n\n<p>En rappel cette d\u00e9mission intervient le jour des affrontements entre les militants de l&rsquo;OSC &lt;&lt;le Balai citoyen&gt;&gt; et ceux identifi\u00e9s comme \u00e9tant de &lt;&lt;Sauvons le Burkina&gt;&gt;.<\/p>\n\n\n\n<p>La premi\u00e8re structure a donn\u00e9 le ton en appelant ses militants \u00e0 manifester pour exiger la clarification de la situation judiciaire (chefs d&rsquo;accusation \u00e9ventuels) sur la personne de son militant Ollo Mathias Kambou et sa relaxation au regard des faits quand la seconde s&rsquo;en est oppos\u00e9e. S&rsquo;en sont suivis des affrontements dans la ville de Ouagadougou qui a fait des bless\u00e9s.<\/p>\n\n\n\n<p>Goutte d&rsquo;eau qui a fait d\u00e9border le vase? Ou encore divergence d&rsquo;approche entre l&rsquo;aile de Valentin Gnamekoudougou et Ibrahim Maiga ? Une chose est certaine les analystes de la sc\u00e8ne politique annon\u00e7ait d\u00e9j\u00e0 un retrait progressif ou encore une OPA du sieur Gnamekoudougou sur la structure.<\/p>\n\n\n\n<p>Connaissant le tr\u00e9pidant activiste qui vit au pays de l&rsquo;oncle Sam, il n&rsquo;est pas \u00e0 exclure qu&rsquo;il enfante \u00e0 nouveau d&rsquo;une OSC. Lui qui ne manque pas de grossesse d&rsquo;id\u00e9es.<\/p>\n\n\n\n<p>Notons que cette agitation de la sc\u00e8ne politique se fait dans un climat o\u00f9 les pertes en vie humaines, d\u00e9g\u00e2ts mat\u00e9riels et les bless\u00e9s se comptent par centaines chaque mois au pays des hommes int\u00e8gres.<\/p>\n\n\n\n<p>Camille OUEDRAOGO pour lesoleil.bf et <a href=\"http:\/\/www.lesoleil.bf\/?fbclid=IwAR2G-LapMiBghqpganBwEdYk6kkPHVMQbKVqHrqVIciH6ygC4tj16yXogEY\" rel=\"noreferrer noopener\" target=\"_blank\">www.lesoleil.bf<\/a><\/p>\n\n\n\n<p><a href=\"https:\/\/web.facebook.com\/hashtag\/demission_maiga_sauvonsleburkina?__eep__=6&amp;__cft__[0]=AZUy97TkF3O6djTgdEohVxBzja1dDeoI9JjRlNUTNi-4kJnfg7GqXTrxrp5Qi_tGmxER9-2MZMKvhzMmsHn3gIwjPW4CoY-jTjoiwcosVRmHBBu7UmpTbUKZJqdjw5-MCN6axvF6BEBvcf7gXdkLvuN-M3OkdgFdiEBgEUzm44vM-P0a8xkCUpmgUFX-uWKmng0&amp;__tn__=*NK-R\">#demission_maiga_sauvonsleburkina<\/a><\/p>\n\n\n\n<p><a href=\"https:\/\/web.facebook.com\/hashtag\/valentin_gnamekoudougou_versus_maiga?__eep__=6&amp;__cft__[0]=AZUy97TkF3O6djTgdEohVxBzja1dDeoI9JjRlNUTNi-4kJnfg7GqXTrxrp5Qi_tGmxER9-2MZMKvhzMmsHn3gIwjPW4CoY-jTjoiwcosVRmHBBu7UmpTbUKZJqdjw5-MCN6axvF6BEBvcf7gXdkLvuN-M3OkdgFdiEBgEUzm44vM-P0a8xkCUpmgUFX-uWKmng0&amp;__tn__=*NK-R\">#valentin_gnamekoudougou_versus_maiga<\/a><\/p>\n","protected":false},"excerpt":{"rendered":"<p>La nouvelle est tomb\u00e9e. Violente! Ambivalente! A l&rsquo;instar du personnage principal qui l&rsquo;annonce. Lui le controvers\u00e9 acteur de la sc\u00e8ne politique burkinab\u00e8. En effet, Ibrahima Maiga a annonc\u00e9 le 6 septembre 2022 sa d\u00e9mission de &lt;&lt;Sauvons le Burkina&gt;&gt;. Cette OSC qui a ass\u00e9n\u00e9 les derniers coups fatals au r\u00e9gime du pr\u00e9sident Roch KABORE avant sa [&hellip;]<\/p>\n","protected":false},"author":1,"featured_media":680,"comment_status":"open","ping_status":"open","sticky":false,"template":"","format":"standard","meta":{"site-sidebar-layout":"default","site-content-layout":"","ast-site-content-layout":"","site-content-style":"default","site-sidebar-style":"default","ast-global-header-display":"","ast-banner-title-visibility":"","ast-main-header-display":"","ast-hfb-above-header-display":"","ast-hfb-below-header-display":"","ast-hfb-mobile-header-display":"","site-post-title":"","ast-breadcrumbs-content":"","ast-featured-img":"","footer-sml-layout":"","theme-transparent-header-meta":"","adv-header-id-meta":"","stick-header-meta":"","header-above-stick-meta":"","header-main-stick-meta":"","header-below-stick-meta":"","astra-migrate-meta-layouts":"default","ast-page-background-enabled":"default","ast-page-background-meta":{"desktop":{"background-color":"var(--ast-global-color-4)","background-image":"","background-repeat":"repeat","background-position":"center center","background-size":"auto","background-attachment":"scroll","background-type":"","background-media":"","overlay-type":"","overlay-color":"","overlay-opacity":"","overlay-gradient":""},"tablet":{"background-color":"","background-image":"","background-repeat":"repeat","background-position":"center center","background-size":"auto","background-attachment":"scroll","background-type":"","background-media":"","overlay-type":"","overlay-color":"","overlay-opacity":"","overlay-gradient":""},"mobile":{"background-color":"","background-image":"","background-repeat":"repeat","background-position":"center center","background-size":"auto","background-attachment":"scroll","background-type":"","background-media":"","overlay-type":"","overlay-color":"","overlay-opacity":"","overlay-gradient":""}},"ast-content-background-meta":{"desktop":{"background-color":"var(--ast-global-color-5)","background-image":"","background-repeat":"repeat","background-position":"center center","background-size":"auto","background-attachment":"scroll","background-type":"","background-media":"","overlay-type":"","overlay-color":"","overlay-opacity":"","overlay-gradient":""},"tablet":{"background-color":"var(--ast-global-color-5)","background-image":"","background-repeat":"repeat","background-position":"center center","background-size":"auto","background-attachment":"scroll","background-type":"","background-media":"","overlay-type":"","overlay-color":"","overlay-opacity":"","overlay-gradient":""},"mobile":{"background-color":"var(--ast-global-color-5)","background-image":"","background-repeat":"repeat","background-position":"center center","background-size":"auto","background-attachment":"scroll","background-type":"","background-media":"","overlay-type":"","overlay-color":"","overlay-opacity":"","overlay-gradient":""}},"footnotes":""},"categories":[9],"tags":[],"class_list":["post-679","post","type-post","status-publish","format-standard","has-post-thumbnail","hentry","category-politique"],"_links":{"self":[{"href":"https:\/\/lesoleil.bf\/index.php\/wp-json\/wp\/v2\/posts\/679","targetHints":{"allow":["GET"]}}],"collection":[{"href":"https:\/\/lesoleil.bf\/index.php\/wp-json\/wp\/v2\/posts"}],"about":[{"href":"https:\/\/lesoleil.bf\/index.php\/wp-json\/wp\/v2\/types\/post"}],"author":[{"embeddable":true,"href":"https:\/\/lesoleil.bf\/index.php\/wp-json\/wp\/v2\/users\/1"}],"replies":[{"embeddable":true,"href":"https:\/\/lesoleil.bf\/index.php\/wp-json\/wp\/v2\/comments?post=679"}],"version-history":[{"count":1,"href":"https:\/\/lesoleil.bf\/index.php\/wp-json\/wp\/v2\/posts\/679\/revisions"}],"predecessor-version":[{"id":681,"href":"https:\/\/lesoleil.bf\/index.php\/wp-json\/wp\/v2\/posts\/679\/revisions\/681"}],"wp:featuredmedia":[{"embeddable":true,"href":"https:\/\/lesoleil.bf\/index.php\/wp-json\/wp\/v2\/media\/680"}],"wp:attachment":[{"href":"https:\/\/lesoleil.bf\/index.php\/wp-json\/wp\/v2\/media?parent=679"}],"wp:term":[{"taxonomy":"category","embeddable":true,"href":"https:\/\/lesoleil.bf\/index.php\/wp-json\/wp\/v2\/categories?post=679"},{"taxonomy":"post_tag","embeddable":true,"href":"https:\/\/lesoleil.bf\/index.php\/wp-json\/wp\/v2\/tags?post=679"}],"curies":[{"name":"wp","href":"https:\/\/api.w.org\/{rel}","templated":true}]}}