{"id":676,"date":"2022-08-31T19:16:31","date_gmt":"2022-08-31T19:16:31","guid":{"rendered":"https:\/\/lesoleil.bf\/?p=676"},"modified":"2022-08-31T19:16:34","modified_gmt":"2022-08-31T19:16:34","slug":"formation-en-pesu","status":"publish","type":"post","link":"https:\/\/lesoleil.bf\/index.php\/2022\/08\/31\/formation-en-pesu\/","title":{"rendered":"Formation en PESU"},"content":{"rendered":"\n<p>Du 29 ao\u00fbt au 02 Sept, de 18h30 \u00e0 21h, d\u00e9crochez votre certificat en Protection de l\u2019Enfant en Situation d\u2019Urgence (PESU) avec ISMIC et ISESPO. Formation en pr\u00e9sentiel \u00e0 ISMIC (boulevard des Tansoaba, 1<sup>er<\/sup> \u00e9tage Immeuble NASSA pr\u00e8s du SIAO) et \u00e0 distance via Skype, Email et WhatsApp.<\/p>\n\n\n\n<p><strong><u>Public cible<\/u><\/strong>&nbsp;: Travailleurs humanitaires, Diplomates, coordonnateurs de projets, hommes\/femmes politiques, hommes\/ femmes d\u2019affaires, chercheurs en sciences politiques, leaders d\u2019associations, analystes politiques, consultants, \u00e9tudiants, jeunes ambitieux.<\/p>\n\n\n\n<p><strong><u>Contenu&nbsp;:<\/u><\/strong><\/p>\n\n\n\n<p>Module 1&nbsp;: Module 1&nbsp;: concepts et principes fondamentaux de la protection de l\u2019enfant en situation d\u2019urgence<\/p>\n\n\n\n<p>Module 2&nbsp;: Besoins de protection face aux dangers et blessures, aux violences physiques et &nbsp;autres pratiques nocives<\/p>\n\n\n\n<p>Module 3&nbsp;: Besoins de protection face \u00e0 la d\u00e9tresse psychosociale et troubles mentaux, \u00e0 l\u2019enr\u00f4lement dans des groupes arm\u00e9s<\/p>\n\n\n\n<p>Module 4&nbsp;: Strat\u00e9gie de protection de l\u2019enfance<\/p>\n\n\n\n<p><strong><u>Plus de la formation<\/u><\/strong><strong>:<\/strong><\/p>\n\n\n\n<p>\u00b7&nbsp;&nbsp;&nbsp;&nbsp;&nbsp;&nbsp;&nbsp; Modules, documents et vid\u00e9os de formation<\/p>\n\n\n\n<p>\u00b7&nbsp;&nbsp;&nbsp;&nbsp;&nbsp;&nbsp;&nbsp; Certificat&nbsp;<\/p>\n\n\n\n<p>\u00b7&nbsp;&nbsp;&nbsp;&nbsp;&nbsp;&nbsp;&nbsp; Cocktail \u00e0 la sortie de promotion<\/p>\n\n\n\n<p>\u00b7&nbsp;&nbsp;&nbsp;&nbsp;&nbsp;&nbsp;&nbsp; Suivi post-formation<\/p>\n\n\n\n<p>\u00b7&nbsp;&nbsp;&nbsp;&nbsp;&nbsp;&nbsp;&nbsp; Int\u00e9gration \u00e0 un r\u00e9seau d\u2019experts de divers profils<\/p>\n\n\n\n<p><strong><u>Formateur<\/u><\/strong>&nbsp;: Le formateur est \u00e0 la fois&nbsp;:<\/p>\n\n\n\n<p>\u00b7&nbsp;&nbsp;&nbsp;&nbsp;&nbsp;&nbsp;&nbsp; Sp\u00e9cialiste en management des projets et crises humanitaires<\/p>\n\n\n\n<p>\u00b7&nbsp;&nbsp;&nbsp;&nbsp;&nbsp;&nbsp;&nbsp; Expert en Appui psychosocial, communication de crise, gestion des conflits et m\u00e9diation<\/p>\n\n\n\n<p>\u00b7&nbsp;&nbsp;&nbsp;&nbsp;&nbsp;&nbsp;&nbsp; Enseignant du sup\u00e9rieur<\/p>\n\n\n\n<p><strong><u>Co\u00fbt de la formation&nbsp;<\/u><\/strong>: Le co\u00fbt de la formation est de 75 000 FCFA\/ participant. &nbsp;Les frais peuvent \u00eatre pay\u00e9s en 02 tranches. 50% avant la formation et 50% le jour de la formation. Possibilit\u00e9 de payer par&nbsp; Orange Money (67 40 15 88) ou Moov Money (60 61 41 41).<\/p>\n\n\n\n<p><strong><u>Lieu&nbsp;et horaires&nbsp;<\/u><\/strong><strong>: <\/strong>Rendez-vous donc du <strong>29 Ao\u00fbt au 02 Sept, de 16h30 \u00e0 18h30<\/strong> \u00e0 ISMIC Ouaga (boulevard des Tansoaba, 1<sup>er<\/sup> \u00e9tage Immeuble NASSA pr\u00e8s du SIAO) et en ligne sur Skype et WhatsApp.<\/p>\n\n\n\n<p><strong><u>Inscriptions<\/u><\/strong><strong>&nbsp;<\/strong>: Pour une formation de qualit\u00e9, le nombre de participants est limit\u00e9. Les inscriptions sont ouvertes jusqu\u2019au 27 ao\u00fbt &nbsp;2022.&nbsp;<\/p>\n\n\n\n<p>Inscrivez-vous donc maintenant ici&nbsp;: <a href=\"https:\/\/netafrique.net\/mailster\/6395413215\/3092fa94fa1a18fdffba3584a9a43258\/aHR0cHM6Ly9iaXQubHkvM1FLb0RPUg\" target=\"_blank\" rel=\"noreferrer noopener\">https:\/\/bit.ly\/3QKoDOR<\/a><\/p>\n\n\n\n<p><strong>INFOS ET INSCRIPTIONS<\/strong><\/p>\n\n\n\n<p>67 40 15 88<\/p>\n\n\n\n<p>60 61 41 41<\/p>\n\n\n\n<p><strong>ISMIC, L\u2019INSTITUT DES STRATEGES!<\/strong><strong>ISESPO, ANTICIPER POUR IMPACTER&nbsp;!<\/strong><\/p>\n","protected":false},"excerpt":{"rendered":"<p>Du 29 ao\u00fbt au 02 Sept, de 18h30 \u00e0 21h, d\u00e9crochez votre certificat en Protection de l\u2019Enfant en Situation d\u2019Urgence (PESU) avec ISMIC et ISESPO. Formation en pr\u00e9sentiel \u00e0 ISMIC (boulevard des Tansoaba, 1er \u00e9tage Immeuble NASSA pr\u00e8s du SIAO) et \u00e0 distance via Skype, Email et WhatsApp. Public cible&nbsp;: Travailleurs humanitaires, Diplomates, coordonnateurs de [&hellip;]<\/p>\n","protected":false},"author":1,"featured_media":677,"comment_status":"open","ping_status":"open","sticky":false,"template":"","format":"standard","meta":{"site-sidebar-layout":"default","site-content-layout":"","ast-site-content-layout":"","site-content-style":"default","site-sidebar-style":"default","ast-global-header-display":"","ast-banner-title-visibility":"","ast-main-header-display":"","ast-hfb-above-header-display":"","ast-hfb-below-header-display":"","ast-hfb-mobile-header-display":"","site-post-title":"","ast-breadcrumbs-content":"","ast-featured-img":"","footer-sml-layout":"","theme-transparent-header-meta":"","adv-header-id-meta":"","stick-header-meta":"","header-above-stick-meta":"","header-main-stick-meta":"","header-below-stick-meta":"","astra-migrate-meta-layouts":"default","ast-page-background-enabled":"default","ast-page-background-meta":{"desktop":{"background-color":"var(--ast-global-color-4)","background-image":"","background-repeat":"repeat","background-position":"center center","background-size":"auto","background-attachment":"scroll","background-type":"","background-media":"","overlay-type":"","overlay-color":"","overlay-opacity":"","overlay-gradient":""},"tablet":{"background-color":"","background-image":"","background-repeat":"repeat","background-position":"center center","background-size":"auto","background-attachment":"scroll","background-type":"","background-media":"","overlay-type":"","overlay-color":"","overlay-opacity":"","overlay-gradient":""},"mobile":{"background-color":"","background-image":"","background-repeat":"repeat","background-position":"center center","background-size":"auto","background-attachment":"scroll","background-type":"","background-media":"","overlay-type":"","overlay-color":"","overlay-opacity":"","overlay-gradient":""}},"ast-content-background-meta":{"desktop":{"background-color":"var(--ast-global-color-5)","background-image":"","background-repeat":"repeat","background-position":"center center","background-size":"auto","background-attachment":"scroll","background-type":"","background-media":"","overlay-type":"","overlay-color":"","overlay-opacity":"","overlay-gradient":""},"tablet":{"background-color":"var(--ast-global-color-5)","background-image":"","background-repeat":"repeat","background-position":"center center","background-size":"auto","background-attachment":"scroll","background-type":"","background-media":"","overlay-type":"","overlay-color":"","overlay-opacity":"","overlay-gradient":""},"mobile":{"background-color":"var(--ast-global-color-5)","background-image":"","background-repeat":"repeat","background-position":"center center","background-size":"auto","background-attachment":"scroll","background-type":"","background-media":"","overlay-type":"","overlay-color":"","overlay-opacity":"","overlay-gradient":""}},"footnotes":""},"categories":[6],"tags":[],"class_list":["post-676","post","type-post","status-publish","format-standard","has-post-thumbnail","hentry","category-education"],"_links":{"self":[{"href":"https:\/\/lesoleil.bf\/index.php\/wp-json\/wp\/v2\/posts\/676","targetHints":{"allow":["GET"]}}],"collection":[{"href":"https:\/\/lesoleil.bf\/index.php\/wp-json\/wp\/v2\/posts"}],"about":[{"href":"https:\/\/lesoleil.bf\/index.php\/wp-json\/wp\/v2\/types\/post"}],"author":[{"embeddable":true,"href":"https:\/\/lesoleil.bf\/index.php\/wp-json\/wp\/v2\/users\/1"}],"replies":[{"embeddable":true,"href":"https:\/\/lesoleil.bf\/index.php\/wp-json\/wp\/v2\/comments?post=676"}],"version-history":[{"count":1,"href":"https:\/\/lesoleil.bf\/index.php\/wp-json\/wp\/v2\/posts\/676\/revisions"}],"predecessor-version":[{"id":678,"href":"https:\/\/lesoleil.bf\/index.php\/wp-json\/wp\/v2\/posts\/676\/revisions\/678"}],"wp:featuredmedia":[{"embeddable":true,"href":"https:\/\/lesoleil.bf\/index.php\/wp-json\/wp\/v2\/media\/677"}],"wp:attachment":[{"href":"https:\/\/lesoleil.bf\/index.php\/wp-json\/wp\/v2\/media?parent=676"}],"wp:term":[{"taxonomy":"category","embeddable":true,"href":"https:\/\/lesoleil.bf\/index.php\/wp-json\/wp\/v2\/categories?post=676"},{"taxonomy":"post_tag","embeddable":true,"href":"https:\/\/lesoleil.bf\/index.php\/wp-json\/wp\/v2\/tags?post=676"}],"curies":[{"name":"wp","href":"https:\/\/api.w.org\/{rel}","templated":true}]}}