{"id":662,"date":"2022-08-18T22:25:01","date_gmt":"2022-08-18T22:25:01","guid":{"rendered":"https:\/\/lesoleil.bf\/?p=662"},"modified":"2022-08-18T22:25:04","modified_gmt":"2022-08-18T22:25:04","slug":"litterature","status":"publish","type":"post","link":"https:\/\/lesoleil.bf\/index.php\/2022\/08\/18\/litterature\/","title":{"rendered":"Litt\u00e9rature"},"content":{"rendered":"\n<p>La propri\u00e9t\u00e9 intellectuelle g\u00e9n\u00e9ratrice de revenus<\/p>\n\n\n\n<p>Le juriste de renomm\u00e9e internationale Abdoulaye OUEDRAOGO vient de mettre sur le marche son premier ouvrage. Compos\u00e9 de 92 pages ce livre pr\u00e9fac\u00e9 par Ma\u00eetre Pacere Titinga homme de culture et ancien B\u00e2tonnier, essaie d&rsquo;analyser et d&rsquo;investiguer pour voir dans quelle mesure la propri\u00e9t\u00e9 intellectuelle peut contribuer au d\u00e9veloppement de l&rsquo;Afrique notamment dans les 17 pays que compte l&rsquo;Organisation internationale de la propri\u00e9t\u00e9 intellectuelle ( OAPI).<\/p>\n\n\n\n<p>Les r\u00e9flexions de l&rsquo;ouvrage sont ax\u00e9es sur des sujets tels que la sant\u00e9 publique, l&rsquo;agriculture, les obtentions v\u00e9g\u00e9tales et les savoirs traditionnels en vue de les valoriser. En d&rsquo;autres termes l&rsquo;auteur veut \u00e0 travers cet ouvrage inviter les jeunes \u00e0 se battre seuls pour leur l&rsquo;\u00e9panouissement sant compter sur autrui.<\/p>\n\n\n\n<p>&lt;&lt;Afrique et propri\u00e9t\u00e9 intellectuelle&gt;&gt; est disponible dans les librairies au Burkina et bient\u00f4t partout en Afrique.<\/p>\n\n\n\n<p>L&rsquo;auteur, Abdoulaye OUEDRAOGO est joignable au 53330213.<\/p>\n\n\n\n<p>Idriss Vie Bayili, l&rsquo;homme de kordie pour <a href=\"https:\/\/www.facebook.com\/hashtag\/lesoleilbfnews?__eep__=6&amp;__cft__[0]=AZWX0gid0edx6J1_tuHRL4i9LqitbsoLhUFKueUA1thi56MBTm4ufSUNLmA8XQi8PmeIf1F-dvxAcGyhmkPa24dPlhcfb8qqMbgj3rTLZ3hKHeb0Q-OAxHA63S6lecKZ7GF6i5gwPZjlxfnnZtm2HlNT&amp;__tn__=*NK-R\">#lesoleilbfnews<\/a>.<\/p>\n\n\n\n<figure class=\"wp-block-image size-full\"><img loading=\"lazy\" decoding=\"async\" width=\"960\" height=\"720\" src=\"https:\/\/lesoleil.bf\/wp-content\/uploads\/2022\/08\/afriq.jpg\" alt=\"\" class=\"wp-image-663\" srcset=\"https:\/\/lesoleil.bf\/wp-content\/uploads\/2022\/08\/afriq.jpg 960w, https:\/\/lesoleil.bf\/wp-content\/uploads\/2022\/08\/afriq-300x225.jpg 300w, https:\/\/lesoleil.bf\/wp-content\/uploads\/2022\/08\/afriq-768x576.jpg 768w\" sizes=\"auto, (max-width: 960px) 100vw, 960px\" \/><\/figure>\n","protected":false},"excerpt":{"rendered":"<p>La propri\u00e9t\u00e9 intellectuelle g\u00e9n\u00e9ratrice de revenus Le juriste de renomm\u00e9e internationale Abdoulaye OUEDRAOGO vient de mettre sur le marche son premier ouvrage. Compos\u00e9 de 92 pages ce livre pr\u00e9fac\u00e9 par Ma\u00eetre Pacere Titinga homme de culture et ancien B\u00e2tonnier, essaie d&rsquo;analyser et d&rsquo;investiguer pour voir dans quelle mesure la propri\u00e9t\u00e9 intellectuelle peut contribuer au d\u00e9veloppement [&hellip;]<\/p>\n","protected":false},"author":1,"featured_media":664,"comment_status":"open","ping_status":"open","sticky":false,"template":"","format":"standard","meta":{"site-sidebar-layout":"default","site-content-layout":"","ast-site-content-layout":"","site-content-style":"default","site-sidebar-style":"default","ast-global-header-display":"","ast-banner-title-visibility":"","ast-main-header-display":"","ast-hfb-above-header-display":"","ast-hfb-below-header-display":"","ast-hfb-mobile-header-display":"","site-post-title":"","ast-breadcrumbs-content":"","ast-featured-img":"","footer-sml-layout":"","theme-transparent-header-meta":"","adv-header-id-meta":"","stick-header-meta":"","header-above-stick-meta":"","header-main-stick-meta":"","header-below-stick-meta":"","astra-migrate-meta-layouts":"default","ast-page-background-enabled":"default","ast-page-background-meta":{"desktop":{"background-color":"var(--ast-global-color-4)","background-image":"","background-repeat":"repeat","background-position":"center center","background-size":"auto","background-attachment":"scroll","background-type":"","background-media":"","overlay-type":"","overlay-color":"","overlay-opacity":"","overlay-gradient":""},"tablet":{"background-color":"","background-image":"","background-repeat":"repeat","background-position":"center center","background-size":"auto","background-attachment":"scroll","background-type":"","background-media":"","overlay-type":"","overlay-color":"","overlay-opacity":"","overlay-gradient":""},"mobile":{"background-color":"","background-image":"","background-repeat":"repeat","background-position":"center center","background-size":"auto","background-attachment":"scroll","background-type":"","background-media":"","overlay-type":"","overlay-color":"","overlay-opacity":"","overlay-gradient":""}},"ast-content-background-meta":{"desktop":{"background-color":"var(--ast-global-color-5)","background-image":"","background-repeat":"repeat","background-position":"center center","background-size":"auto","background-attachment":"scroll","background-type":"","background-media":"","overlay-type":"","overlay-color":"","overlay-opacity":"","overlay-gradient":""},"tablet":{"background-color":"var(--ast-global-color-5)","background-image":"","background-repeat":"repeat","background-position":"center center","background-size":"auto","background-attachment":"scroll","background-type":"","background-media":"","overlay-type":"","overlay-color":"","overlay-opacity":"","overlay-gradient":""},"mobile":{"background-color":"var(--ast-global-color-5)","background-image":"","background-repeat":"repeat","background-position":"center center","background-size":"auto","background-attachment":"scroll","background-type":"","background-media":"","overlay-type":"","overlay-color":"","overlay-opacity":"","overlay-gradient":""}},"footnotes":""},"categories":[6],"tags":[],"class_list":["post-662","post","type-post","status-publish","format-standard","has-post-thumbnail","hentry","category-education"],"_links":{"self":[{"href":"https:\/\/lesoleil.bf\/index.php\/wp-json\/wp\/v2\/posts\/662","targetHints":{"allow":["GET"]}}],"collection":[{"href":"https:\/\/lesoleil.bf\/index.php\/wp-json\/wp\/v2\/posts"}],"about":[{"href":"https:\/\/lesoleil.bf\/index.php\/wp-json\/wp\/v2\/types\/post"}],"author":[{"embeddable":true,"href":"https:\/\/lesoleil.bf\/index.php\/wp-json\/wp\/v2\/users\/1"}],"replies":[{"embeddable":true,"href":"https:\/\/lesoleil.bf\/index.php\/wp-json\/wp\/v2\/comments?post=662"}],"version-history":[{"count":1,"href":"https:\/\/lesoleil.bf\/index.php\/wp-json\/wp\/v2\/posts\/662\/revisions"}],"predecessor-version":[{"id":665,"href":"https:\/\/lesoleil.bf\/index.php\/wp-json\/wp\/v2\/posts\/662\/revisions\/665"}],"wp:featuredmedia":[{"embeddable":true,"href":"https:\/\/lesoleil.bf\/index.php\/wp-json\/wp\/v2\/media\/664"}],"wp:attachment":[{"href":"https:\/\/lesoleil.bf\/index.php\/wp-json\/wp\/v2\/media?parent=662"}],"wp:term":[{"taxonomy":"category","embeddable":true,"href":"https:\/\/lesoleil.bf\/index.php\/wp-json\/wp\/v2\/categories?post=662"},{"taxonomy":"post_tag","embeddable":true,"href":"https:\/\/lesoleil.bf\/index.php\/wp-json\/wp\/v2\/tags?post=662"}],"curies":[{"name":"wp","href":"https:\/\/api.w.org\/{rel}","templated":true}]}}