{"id":648,"date":"2022-06-23T15:12:04","date_gmt":"2022-06-23T15:12:04","guid":{"rendered":"https:\/\/lesoleil.bf\/?p=648"},"modified":"2022-06-23T15:12:06","modified_gmt":"2022-06-23T15:12:06","slug":"conseil-superieur-de-la-defense-nationale-les-grandes-decisions","status":"publish","type":"post","link":"https:\/\/lesoleil.bf\/index.php\/2022\/06\/23\/conseil-superieur-de-la-defense-nationale-les-grandes-decisions\/","title":{"rendered":"Conseil sup\u00e9rieur de la d\u00e9fense nationale : les grandes d\u00e9cisions"},"content":{"rendered":"\n<p>(Ouagadougou, 21 juin 2022). Le Pr\u00e9sident du Faso, le Lieutenant-colonel Paul Henri Sandaogo DAMIBA, Chef Supr\u00eame des Forces Arm\u00e9es Nationales, a r\u00e9uni lundi 20 juin 2022, le Conseil sup\u00e9rieur de la d\u00e9fense nationale (CSDN) autour de la situation s\u00e9curitaire, toujours pr\u00e9occupante, en d\u00e9pit des efforts d\u00e9ploy\u00e9s par les Forces de d\u00e9fense et de s\u00e9curit\u00e9 sur le terrain de la lutte contre le terrorisme. A l\u2019issue de cette rencontre, des d\u00e9cisions importantes ont \u00e9t\u00e9 prises pour plus d\u2019efficacit\u00e9 dans les op\u00e9rations de lutte contre l\u2019hydre terroriste.&nbsp;<\/p>\n\n\n\n<p>A ce titre, les membres du CSDN ont d\u00e9cid\u00e9 de la cr\u00e9ation d\u2019une Brigade de veille et de d\u00e9fense patriotique (BVDP) sous tutelle du minist\u00e8re de la D\u00e9fense nationale et des anciens combattants. Rattach\u00e9e au Commandement des op\u00e9rations du th\u00e9\u00e2tre national (COTN), cette brigade va regrouper l\u2019ensemble des volontaires pour la d\u00e9fense de la patrie (VDP) engag\u00e9s dans les diff\u00e9rentes communes du Burkina Faso. La BVDP aura, entre autres missions :&nbsp;<\/p>\n\n\n\n<p>&#8211; La coordination op\u00e9rationnelle de la d\u00e9fense civile du territoire ;<\/p>\n\n\n\n<p>&#8211; La contribution \u00e0 la recherche du renseignement ;<\/p>\n\n\n\n<p>&#8211; Et la d\u00e9fense de certaines parties du territoire en cas de n\u00e9cessit\u00e9.&nbsp;<\/p>\n\n\n\n<p>En outre, le conseil a d\u00e9cid\u00e9 de la cr\u00e9ation de deux zones d\u2019int\u00e9r\u00eat militaire, notamment dans les r\u00e9gions de l\u2019Est et du Sahel. La d\u00e9cision de cr\u00e9ation de ces zones d\u2019int\u00e9r\u00eat militaire s\u2019inscrit dans le cadre des suj\u00e9tions li\u00e9es aux n\u00e9cessit\u00e9s de la d\u00e9fense nationale.&nbsp;<\/p>\n\n\n\n<p>La zone d\u2019int\u00e9r\u00eat militaire de la r\u00e9gion de l\u2019Est couvre les provinces de la Tapoa, de la Kompienga, de la Komondjari, et du Gourma, et concerne les aires prot\u00e9g\u00e9es de la r\u00e9gion, \u00e0 l\u2019occurrence :&nbsp;<\/p>\n\n\n\n<p>&#8211; La r\u00e9serve d\u2019Arly ;<\/p>\n\n\n\n<p>&#8211; La r\u00e9serve de Kourtiagou ;<\/p>\n\n\n\n<p>&#8211; La r\u00e9serve de Madjoari ;<\/p>\n\n\n\n<p>&#8211; Celles de Pama, Singou et du Parc national W.&nbsp;<\/p>\n\n\n\n<p>Quant \u00e0 la zone d\u2019int\u00e9r\u00eat de la r\u00e9gion du sahel, elle couvre la province du Soum. Ladite zone est ainsi d\u00e9limit\u00e9e :&nbsp;<\/p>\n\n\n\n<p>&#8211; Au nord, par la ligne frontali\u00e8re Burkina Faso \u2013 Mali ;<\/p>\n\n\n\n<p>&#8211; A l\u2019est, par les localit\u00e9s de Soum Bella, Gaskind\u00e9, Oka, et Souma ;<\/p>\n\n\n\n<p>&#8211; Au sud, par les localit\u00e9s de Souma, Filio et Damba ;<\/p>\n\n\n\n<p>&#8211; Et \u00e0 l\u2019ouest, par les localit\u00e9s de Tem et Pogol Djamb\u00e9.&nbsp;<\/p>\n\n\n\n<p>Toute pr\u00e9sence ou activit\u00e9 humaine est proscrite dans ces zones au risque de s\u2019exposer aux effets des op\u00e9rations militaires qui y seront conduites. Un d\u00e9lai sera accord\u00e9 aux populations r\u00e9sidentes pour rejoindre des zones plus s\u00e9curis\u00e9es.&nbsp;<\/p>\n\n\n\n<p>Direction de la communication de la pr\u00e9sidence du Faso<\/p>\n\n\n\n<p><\/p>\n","protected":false},"excerpt":{"rendered":"<p>(Ouagadougou, 21 juin 2022). Le Pr\u00e9sident du Faso, le Lieutenant-colonel Paul Henri Sandaogo DAMIBA, Chef Supr\u00eame des Forces Arm\u00e9es Nationales, a r\u00e9uni lundi 20 juin 2022, le Conseil sup\u00e9rieur de la d\u00e9fense nationale (CSDN) autour de la situation s\u00e9curitaire, toujours pr\u00e9occupante, en d\u00e9pit des efforts d\u00e9ploy\u00e9s par les Forces de d\u00e9fense et de s\u00e9curit\u00e9 sur [&hellip;]<\/p>\n","protected":false},"author":1,"featured_media":649,"comment_status":"open","ping_status":"open","sticky":false,"template":"","format":"standard","meta":{"site-sidebar-layout":"default","site-content-layout":"","ast-site-content-layout":"","site-content-style":"default","site-sidebar-style":"default","ast-global-header-display":"","ast-banner-title-visibility":"","ast-main-header-display":"","ast-hfb-above-header-display":"","ast-hfb-below-header-display":"","ast-hfb-mobile-header-display":"","site-post-title":"","ast-breadcrumbs-content":"","ast-featured-img":"","footer-sml-layout":"","theme-transparent-header-meta":"","adv-header-id-meta":"","stick-header-meta":"","header-above-stick-meta":"","header-main-stick-meta":"","header-below-stick-meta":"","astra-migrate-meta-layouts":"default","ast-page-background-enabled":"default","ast-page-background-meta":{"desktop":{"background-color":"var(--ast-global-color-4)","background-image":"","background-repeat":"repeat","background-position":"center center","background-size":"auto","background-attachment":"scroll","background-type":"","background-media":"","overlay-type":"","overlay-color":"","overlay-opacity":"","overlay-gradient":""},"tablet":{"background-color":"","background-image":"","background-repeat":"repeat","background-position":"center center","background-size":"auto","background-attachment":"scroll","background-type":"","background-media":"","overlay-type":"","overlay-color":"","overlay-opacity":"","overlay-gradient":""},"mobile":{"background-color":"","background-image":"","background-repeat":"repeat","background-position":"center center","background-size":"auto","background-attachment":"scroll","background-type":"","background-media":"","overlay-type":"","overlay-color":"","overlay-opacity":"","overlay-gradient":""}},"ast-content-background-meta":{"desktop":{"background-color":"var(--ast-global-color-5)","background-image":"","background-repeat":"repeat","background-position":"center center","background-size":"auto","background-attachment":"scroll","background-type":"","background-media":"","overlay-type":"","overlay-color":"","overlay-opacity":"","overlay-gradient":""},"tablet":{"background-color":"var(--ast-global-color-5)","background-image":"","background-repeat":"repeat","background-position":"center center","background-size":"auto","background-attachment":"scroll","background-type":"","background-media":"","overlay-type":"","overlay-color":"","overlay-opacity":"","overlay-gradient":""},"mobile":{"background-color":"var(--ast-global-color-5)","background-image":"","background-repeat":"repeat","background-position":"center center","background-size":"auto","background-attachment":"scroll","background-type":"","background-media":"","overlay-type":"","overlay-color":"","overlay-opacity":"","overlay-gradient":""}},"footnotes":""},"categories":[9],"tags":[],"class_list":["post-648","post","type-post","status-publish","format-standard","has-post-thumbnail","hentry","category-politique"],"_links":{"self":[{"href":"https:\/\/lesoleil.bf\/index.php\/wp-json\/wp\/v2\/posts\/648","targetHints":{"allow":["GET"]}}],"collection":[{"href":"https:\/\/lesoleil.bf\/index.php\/wp-json\/wp\/v2\/posts"}],"about":[{"href":"https:\/\/lesoleil.bf\/index.php\/wp-json\/wp\/v2\/types\/post"}],"author":[{"embeddable":true,"href":"https:\/\/lesoleil.bf\/index.php\/wp-json\/wp\/v2\/users\/1"}],"replies":[{"embeddable":true,"href":"https:\/\/lesoleil.bf\/index.php\/wp-json\/wp\/v2\/comments?post=648"}],"version-history":[{"count":1,"href":"https:\/\/lesoleil.bf\/index.php\/wp-json\/wp\/v2\/posts\/648\/revisions"}],"predecessor-version":[{"id":650,"href":"https:\/\/lesoleil.bf\/index.php\/wp-json\/wp\/v2\/posts\/648\/revisions\/650"}],"wp:featuredmedia":[{"embeddable":true,"href":"https:\/\/lesoleil.bf\/index.php\/wp-json\/wp\/v2\/media\/649"}],"wp:attachment":[{"href":"https:\/\/lesoleil.bf\/index.php\/wp-json\/wp\/v2\/media?parent=648"}],"wp:term":[{"taxonomy":"category","embeddable":true,"href":"https:\/\/lesoleil.bf\/index.php\/wp-json\/wp\/v2\/categories?post=648"},{"taxonomy":"post_tag","embeddable":true,"href":"https:\/\/lesoleil.bf\/index.php\/wp-json\/wp\/v2\/tags?post=648"}],"curies":[{"name":"wp","href":"https:\/\/api.w.org\/{rel}","templated":true}]}}