{"id":623,"date":"2022-05-17T16:48:38","date_gmt":"2022-05-17T16:48:38","guid":{"rendered":"https:\/\/lesoleil.bf\/?p=623"},"modified":"2022-12-01T18:49:51","modified_gmt":"2022-12-01T18:49:51","slug":"declaration-des-organisations-professionnelles-des-medias-sur-lexpulsion-de-notre-consoeur-de-tv5-monde","status":"publish","type":"post","link":"https:\/\/lesoleil.bf\/index.php\/2022\/05\/17\/declaration-des-organisations-professionnelles-des-medias-sur-lexpulsion-de-notre-consoeur-de-tv5-monde\/","title":{"rendered":"D\u00e9claration des organisations professionnelles des m\u00e9dias sur l\u2019expulsion de notre cons\u0153ur de TV5 Monde"},"content":{"rendered":"\n<p>Dans l\u2019apr\u00e8s-midi du samedi 14 mai 2022, notre cons\u0153ur Fanny Kabr\u00e9\/Noaro de la t\u00e9l\u00e9vision TV5 Monde a \u00e9t\u00e9 expuls\u00e9e d\u2019une activit\u00e9 organis\u00e9e, \u00e0 Ouagadougou, par une organisation de la soci\u00e9t\u00e9 civile (OSC), la Coalition des Patriotes Africains (COPA-BF) et son partenaire d\u00e9nomm\u00e9 Urgences Panafricanistes de l\u2019activiste K\u00e9mi S\u00e9ba.&nbsp;<br>Les organisateurs reprochent \u00e0 la journaliste d\u2019appartenir \u00e0 un des m\u00e9dias fran\u00e7ais, lesquels m\u00e9dias les diabolisent et les vilipendent.\u00ab Je vois une jeune dame qui m\u2019a l\u2019air sympathique. Je crois qu\u2019elle est de TV5 Monde. Nous sommes dans une mobilisation patriotique.&nbsp;<br>Depuis que nous avons commenc\u00e9 ce combat contre la France-Afrique, les m\u00e9dias fran\u00e7ais n\u2019ont cess\u00e9 de nous diaboliser, de nous caricaturer, de nous salir\u2026&nbsp;<br>Avec tout le respect que je vous dois, vous \u00eates une femme et je vous dois respect, je demande \u00e0 la s\u00e9curit\u00e9 de faire sortir TV5 monde\u2026 \u00bb, a ainsi ordonn\u00e9 l\u2019activiste K\u00e9mi S\u00e9ba, l\u2019un des organisateurs de l\u2019activit\u00e9. Ce qui fut fait, car notre cons\u0153ur a \u00e9t\u00e9 imm\u00e9diatement expuls\u00e9e de la salle.&nbsp;<br>Pourtant, notre cons\u0153ur a inform\u00e9 la veille les organisateurs de l\u2019activit\u00e9 de son intention d\u2019y participer. Ces derniers lui ont non seulement donn\u00e9 leur accord, mais aussi, ils lui ont permis l\u2019acc\u00e8s \u00e0 la salle o\u00f9 elle est rest\u00e9e pendant pr\u00e8s de 2 heures avant d\u2019\u00eatre expuls\u00e9e de cette fa\u00e7on.<br>Les organisations professionnelles de m\u00e9dias sont extr\u00eamement d\u00e9\u00e7ues de cette posture adopt\u00e9e par des organisations de la soci\u00e9t\u00e9 civile, quand on connait la contribution des OSC burkinab\u00e8 \u00e0 l\u2019\u00e9dification de l\u2019Etat de droit au Burkina Faso et en Afrique.<br>La libert\u00e9 d\u2019expression, la libert\u00e9 de la presse, la libert\u00e9 d\u2019informer, le droit \u00e0 l\u2019information sont des principes consacr\u00e9s par la constitution burkinab\u00e8. Ces principes n\u2019ont ni race, ni nationalit\u00e9.<br>L\u2019expulsion de la journaliste de TV5 Monde est une atteinte grave \u00e0 la libert\u00e9 de la presse ch\u00e8rement conquise par les Burkinab\u00e8, souvent au prix de sacrifices humains.&nbsp; Cette attitude est non seulement un manque de respect et de courtoisie \u00e0 l\u2019endroit du peuple et des autorit\u00e9s burkinab\u00e8, mais aussi et surtout \u00e0 l\u2019endroit des journalistes.<br>C\u2019est pourquoi les organisations professionnelles de m\u00e9dias, signataires de la pr\u00e9sente d\u00e9claration, soucieuses de la sauvegarde des acquis du peuple burkinab\u00e8 en mati\u00e8re de libert\u00e9 d\u2019expression et de la presse :<br>&#8211; apportent leur soutien \u00e0 la cons\u0153ur Fanny Kabr\u00e9 \/Noaro de TV5 Monde ;<br>&#8211; condamnent avec fermet\u00e9 l\u2019attitude des organisateurs de la manifestation du 14 mai 2022 ;<br>&#8211; s\u2019inqui\u00e8tent de la d\u00e9gradation continue de l\u2019\u00e9tat de la libert\u00e9 d\u2019expression et de presse au Burkina Faso, aussi bien de la part des acteurs publics que priv\u00e9s ;<br>&#8211; mettent en garde tous les fossoyeurs de la libert\u00e9 d\u2019expression et de la presse (d\u2019o\u00f9 qu\u2019ils viennent) contre toutes les man\u0153uvres visant \u00e0 ruiner la r\u00e9putation des journalistes et des m\u00e9dias ;<br>&#8211; appellent nos autorit\u00e9s \u00e0 prendre les dispositions idoines pour prot\u00e9ger les journalistes dans l\u2019exercice de leur profession ;<br>&#8211; encouragent les journalistes dans leur esprit de confraternit\u00e9 et de solidarit\u00e9 ;<br>&#8211; invitent tous les d\u00e9fenseurs de la libert\u00e9 d\u2019expression et de la presse ainsi que de l\u2019\u00e9tat de droit \u00e0 rester en alerte et \u00e0 d\u00e9noncer toutes les atteintes \u00e0 la libert\u00e9 d\u2019expression et de la presse.&nbsp;<\/p>\n\n\n\n<p>Fait \u00e0 Ouagadougou, le 15 mai 2022&nbsp;<\/p>\n\n\n\n<p><em>Pour le CNP-NZLe Pr\u00e9sidentInoussa Ou\u00e9draogo&nbsp;<\/em><\/p>\n\n\n\n<p><em>Pour l\u2019AJBLe Pr\u00e9sidentGu\u00e9zouma Sanogo&nbsp;<\/em><\/p>\n\n\n\n<p><em>Pour le SYNATICLe Secr\u00e9taire G\u00e9n\u00e9ralSiriki Dram\u00e9&nbsp;<\/em><\/p>\n\n\n\n<p><em>Pour la SEPLe Pr\u00e9sidentBoureima Ou\u00e9draogo&nbsp;<\/em><\/p>\n\n\n\n<p><em>Pour l\u2019AEPMLLe Pr\u00e9sidentCyriaque Par\u00e9&nbsp;<\/em><\/p>\n\n\n\n<p><em>Pour l\u2019AEPJLNLe Pr\u00e9sidentEvariste Zongo&nbsp;<\/em><\/p>\n\n\n\n<p><em>Pour l\u2019OBMLe Pr\u00e9sidentHamado Ouangraoua&nbsp;<\/em><\/p>\n\n\n\n<p><em>Pour l\u2019ARCILe Pr\u00e9sidentB\u00e9libi\u00e9 Souma\u00efla Bassol\u00e9&nbsp;<\/em><\/p>\n\n\n\n<p><em>Pour Reporters du FasoLe Pr\u00e9sidentCharles Kiendrebeogo&nbsp;<\/em><\/p>\n\n\n\n<p><em>Pour l\u2019UBESTVLe Pr\u00e9sidentIssoufou Sar\u00e9&nbsp;<\/em><\/p>\n\n\n\n<p><em>Pour l\u2019UNALFALe Pr\u00e9sidentJean Baptiste Sawadogo<\/em><\/p>\n","protected":false},"excerpt":{"rendered":"<p>Dans l\u2019apr\u00e8s-midi du samedi 14 mai 2022, notre cons\u0153ur Fanny Kabr\u00e9\/Noaro de la t\u00e9l\u00e9vision TV5 Monde a \u00e9t\u00e9 expuls\u00e9e d\u2019une activit\u00e9 organis\u00e9e, \u00e0 Ouagadougou, par une organisation de la soci\u00e9t\u00e9 civile (OSC), la Coalition des Patriotes Africains (COPA-BF) et son partenaire d\u00e9nomm\u00e9 Urgences Panafricanistes de l\u2019activiste K\u00e9mi S\u00e9ba.&nbsp;Les organisateurs reprochent \u00e0 la journaliste d\u2019appartenir \u00e0 [&hellip;]<\/p>\n","protected":false},"author":1,"featured_media":624,"comment_status":"open","ping_status":"open","sticky":false,"template":"","format":"standard","meta":{"site-sidebar-layout":"default","site-content-layout":"","ast-site-content-layout":"","site-content-style":"default","site-sidebar-style":"default","ast-global-header-display":"","ast-banner-title-visibility":"","ast-main-header-display":"","ast-hfb-above-header-display":"","ast-hfb-below-header-display":"","ast-hfb-mobile-header-display":"","site-post-title":"","ast-breadcrumbs-content":"","ast-featured-img":"","footer-sml-layout":"","theme-transparent-header-meta":"","adv-header-id-meta":"","stick-header-meta":"","header-above-stick-meta":"","header-main-stick-meta":"","header-below-stick-meta":"","astra-migrate-meta-layouts":"default","ast-page-background-enabled":"default","ast-page-background-meta":{"desktop":{"background-color":"var(--ast-global-color-4)","background-image":"","background-repeat":"repeat","background-position":"center center","background-size":"auto","background-attachment":"scroll","background-type":"","background-media":"","overlay-type":"","overlay-color":"","overlay-opacity":"","overlay-gradient":""},"tablet":{"background-color":"","background-image":"","background-repeat":"repeat","background-position":"center center","background-size":"auto","background-attachment":"scroll","background-type":"","background-media":"","overlay-type":"","overlay-color":"","overlay-opacity":"","overlay-gradient":""},"mobile":{"background-color":"","background-image":"","background-repeat":"repeat","background-position":"center center","background-size":"auto","background-attachment":"scroll","background-type":"","background-media":"","overlay-type":"","overlay-color":"","overlay-opacity":"","overlay-gradient":""}},"ast-content-background-meta":{"desktop":{"background-color":"var(--ast-global-color-5)","background-image":"","background-repeat":"repeat","background-position":"center center","background-size":"auto","background-attachment":"scroll","background-type":"","background-media":"","overlay-type":"","overlay-color":"","overlay-opacity":"","overlay-gradient":""},"tablet":{"background-color":"var(--ast-global-color-5)","background-image":"","background-repeat":"repeat","background-position":"center center","background-size":"auto","background-attachment":"scroll","background-type":"","background-media":"","overlay-type":"","overlay-color":"","overlay-opacity":"","overlay-gradient":""},"mobile":{"background-color":"var(--ast-global-color-5)","background-image":"","background-repeat":"repeat","background-position":"center center","background-size":"auto","background-attachment":"scroll","background-type":"","background-media":"","overlay-type":"","overlay-color":"","overlay-opacity":"","overlay-gradient":""}},"footnotes":""},"categories":[9],"tags":[],"class_list":["post-623","post","type-post","status-publish","format-standard","has-post-thumbnail","hentry","category-politique"],"_links":{"self":[{"href":"https:\/\/lesoleil.bf\/index.php\/wp-json\/wp\/v2\/posts\/623","targetHints":{"allow":["GET"]}}],"collection":[{"href":"https:\/\/lesoleil.bf\/index.php\/wp-json\/wp\/v2\/posts"}],"about":[{"href":"https:\/\/lesoleil.bf\/index.php\/wp-json\/wp\/v2\/types\/post"}],"author":[{"embeddable":true,"href":"https:\/\/lesoleil.bf\/index.php\/wp-json\/wp\/v2\/users\/1"}],"replies":[{"embeddable":true,"href":"https:\/\/lesoleil.bf\/index.php\/wp-json\/wp\/v2\/comments?post=623"}],"version-history":[{"count":1,"href":"https:\/\/lesoleil.bf\/index.php\/wp-json\/wp\/v2\/posts\/623\/revisions"}],"predecessor-version":[{"id":625,"href":"https:\/\/lesoleil.bf\/index.php\/wp-json\/wp\/v2\/posts\/623\/revisions\/625"}],"wp:featuredmedia":[{"embeddable":true,"href":"https:\/\/lesoleil.bf\/index.php\/wp-json\/wp\/v2\/media\/624"}],"wp:attachment":[{"href":"https:\/\/lesoleil.bf\/index.php\/wp-json\/wp\/v2\/media?parent=623"}],"wp:term":[{"taxonomy":"category","embeddable":true,"href":"https:\/\/lesoleil.bf\/index.php\/wp-json\/wp\/v2\/categories?post=623"},{"taxonomy":"post_tag","embeddable":true,"href":"https:\/\/lesoleil.bf\/index.php\/wp-json\/wp\/v2\/tags?post=623"}],"curies":[{"name":"wp","href":"https:\/\/api.w.org\/{rel}","templated":true}]}}