{"id":620,"date":"2022-05-15T17:06:01","date_gmt":"2022-05-15T17:06:01","guid":{"rendered":"https:\/\/lesoleil.bf\/?p=620"},"modified":"2022-05-15T17:06:03","modified_gmt":"2022-05-15T17:06:03","slug":"extremisme-violent","status":"publish","type":"post","link":"https:\/\/lesoleil.bf\/index.php\/2022\/05\/15\/extremisme-violent\/","title":{"rendered":"Extr\u00e9misme violent*"},"content":{"rendered":"\n<p><strong>Le RECED l&rsquo;attaque \u00e0 la racine<\/strong><\/p>\n\n\n\n<p>Le 12 mai 2022, le R\u00e9seau des Clubs d&rsquo;Ecoute et de Dialogue (#RECED) gr\u00e2ce \u00e0 l\u2019appui technique et financier du projet de Pr\u00e9vention de la Radicalisation et de l\u2019extr\u00e9misme Violent (#PREVI) a partag\u00e9 une journ\u00e9e conviviale avec les Personnes D\u00e9plac\u00e9s Internes (#PDI) du village de Gambo dans la commune de S\u00e9gu\u00e9n\u00e9ga. Le but de cette activit\u00e9 \u00e9tait de contribuer \u00e0 soulager la peine des PDI en leur\u00a0 apportant un r\u00e9confort moral et mat\u00e9riel. Pour se faire, un match de football, une conf\u00e9rence public avec des leaders religieux sur le bon vivre-ensemble et la coh\u00e9sion sociale, une s\u00e9ance d\u2019\u00e9coute des PDI, des dons en nature puis un repas communautaire ont ponctu\u00e9 ladite journ\u00e9e.Cette activit\u00e9 est r\u00e9alis\u00e9e dans le cadre du projet de Pr\u00e9vention de la Radicalisation et de l\u2019Extr\u00e9misme Violent (#PREVI). Ce projet est financ\u00e9 par le #Minist\u00e8re_des_affaires_\u00e9trang\u00e8res_des_Pays_Bas. Il est\u00a0 mis en \u0153uvre par le consortium Association Jeunesse pour le D\u00e9veloppement du Sahel-AJDS et CDC Ouahigouya par ailleurs chef de file, dans 16 communes des r\u00e9gions du Nord, du Centre-Nord et du Sahel, pour une dur\u00e9e de trois (03) ans.<br><strong><em>CDC Ouahigouya<\/em><\/strong><\/p>\n\n\n\n<p>*Les titres seuls sont <a rel=\"noreferrer noopener\" href=\"http:\/\/lesoleil.bf\" target=\"_blank\">lesoleil.bf<\/a><\/p>\n","protected":false},"excerpt":{"rendered":"<p>Le RECED l&rsquo;attaque \u00e0 la racine Le 12 mai 2022, le R\u00e9seau des Clubs d&rsquo;Ecoute et de Dialogue (#RECED) gr\u00e2ce \u00e0 l\u2019appui technique et financier du projet de Pr\u00e9vention de la Radicalisation et de l\u2019extr\u00e9misme Violent (#PREVI) a partag\u00e9 une journ\u00e9e conviviale avec les Personnes D\u00e9plac\u00e9s Internes (#PDI) du village de Gambo dans la commune [&hellip;]<\/p>\n","protected":false},"author":1,"featured_media":621,"comment_status":"open","ping_status":"open","sticky":false,"template":"","format":"standard","meta":{"site-sidebar-layout":"default","site-content-layout":"","ast-site-content-layout":"","site-content-style":"default","site-sidebar-style":"default","ast-global-header-display":"","ast-banner-title-visibility":"","ast-main-header-display":"","ast-hfb-above-header-display":"","ast-hfb-below-header-display":"","ast-hfb-mobile-header-display":"","site-post-title":"","ast-breadcrumbs-content":"","ast-featured-img":"","footer-sml-layout":"","theme-transparent-header-meta":"","adv-header-id-meta":"","stick-header-meta":"","header-above-stick-meta":"","header-main-stick-meta":"","header-below-stick-meta":"","astra-migrate-meta-layouts":"default","ast-page-background-enabled":"default","ast-page-background-meta":{"desktop":{"background-color":"var(--ast-global-color-4)","background-image":"","background-repeat":"repeat","background-position":"center center","background-size":"auto","background-attachment":"scroll","background-type":"","background-media":"","overlay-type":"","overlay-color":"","overlay-opacity":"","overlay-gradient":""},"tablet":{"background-color":"","background-image":"","background-repeat":"repeat","background-position":"center center","background-size":"auto","background-attachment":"scroll","background-type":"","background-media":"","overlay-type":"","overlay-color":"","overlay-opacity":"","overlay-gradient":""},"mobile":{"background-color":"","background-image":"","background-repeat":"repeat","background-position":"center center","background-size":"auto","background-attachment":"scroll","background-type":"","background-media":"","overlay-type":"","overlay-color":"","overlay-opacity":"","overlay-gradient":""}},"ast-content-background-meta":{"desktop":{"background-color":"var(--ast-global-color-5)","background-image":"","background-repeat":"repeat","background-position":"center center","background-size":"auto","background-attachment":"scroll","background-type":"","background-media":"","overlay-type":"","overlay-color":"","overlay-opacity":"","overlay-gradient":""},"tablet":{"background-color":"var(--ast-global-color-5)","background-image":"","background-repeat":"repeat","background-position":"center center","background-size":"auto","background-attachment":"scroll","background-type":"","background-media":"","overlay-type":"","overlay-color":"","overlay-opacity":"","overlay-gradient":""},"mobile":{"background-color":"var(--ast-global-color-5)","background-image":"","background-repeat":"repeat","background-position":"center center","background-size":"auto","background-attachment":"scroll","background-type":"","background-media":"","overlay-type":"","overlay-color":"","overlay-opacity":"","overlay-gradient":""}},"footnotes":""},"categories":[4],"tags":[16,17],"class_list":["post-620","post","type-post","status-publish","format-standard","has-post-thumbnail","hentry","category-societe","tag-pdi","tag-reced"],"_links":{"self":[{"href":"https:\/\/lesoleil.bf\/index.php\/wp-json\/wp\/v2\/posts\/620","targetHints":{"allow":["GET"]}}],"collection":[{"href":"https:\/\/lesoleil.bf\/index.php\/wp-json\/wp\/v2\/posts"}],"about":[{"href":"https:\/\/lesoleil.bf\/index.php\/wp-json\/wp\/v2\/types\/post"}],"author":[{"embeddable":true,"href":"https:\/\/lesoleil.bf\/index.php\/wp-json\/wp\/v2\/users\/1"}],"replies":[{"embeddable":true,"href":"https:\/\/lesoleil.bf\/index.php\/wp-json\/wp\/v2\/comments?post=620"}],"version-history":[{"count":1,"href":"https:\/\/lesoleil.bf\/index.php\/wp-json\/wp\/v2\/posts\/620\/revisions"}],"predecessor-version":[{"id":622,"href":"https:\/\/lesoleil.bf\/index.php\/wp-json\/wp\/v2\/posts\/620\/revisions\/622"}],"wp:featuredmedia":[{"embeddable":true,"href":"https:\/\/lesoleil.bf\/index.php\/wp-json\/wp\/v2\/media\/621"}],"wp:attachment":[{"href":"https:\/\/lesoleil.bf\/index.php\/wp-json\/wp\/v2\/media?parent=620"}],"wp:term":[{"taxonomy":"category","embeddable":true,"href":"https:\/\/lesoleil.bf\/index.php\/wp-json\/wp\/v2\/categories?post=620"},{"taxonomy":"post_tag","embeddable":true,"href":"https:\/\/lesoleil.bf\/index.php\/wp-json\/wp\/v2\/tags?post=620"}],"curies":[{"name":"wp","href":"https:\/\/api.w.org\/{rel}","templated":true}]}}