{"id":1960,"date":"2025-02-01T18:46:53","date_gmt":"2025-02-01T18:46:53","guid":{"rendered":"https:\/\/lesoleil.bf\/?p=1960"},"modified":"2025-02-01T18:46:53","modified_gmt":"2025-02-01T18:46:53","slug":"deces-du-professeur-jeanne-marie-kambou-ferrand-remerciements","status":"publish","type":"post","link":"https:\/\/lesoleil.bf\/index.php\/2025\/02\/01\/deces-du-professeur-jeanne-marie-kambou-ferrand-remerciements\/","title":{"rendered":"D\u00e9c\u00e8s du professeur Jeanne Marie Kambou &#8211; Ferrand :  Remerciements"},"content":{"rendered":"<p>Les grandes familles KAMBOU, YOUL, FERRAND, OUEDRAOGO, BOULOT, YAMEOGO, PALENFO, DA et POODA, \u00e0 Gaoua, Sampoli, Barkp\u00e9r\u00e9na, Djikando, Tali\u00e8re, Ouahigouya, Kampti, C\u00f4te d\u2019Ivoire et Paris ;<br \/>\nLes familles alli\u00e9es et amies ;<br \/>\nLes fr\u00e8res et s\u0153urs : Fran\u00e7ois, Tchan, Yvonne, Fatima, Maria, Bol\u00e9na, H\u00e9l\u00e8ne, Yves, Madeleine, Houndit\u00e9 et Dominique ;<\/p>\n<p>Leurs conjoints et conjointes ;<br \/>\nLes enfants : Fabrice et Viviane ;<br \/>\nLes petits enfants, les neveux et ni\u00e8ces ;<br \/>\nLa communaut\u00e9 franciscaine au Burkina ;<\/p>\n<p>Tr\u00e8s touch\u00e9s par vos multiples marques de soutien moral, spirituel, mat\u00e9riels et financiers lors de la maladie, du d\u00e9c\u00e8s le 12 janvier 2025 en France, du transfert de la d\u00e9pouille \u00e0 Ouagadougou, puis \u00e0 Gaoua suivi de l\u2019enterrement le 20 janvier 2025 de leur fille, s\u0153ur, cousine, tante, m\u00e8re, amie, belle-s\u0153ur et grand-m\u00e8re professeur JEANNE MARIE KAMBOU &#8211; FERRAND, pr\u00e9c\u00e9demment historienne, sp\u00e9cialiste de la conqu\u00eate coloniale en pays lobi et dans les pays Volta\u00efques.<\/p>\n<p>Leurs remerciements s\u2019adressent en particulier :<\/p>\n<p>&#8211; A Monsieur le Gouverneur de la R\u00e9gion du Sud-Ouest et sa d\u00e9l\u00e9gation ;<br \/>\n&#8211; A Monsieur le Pr\u00e9sident du MBDHP et \u00e0 sa d\u00e9l\u00e9gation ;<br \/>\n&#8211; Aux autorit\u00e9s judiciaires ;<br \/>\n&#8211; Aux autorit\u00e9s Militaires et Paramilitaires de la r\u00e9gion du Sud-ouest ;<br \/>\n&#8211; A Monsieur le Haut-commissaire de la Province du Poni ;<br \/>\n&#8211; A sa Majest\u00e9 le chef de canton Bifat\u00e9 II de Gaoua et \u00e0 l\u2019ensemble de ses notables ;<br \/>\n&#8211; Au d\u00e9partement d\u2019histoire et d\u2019arch\u00e9ologie de l\u2019Universit\u00e9 Joseph KI-ZERBO de Ouagadougou ;<br \/>\n&#8211; A la d\u00e9l\u00e9gation venue de la R\u00e9publique de C\u00f4te d\u2019Ivoire ;<br \/>\n&#8211; Aux parents et amis de France ;<\/p>\n<p>&#8211; A la d\u00e9l\u00e9gation venue de Ouagadougou ;<br \/>\n&#8211; A monsieur le Pr\u00e9sident de la D\u00e9l\u00e9gation Sp\u00e9ciale de la Commune urbaine de Gaoua et sa d\u00e9l\u00e9gation ;<br \/>\n&#8211; A son Excellence Monseigneur Ollo Modeste KAMBOU, Ev\u00eaque de Gaoua ;<br \/>\n&#8211; Au Cur\u00e9 et aux pr\u00eatres de la paroisse cath\u00e9drale de Gaoua ;<br \/>\n&#8211; A l\u2019abb\u00e9 Antoine de Padoue POODA ;<\/p>\n<p>&#8211; A monsieur Ardjouma KAMBOU et famille ;<br \/>\n&#8211; A monsieur DA HIEN Daniel et famille<br \/>\n&#8211; A monsieur Maxime OUEDRAOGO et famille ;<br \/>\n&#8211; Aux parents amis et connaissances venus de Ouagadougou, Bobo-Dioulasso Koudougou et d\u2019ailleurs ;<br \/>\n&#8211; Aux membres de la CCB du secteur n\u00b05 de Gaoua ;<br \/>\n&#8211; A l\u2019orchestre \u00ab C\u0153ur des merveilles \u00bb ;<br \/>\n&#8211; Au groupe du renouveau Charismatique ;<br \/>\n&#8211; Aux balafonistes ;<\/p>\n<p>&#8211; Aux voisins, jeunes, amis et connaissances du secteurs 5 et \u00e0 l\u2019ensemble de la population de la commune de Gaoua et environnant \u2060 pour leur accompagnement lors de cette dure \u00e9preuve ;<br \/>\nIls s\u2019excusent aupr\u00e8s de tous ceux dont les noms n\u2019ont pu \u00eatre cit\u00e9s.<br \/>\nQue le Seigneur dans sa bont\u00e9 infinie vous comble de ses gr\u00e2ces et vous le rende au centuple !<\/p>\n","protected":false},"excerpt":{"rendered":"<p>Les grandes familles KAMBOU, YOUL, FERRAND, OUEDRAOGO, BOULOT, YAMEOGO, PALENFO, DA et POODA, \u00e0 Gaoua, Sampoli, Barkp\u00e9r\u00e9na, Djikando, Tali\u00e8re, Ouahigouya, Kampti, C\u00f4te d\u2019Ivoire et Paris ; Les familles alli\u00e9es et amies ; Les fr\u00e8res et s\u0153urs : Fran\u00e7ois, Tchan, Yvonne, Fatima, Maria, Bol\u00e9na, H\u00e9l\u00e8ne, Yves, Madeleine, Houndit\u00e9 et Dominique ; Leurs conjoints et conjointes ; [&hellip;]<\/p>\n","protected":false},"author":1,"featured_media":1961,"comment_status":"open","ping_status":"open","sticky":false,"template":"","format":"standard","meta":{"site-sidebar-layout":"default","site-content-layout":"","ast-site-content-layout":"default","site-content-style":"default","site-sidebar-style":"default","ast-global-header-display":"","ast-banner-title-visibility":"","ast-main-header-display":"","ast-hfb-above-header-display":"","ast-hfb-below-header-display":"","ast-hfb-mobile-header-display":"","site-post-title":"","ast-breadcrumbs-content":"","ast-featured-img":"","footer-sml-layout":"","theme-transparent-header-meta":"default","adv-header-id-meta":"","stick-header-meta":"","header-above-stick-meta":"","header-main-stick-meta":"","header-below-stick-meta":"","astra-migrate-meta-layouts":"set","ast-page-background-enabled":"default","ast-page-background-meta":{"desktop":{"background-color":"var(--ast-global-color-4)","background-image":"","background-repeat":"repeat","background-position":"center center","background-size":"auto","background-attachment":"scroll","background-type":"","background-media":"","overlay-type":"","overlay-color":"","overlay-opacity":"","overlay-gradient":""},"tablet":{"background-color":"","background-image":"","background-repeat":"repeat","background-position":"center center","background-size":"auto","background-attachment":"scroll","background-type":"","background-media":"","overlay-type":"","overlay-color":"","overlay-opacity":"","overlay-gradient":""},"mobile":{"background-color":"","background-image":"","background-repeat":"repeat","background-position":"center center","background-size":"auto","background-attachment":"scroll","background-type":"","background-media":"","overlay-type":"","overlay-color":"","overlay-opacity":"","overlay-gradient":""}},"ast-content-background-meta":{"desktop":{"background-color":"var(--ast-global-color-5)","background-image":"","background-repeat":"repeat","background-position":"center center","background-size":"auto","background-attachment":"scroll","background-type":"","background-media":"","overlay-type":"","overlay-color":"","overlay-opacity":"","overlay-gradient":""},"tablet":{"background-color":"var(--ast-global-color-5)","background-image":"","background-repeat":"repeat","background-position":"center center","background-size":"auto","background-attachment":"scroll","background-type":"","background-media":"","overlay-type":"","overlay-color":"","overlay-opacity":"","overlay-gradient":""},"mobile":{"background-color":"var(--ast-global-color-5)","background-image":"","background-repeat":"repeat","background-position":"center center","background-size":"auto","background-attachment":"scroll","background-type":"","background-media":"","overlay-type":"","overlay-color":"","overlay-opacity":"","overlay-gradient":""}},"footnotes":""},"categories":[1],"tags":[],"class_list":["post-1960","post","type-post","status-publish","format-standard","has-post-thumbnail","hentry","category-annonces"],"_links":{"self":[{"href":"https:\/\/lesoleil.bf\/index.php\/wp-json\/wp\/v2\/posts\/1960","targetHints":{"allow":["GET"]}}],"collection":[{"href":"https:\/\/lesoleil.bf\/index.php\/wp-json\/wp\/v2\/posts"}],"about":[{"href":"https:\/\/lesoleil.bf\/index.php\/wp-json\/wp\/v2\/types\/post"}],"author":[{"embeddable":true,"href":"https:\/\/lesoleil.bf\/index.php\/wp-json\/wp\/v2\/users\/1"}],"replies":[{"embeddable":true,"href":"https:\/\/lesoleil.bf\/index.php\/wp-json\/wp\/v2\/comments?post=1960"}],"version-history":[{"count":1,"href":"https:\/\/lesoleil.bf\/index.php\/wp-json\/wp\/v2\/posts\/1960\/revisions"}],"predecessor-version":[{"id":1962,"href":"https:\/\/lesoleil.bf\/index.php\/wp-json\/wp\/v2\/posts\/1960\/revisions\/1962"}],"wp:featuredmedia":[{"embeddable":true,"href":"https:\/\/lesoleil.bf\/index.php\/wp-json\/wp\/v2\/media\/1961"}],"wp:attachment":[{"href":"https:\/\/lesoleil.bf\/index.php\/wp-json\/wp\/v2\/media?parent=1960"}],"wp:term":[{"taxonomy":"category","embeddable":true,"href":"https:\/\/lesoleil.bf\/index.php\/wp-json\/wp\/v2\/categories?post=1960"},{"taxonomy":"post_tag","embeddable":true,"href":"https:\/\/lesoleil.bf\/index.php\/wp-json\/wp\/v2\/tags?post=1960"}],"curies":[{"name":"wp","href":"https:\/\/api.w.org\/{rel}","templated":true}]}}