{"id":1957,"date":"2025-02-01T18:45:06","date_gmt":"2025-02-01T18:45:06","guid":{"rendered":"https:\/\/lesoleil.bf\/?p=1957"},"modified":"2025-02-01T18:45:06","modified_gmt":"2025-02-01T18:45:06","slug":"fonds-de-soutien-patriotique-un-couple-equato-guineen-fait-une-contribution-de-200-000-fcfa","status":"publish","type":"post","link":"https:\/\/lesoleil.bf\/index.php\/2025\/02\/01\/fonds-de-soutien-patriotique-un-couple-equato-guineen-fait-une-contribution-de-200-000-fcfa\/","title":{"rendered":"Fonds de soutien patriotique : un couple \u00e9quato-guin\u00e9en fait une contribution de 200 000 FCFA"},"content":{"rendered":"<p>( Malabo, 31 janvier 2025)<\/p>\n<p>Monsieur Filati\u00e9ni COULIBALY, Consul G\u00e9n\u00e9ral du Burkina Faso \u00e0 Malabo a re\u00e7u en audience, le 30 janvier 2025, un couple \u00e9quato-guin\u00e9en venu saluer et encourager la dynamique enclench\u00e9e par le Burkina Faso pour retrouver sa souverainet\u00e9 pleine et enti\u00e8re.<\/p>\n<p>Pour exprimer leur soutien \u00e0 l\u2019ensemble des initiatives conduites par le Gouvernement, Felipe NKUA et son \u00e9pouse ont apport\u00e9 une contribution de deux cent mille Francs CFA au Fonds de soutien patriotique.<\/p>\n<p>Le Consul G\u00e9n\u00e9ral, \u00e0 l\u2019occasion a salu\u00e9 la d\u00e9marche du couple NKUA, indiquant qu\u2019au-del\u00e0 de la contribution, c&rsquo;est bien plus l\u2019\u00e9lan qui a amen\u00e9 ces amis du Burkina Faso vers le Consulat g\u00e9n\u00e9ral qui est \u00e0 saluer.<\/p>\n<p>Aussi, il a expliqu\u00e9 au couple l\u2019apport du Fonds de soutien patriotique dans la lutte contre le terrorisme et dans la prise en charge des besoins humanitaires, d\u2019o\u00f9 son renouvellement par le Gouvernement au compte de l\u2019ann\u00e9e 2025.<\/p>\n<p>Monsieur Filati\u00e9ni COULIBALY a termin\u00e9 son intervention en traduisant la reconnaissance du Gouvernement burkinab\u00e8 au couple NKUA.<\/p>\n<p>Monsieur NKUA qui officie comme enseignant de langue \u00e9trang\u00e8re dans un \u00e9tablissement de Malabo suit avec grand int\u00e9r\u00eat l\u2019actualit\u00e9 du Burkina Faso, un pays qu\u2019il esp\u00e8re visiter dans un futur proche.<\/p>\n<p>DCRP\/MAECRBE<\/p>\n","protected":false},"excerpt":{"rendered":"<p>( Malabo, 31 janvier 2025) Monsieur Filati\u00e9ni COULIBALY, Consul G\u00e9n\u00e9ral du Burkina Faso \u00e0 Malabo a re\u00e7u en audience, le 30 janvier 2025, un couple \u00e9quato-guin\u00e9en venu saluer et encourager la dynamique enclench\u00e9e par le Burkina Faso pour retrouver sa souverainet\u00e9 pleine et enti\u00e8re. Pour exprimer leur soutien \u00e0 l\u2019ensemble des initiatives conduites par le [&hellip;]<\/p>\n","protected":false},"author":1,"featured_media":1958,"comment_status":"open","ping_status":"open","sticky":false,"template":"","format":"standard","meta":{"site-sidebar-layout":"default","site-content-layout":"","ast-site-content-layout":"default","site-content-style":"default","site-sidebar-style":"default","ast-global-header-display":"","ast-banner-title-visibility":"","ast-main-header-display":"","ast-hfb-above-header-display":"","ast-hfb-below-header-display":"","ast-hfb-mobile-header-display":"","site-post-title":"","ast-breadcrumbs-content":"","ast-featured-img":"","footer-sml-layout":"","theme-transparent-header-meta":"default","adv-header-id-meta":"","stick-header-meta":"","header-above-stick-meta":"","header-main-stick-meta":"","header-below-stick-meta":"","astra-migrate-meta-layouts":"set","ast-page-background-enabled":"default","ast-page-background-meta":{"desktop":{"background-color":"var(--ast-global-color-4)","background-image":"","background-repeat":"repeat","background-position":"center center","background-size":"auto","background-attachment":"scroll","background-type":"","background-media":"","overlay-type":"","overlay-color":"","overlay-opacity":"","overlay-gradient":""},"tablet":{"background-color":"","background-image":"","background-repeat":"repeat","background-position":"center center","background-size":"auto","background-attachment":"scroll","background-type":"","background-media":"","overlay-type":"","overlay-color":"","overlay-opacity":"","overlay-gradient":""},"mobile":{"background-color":"","background-image":"","background-repeat":"repeat","background-position":"center center","background-size":"auto","background-attachment":"scroll","background-type":"","background-media":"","overlay-type":"","overlay-color":"","overlay-opacity":"","overlay-gradient":""}},"ast-content-background-meta":{"desktop":{"background-color":"var(--ast-global-color-5)","background-image":"","background-repeat":"repeat","background-position":"center center","background-size":"auto","background-attachment":"scroll","background-type":"","background-media":"","overlay-type":"","overlay-color":"","overlay-opacity":"","overlay-gradient":""},"tablet":{"background-color":"var(--ast-global-color-5)","background-image":"","background-repeat":"repeat","background-position":"center center","background-size":"auto","background-attachment":"scroll","background-type":"","background-media":"","overlay-type":"","overlay-color":"","overlay-opacity":"","overlay-gradient":""},"mobile":{"background-color":"var(--ast-global-color-5)","background-image":"","background-repeat":"repeat","background-position":"center center","background-size":"auto","background-attachment":"scroll","background-type":"","background-media":"","overlay-type":"","overlay-color":"","overlay-opacity":"","overlay-gradient":""}},"footnotes":""},"categories":[9],"tags":[159],"class_list":["post-1957","post","type-post","status-publish","format-standard","has-post-thumbnail","hentry","category-politique","tag-fonds-de-soutien-patriotique-au-burkina-faso"],"_links":{"self":[{"href":"https:\/\/lesoleil.bf\/index.php\/wp-json\/wp\/v2\/posts\/1957","targetHints":{"allow":["GET"]}}],"collection":[{"href":"https:\/\/lesoleil.bf\/index.php\/wp-json\/wp\/v2\/posts"}],"about":[{"href":"https:\/\/lesoleil.bf\/index.php\/wp-json\/wp\/v2\/types\/post"}],"author":[{"embeddable":true,"href":"https:\/\/lesoleil.bf\/index.php\/wp-json\/wp\/v2\/users\/1"}],"replies":[{"embeddable":true,"href":"https:\/\/lesoleil.bf\/index.php\/wp-json\/wp\/v2\/comments?post=1957"}],"version-history":[{"count":1,"href":"https:\/\/lesoleil.bf\/index.php\/wp-json\/wp\/v2\/posts\/1957\/revisions"}],"predecessor-version":[{"id":1959,"href":"https:\/\/lesoleil.bf\/index.php\/wp-json\/wp\/v2\/posts\/1957\/revisions\/1959"}],"wp:featuredmedia":[{"embeddable":true,"href":"https:\/\/lesoleil.bf\/index.php\/wp-json\/wp\/v2\/media\/1958"}],"wp:attachment":[{"href":"https:\/\/lesoleil.bf\/index.php\/wp-json\/wp\/v2\/media?parent=1957"}],"wp:term":[{"taxonomy":"category","embeddable":true,"href":"https:\/\/lesoleil.bf\/index.php\/wp-json\/wp\/v2\/categories?post=1957"},{"taxonomy":"post_tag","embeddable":true,"href":"https:\/\/lesoleil.bf\/index.php\/wp-json\/wp\/v2\/tags?post=1957"}],"curies":[{"name":"wp","href":"https:\/\/api.w.org\/{rel}","templated":true}]}}