{"id":1949,"date":"2025-01-30T21:18:45","date_gmt":"2025-01-30T21:18:45","guid":{"rendered":"https:\/\/lesoleil.bf\/?p=1949"},"modified":"2025-01-30T21:18:45","modified_gmt":"2025-01-30T21:18:45","slug":"communique-de-presse-de-la-cedeao-apres-le-depart-du-burkina-mali-et-niger","status":"publish","type":"post","link":"https:\/\/lesoleil.bf\/index.php\/2025\/01\/30\/communique-de-presse-de-la-cedeao-apres-le-depart-du-burkina-mali-et-niger\/","title":{"rendered":"COMMUNIQU\u00c9 DE PRESSE DE LA CEDEAO APR\u00c8S LE D\u00c9PART DU BURKINA, MALI ET NIGER :"},"content":{"rendered":"<p>Le retrait du Burkina Faso, de la R\u00e9publique du Mali et de la R\u00e9publique du Niger de la CEDEAO prend effet \u00e0 compter de ce jour, le 29 janvier 2025. Toutefois, dans l&rsquo;esprit de la solidarit\u00e9 r\u00e9gionale et dans l&rsquo;int\u00e9r\u00eat sup\u00e9rieur des populations, et conform\u00e9ment \u00e0 la d\u00e9cision de la Conf\u00e9rence des Chefs d\u2019Etat et de Gouvernement de maintenir les portes de la CEDEAO ouvertes au dialogue, les autorit\u00e9s comp\u00e9tentes \u00e0 l&rsquo;int\u00e9rieur et \u00e0 l&rsquo;ext\u00e9rieur de l\u2019ensemble des \u00c9tats membres de la CEDEAO sont pri\u00e9es et tenues de veiller au respect des mesures ci-apr\u00e8s :<\/p>\n<p>a) Reconna\u00eetre jusqu&rsquo;\u00e0 nouvel ordre les passeports et cartes d&rsquo;identit\u00e9 nationaux portant le logo de la CEDEAO d\u00e9tenus par les citoyens du Burkina Faso, de la R\u00e9publique du Mali et de la R\u00e9publique du Niger ;<\/p>\n<p>b) Continuer \u00e0 accorder aux biens et services provenant des trois pays concern\u00e9s le traitement pr\u00e9vu par le Sch\u00e9ma de lib\u00e9ralisation des \u00e9changes (SLEC) et la Politique d&rsquo;inve<\/p>\n","protected":false},"excerpt":{"rendered":"<p>Le retrait du Burkina Faso, de la R\u00e9publique du Mali et de la R\u00e9publique du Niger de la CEDEAO prend effet \u00e0 compter de ce jour, le 29 janvier 2025. Toutefois, dans l&rsquo;esprit de la solidarit\u00e9 r\u00e9gionale et dans l&rsquo;int\u00e9r\u00eat sup\u00e9rieur des populations, et conform\u00e9ment \u00e0 la d\u00e9cision de la Conf\u00e9rence des Chefs d\u2019Etat et [&hellip;]<\/p>\n","protected":false},"author":1,"featured_media":1950,"comment_status":"open","ping_status":"open","sticky":false,"template":"","format":"standard","meta":{"site-sidebar-layout":"default","site-content-layout":"","ast-site-content-layout":"default","site-content-style":"default","site-sidebar-style":"default","ast-global-header-display":"","ast-banner-title-visibility":"","ast-main-header-display":"","ast-hfb-above-header-display":"","ast-hfb-below-header-display":"","ast-hfb-mobile-header-display":"","site-post-title":"","ast-breadcrumbs-content":"","ast-featured-img":"","footer-sml-layout":"","theme-transparent-header-meta":"default","adv-header-id-meta":"","stick-header-meta":"","header-above-stick-meta":"","header-main-stick-meta":"","header-below-stick-meta":"","astra-migrate-meta-layouts":"set","ast-page-background-enabled":"default","ast-page-background-meta":{"desktop":{"background-color":"var(--ast-global-color-4)","background-image":"","background-repeat":"repeat","background-position":"center center","background-size":"auto","background-attachment":"scroll","background-type":"","background-media":"","overlay-type":"","overlay-color":"","overlay-opacity":"","overlay-gradient":""},"tablet":{"background-color":"","background-image":"","background-repeat":"repeat","background-position":"center center","background-size":"auto","background-attachment":"scroll","background-type":"","background-media":"","overlay-type":"","overlay-color":"","overlay-opacity":"","overlay-gradient":""},"mobile":{"background-color":"","background-image":"","background-repeat":"repeat","background-position":"center center","background-size":"auto","background-attachment":"scroll","background-type":"","background-media":"","overlay-type":"","overlay-color":"","overlay-opacity":"","overlay-gradient":""}},"ast-content-background-meta":{"desktop":{"background-color":"var(--ast-global-color-5)","background-image":"","background-repeat":"repeat","background-position":"center center","background-size":"auto","background-attachment":"scroll","background-type":"","background-media":"","overlay-type":"","overlay-color":"","overlay-opacity":"","overlay-gradient":""},"tablet":{"background-color":"var(--ast-global-color-5)","background-image":"","background-repeat":"repeat","background-position":"center center","background-size":"auto","background-attachment":"scroll","background-type":"","background-media":"","overlay-type":"","overlay-color":"","overlay-opacity":"","overlay-gradient":""},"mobile":{"background-color":"var(--ast-global-color-5)","background-image":"","background-repeat":"repeat","background-position":"center center","background-size":"auto","background-attachment":"scroll","background-type":"","background-media":"","overlay-type":"","overlay-color":"","overlay-opacity":"","overlay-gradient":""}},"footnotes":""},"categories":[1,9],"tags":[],"class_list":["post-1949","post","type-post","status-publish","format-standard","has-post-thumbnail","hentry","category-annonces","category-politique"],"_links":{"self":[{"href":"https:\/\/lesoleil.bf\/index.php\/wp-json\/wp\/v2\/posts\/1949","targetHints":{"allow":["GET"]}}],"collection":[{"href":"https:\/\/lesoleil.bf\/index.php\/wp-json\/wp\/v2\/posts"}],"about":[{"href":"https:\/\/lesoleil.bf\/index.php\/wp-json\/wp\/v2\/types\/post"}],"author":[{"embeddable":true,"href":"https:\/\/lesoleil.bf\/index.php\/wp-json\/wp\/v2\/users\/1"}],"replies":[{"embeddable":true,"href":"https:\/\/lesoleil.bf\/index.php\/wp-json\/wp\/v2\/comments?post=1949"}],"version-history":[{"count":1,"href":"https:\/\/lesoleil.bf\/index.php\/wp-json\/wp\/v2\/posts\/1949\/revisions"}],"predecessor-version":[{"id":1951,"href":"https:\/\/lesoleil.bf\/index.php\/wp-json\/wp\/v2\/posts\/1949\/revisions\/1951"}],"wp:featuredmedia":[{"embeddable":true,"href":"https:\/\/lesoleil.bf\/index.php\/wp-json\/wp\/v2\/media\/1950"}],"wp:attachment":[{"href":"https:\/\/lesoleil.bf\/index.php\/wp-json\/wp\/v2\/media?parent=1949"}],"wp:term":[{"taxonomy":"category","embeddable":true,"href":"https:\/\/lesoleil.bf\/index.php\/wp-json\/wp\/v2\/categories?post=1949"},{"taxonomy":"post_tag","embeddable":true,"href":"https:\/\/lesoleil.bf\/index.php\/wp-json\/wp\/v2\/tags?post=1949"}],"curies":[{"name":"wp","href":"https:\/\/api.w.org\/{rel}","templated":true}]}}