{"id":1925,"date":"2025-01-24T11:12:27","date_gmt":"2025-01-24T11:12:27","guid":{"rendered":"https:\/\/lesoleil.bf\/?p=1925"},"modified":"2025-01-24T11:12:27","modified_gmt":"2025-01-24T11:12:27","slug":"paix-en-afrique-le-president-ivoirien-honore","status":"publish","type":"post","link":"https:\/\/lesoleil.bf\/index.php\/2025\/01\/24\/paix-en-afrique-le-president-ivoirien-honore\/","title":{"rendered":"Paix en Afrique : Le pr\u00e9sident ivoirien honor\u00e9"},"content":{"rendered":"<p>Alassane Ouattara, a \u00e9t\u00e9 d\u00e9sign\u00e9 Laur\u00e9at du Prix Africain pour la Promotion de la Paix 2025 par les membres du comit\u00e9 de la Conf\u00e9rence Africaine pour la Promotion de la Paix. C&rsquo;\u00e9tait ce 19 janvier 2025.<\/p>\n<p><img loading=\"lazy\" decoding=\"async\" class=\"alignnone size-medium wp-image-1926\" src=\"https:\/\/lesoleil.bf\/wp-content\/uploads\/2025\/01\/Alassane-Ouattara-designe-Laureat-du-Prix-Africain-pour-la-Promotion-de-la-Paix-2025--300x300.jpeg\" alt=\"\" width=\"300\" height=\"300\" srcset=\"https:\/\/lesoleil.bf\/wp-content\/uploads\/2025\/01\/Alassane-Ouattara-designe-Laureat-du-Prix-Africain-pour-la-Promotion-de-la-Paix-2025--300x300.jpeg 300w, https:\/\/lesoleil.bf\/wp-content\/uploads\/2025\/01\/Alassane-Ouattara-designe-Laureat-du-Prix-Africain-pour-la-Promotion-de-la-Paix-2025--1024x1024.jpeg 1024w, https:\/\/lesoleil.bf\/wp-content\/uploads\/2025\/01\/Alassane-Ouattara-designe-Laureat-du-Prix-Africain-pour-la-Promotion-de-la-Paix-2025--150x150.jpeg 150w, https:\/\/lesoleil.bf\/wp-content\/uploads\/2025\/01\/Alassane-Ouattara-designe-Laureat-du-Prix-Africain-pour-la-Promotion-de-la-Paix-2025--768x768.jpeg 768w, https:\/\/lesoleil.bf\/wp-content\/uploads\/2025\/01\/Alassane-Ouattara-designe-Laureat-du-Prix-Africain-pour-la-Promotion-de-la-Paix-2025-.jpeg 1080w\" sizes=\"auto, (max-width: 300px) 100vw, 300px\" \/> <img loading=\"lazy\" decoding=\"async\" class=\"alignnone wp-image-1927 \" src=\"https:\/\/lesoleil.bf\/wp-content\/uploads\/2025\/01\/Alassane-Ouattara-a-ete-designe-Laureat-du-Prix-Africain-pour-la-Promotion-de-Paix-2025-.jpg\" alt=\"\" width=\"530\" height=\"298\" \/><\/p>\n<p>L&rsquo;annonce a \u00e9t\u00e9 faite lors d&rsquo;une c\u00e9r\u00e9monie qui s&rsquo;est tenue dimanche dernier \u00e0 Nouakchott, en Mauritanie.<\/p>\n<p>Cette distinction reconna\u00eet les efforts du pr\u00e9sident Ouattara dans la promotion de la paix, la stabilit\u00e9 et la coop\u00e9ration sur le continent africain, notamment \u00e0 travers ses initiatives en mati\u00e8re de r\u00e9conciliation nationale, de gestion des conflits et de d\u00e9veloppement \u00e9conomique. Le prix vient saluer ses contributions dans un contexte de d\u00e9fis s\u00e9curitaires et politiques croissants \u00e0 travers l&rsquo;Afrique.<\/p>\n<p>Ce prix est \u00e9galement un symbole de l&rsquo;importance de la diplomatie africaine et de l&rsquo;engagement des leaders du continent \u00e0 favoriser des solutions pacifiques face aux crises r\u00e9gionales. Alassane Ouattara continue ainsi de renforcer son r\u00f4le en tant que figure cl\u00e9 de la stabilit\u00e9 en Afrique de l&rsquo;Ouest et dans l&rsquo;ensemble du continent.<br \/>\nLa c\u00e9r\u00e9monie s\u2019est d\u00e9roul\u00e9e sous le haut patronage du pr\u00e9sident mauritanien Mohamed Ould Cheikh El Ghazouani, dans le cadre d\u2019une initiative conjointe entre le gouvernement mauritanien et le Forum d\u2019Abu Dhabi pour la paix. Cette distinction a pr\u00e9c\u00e9demment \u00e9t\u00e9 d\u00e9cern\u00e9e \u00e0 Adama Barrow (2024), Muhammadu Buhari (2023) et Mohamed Bazoum (2022).<\/p>\n<p>La conf\u00e9rence, qui se tient du 21 au 23 janvier sous le th\u00e8me \u00ab Le continent africain : le devoir du dialogue et la pertinence de la r\u00e9conciliation \u00bb, rassemble des acteurs politiques et des experts pour d\u00e9battre des enjeux de paix sur le continent.<\/p>\n<p>Dans son discours d\u2019ouverture, le pr\u00e9sident du Forum d\u2019Abou Dhabi pour la paix a insist\u00e9 sur l\u2019importance du dialogue comme outil de pr\u00e9vention et de r\u00e9solution des conflits, citant notamment les situations au Soudan, au Mali, en Libye et au Mozambique.<\/p>\n<p>#alassanedramaneouattaralaureatprixdelapaix<\/p>\n<p>Roger SAWADOGO<\/p>\n","protected":false},"excerpt":{"rendered":"<p>Alassane Ouattara, a \u00e9t\u00e9 d\u00e9sign\u00e9 Laur\u00e9at du Prix Africain pour la Promotion de la Paix 2025 par les membres du comit\u00e9 de la Conf\u00e9rence Africaine pour la Promotion de la Paix. C&rsquo;\u00e9tait ce 19 janvier 2025. L&rsquo;annonce a \u00e9t\u00e9 faite lors d&rsquo;une c\u00e9r\u00e9monie qui s&rsquo;est tenue dimanche dernier \u00e0 Nouakchott, en Mauritanie. Cette distinction reconna\u00eet [&hellip;]<\/p>\n","protected":false},"author":1,"featured_media":1928,"comment_status":"open","ping_status":"open","sticky":false,"template":"","format":"standard","meta":{"site-sidebar-layout":"default","site-content-layout":"","ast-site-content-layout":"default","site-content-style":"default","site-sidebar-style":"default","ast-global-header-display":"","ast-banner-title-visibility":"","ast-main-header-display":"","ast-hfb-above-header-display":"","ast-hfb-below-header-display":"","ast-hfb-mobile-header-display":"","site-post-title":"","ast-breadcrumbs-content":"","ast-featured-img":"","footer-sml-layout":"","theme-transparent-header-meta":"default","adv-header-id-meta":"","stick-header-meta":"","header-above-stick-meta":"","header-main-stick-meta":"","header-below-stick-meta":"","astra-migrate-meta-layouts":"set","ast-page-background-enabled":"default","ast-page-background-meta":{"desktop":{"background-color":"var(--ast-global-color-4)","background-image":"","background-repeat":"repeat","background-position":"center center","background-size":"auto","background-attachment":"scroll","background-type":"","background-media":"","overlay-type":"","overlay-color":"","overlay-opacity":"","overlay-gradient":""},"tablet":{"background-color":"","background-image":"","background-repeat":"repeat","background-position":"center center","background-size":"auto","background-attachment":"scroll","background-type":"","background-media":"","overlay-type":"","overlay-color":"","overlay-opacity":"","overlay-gradient":""},"mobile":{"background-color":"","background-image":"","background-repeat":"repeat","background-position":"center center","background-size":"auto","background-attachment":"scroll","background-type":"","background-media":"","overlay-type":"","overlay-color":"","overlay-opacity":"","overlay-gradient":""}},"ast-content-background-meta":{"desktop":{"background-color":"var(--ast-global-color-5)","background-image":"","background-repeat":"repeat","background-position":"center center","background-size":"auto","background-attachment":"scroll","background-type":"","background-media":"","overlay-type":"","overlay-color":"","overlay-opacity":"","overlay-gradient":""},"tablet":{"background-color":"var(--ast-global-color-5)","background-image":"","background-repeat":"repeat","background-position":"center center","background-size":"auto","background-attachment":"scroll","background-type":"","background-media":"","overlay-type":"","overlay-color":"","overlay-opacity":"","overlay-gradient":""},"mobile":{"background-color":"var(--ast-global-color-5)","background-image":"","background-repeat":"repeat","background-position":"center center","background-size":"auto","background-attachment":"scroll","background-type":"","background-media":"","overlay-type":"","overlay-color":"","overlay-opacity":"","overlay-gradient":""}},"footnotes":""},"categories":[9],"tags":[156],"class_list":["post-1925","post","type-post","status-publish","format-standard","has-post-thumbnail","hentry","category-politique","tag-paix-en-afrique"],"_links":{"self":[{"href":"https:\/\/lesoleil.bf\/index.php\/wp-json\/wp\/v2\/posts\/1925","targetHints":{"allow":["GET"]}}],"collection":[{"href":"https:\/\/lesoleil.bf\/index.php\/wp-json\/wp\/v2\/posts"}],"about":[{"href":"https:\/\/lesoleil.bf\/index.php\/wp-json\/wp\/v2\/types\/post"}],"author":[{"embeddable":true,"href":"https:\/\/lesoleil.bf\/index.php\/wp-json\/wp\/v2\/users\/1"}],"replies":[{"embeddable":true,"href":"https:\/\/lesoleil.bf\/index.php\/wp-json\/wp\/v2\/comments?post=1925"}],"version-history":[{"count":1,"href":"https:\/\/lesoleil.bf\/index.php\/wp-json\/wp\/v2\/posts\/1925\/revisions"}],"predecessor-version":[{"id":1929,"href":"https:\/\/lesoleil.bf\/index.php\/wp-json\/wp\/v2\/posts\/1925\/revisions\/1929"}],"wp:featuredmedia":[{"embeddable":true,"href":"https:\/\/lesoleil.bf\/index.php\/wp-json\/wp\/v2\/media\/1928"}],"wp:attachment":[{"href":"https:\/\/lesoleil.bf\/index.php\/wp-json\/wp\/v2\/media?parent=1925"}],"wp:term":[{"taxonomy":"category","embeddable":true,"href":"https:\/\/lesoleil.bf\/index.php\/wp-json\/wp\/v2\/categories?post=1925"},{"taxonomy":"post_tag","embeddable":true,"href":"https:\/\/lesoleil.bf\/index.php\/wp-json\/wp\/v2\/tags?post=1925"}],"curies":[{"name":"wp","href":"https:\/\/api.w.org\/{rel}","templated":true}]}}