{"id":1916,"date":"2025-01-24T11:08:57","date_gmt":"2025-01-24T11:08:57","guid":{"rendered":"https:\/\/lesoleil.bf\/?p=1916"},"modified":"2025-01-24T11:08:57","modified_gmt":"2025-01-24T11:08:57","slug":"communication-de-la-presidence-du-faso-tiraogo-sougrinoma-ibrahim-guigma-installe-dans-ses-fonctions","status":"publish","type":"post","link":"https:\/\/lesoleil.bf\/index.php\/2025\/01\/24\/communication-de-la-presidence-du-faso-tiraogo-sougrinoma-ibrahim-guigma-installe-dans-ses-fonctions\/","title":{"rendered":"Communication de la Pr\u00e9sidence du Faso : Tiraogo Sougrinoma Ibrahim GUIGMA install\u00e9 dans ses fonctions"},"content":{"rendered":"<p>Ouagadougou, 21 janvier 2025). Le Directeur de cabinet du Pr\u00e9sident du Faso, Chef de l\u2019\u00c9tat, le Capitaine Martha C\u00e9leste Anderson Dekomwin MEDAH a proc\u00e9d\u00e9 ce mardi apr\u00e8s-midi \u00e0 l\u2019installation de Tiraogo Sougrinoma Ibrahim GUIGMA dans ses fonctions de Directeur de la communication et des relations presse (DCRP) de la Pr\u00e9sidence du Faso.<\/p>\n<p>Le Capitaine Martha C\u00e9leste Anderson Dekomwin MEDAH a f\u00e9licit\u00e9 M. GUIGMA pour sa nomination au poste de Directeur de la communication et des relations presse de la Pr\u00e9sidence du Faso. Il l\u2019a invit\u00e9 \u00e0 incarner le leadership, avant d\u2019appeler ses collaborateurs \u00e0 l\u2019accompagner franchement et sans retenue pour l\u2019atteinte de sa mission.<\/p>\n<p><img loading=\"lazy\" decoding=\"async\" class=\"alignnone size-medium wp-image-1917\" src=\"https:\/\/lesoleil.bf\/wp-content\/uploads\/2025\/01\/Tiraogo-Sougrinoma-Ibrahim-GUIGMA-7-300x200.jpg\" alt=\"\" width=\"300\" height=\"200\" srcset=\"https:\/\/lesoleil.bf\/wp-content\/uploads\/2025\/01\/Tiraogo-Sougrinoma-Ibrahim-GUIGMA-7-300x200.jpg 300w, https:\/\/lesoleil.bf\/wp-content\/uploads\/2025\/01\/Tiraogo-Sougrinoma-Ibrahim-GUIGMA-7-1024x683.jpg 1024w, https:\/\/lesoleil.bf\/wp-content\/uploads\/2025\/01\/Tiraogo-Sougrinoma-Ibrahim-GUIGMA-7-768x512.jpg 768w, https:\/\/lesoleil.bf\/wp-content\/uploads\/2025\/01\/Tiraogo-Sougrinoma-Ibrahim-GUIGMA-7.jpg 1080w\" sizes=\"auto, (max-width: 300px) 100vw, 300px\" \/> <img loading=\"lazy\" decoding=\"async\" class=\"alignnone size-medium wp-image-1918\" src=\"https:\/\/lesoleil.bf\/wp-content\/uploads\/2025\/01\/Tiraogo-Sougrinoma-Ibrahim-GUIGMA-6-300x200.jpg\" alt=\"\" width=\"300\" height=\"200\" srcset=\"https:\/\/lesoleil.bf\/wp-content\/uploads\/2025\/01\/Tiraogo-Sougrinoma-Ibrahim-GUIGMA-6-300x200.jpg 300w, https:\/\/lesoleil.bf\/wp-content\/uploads\/2025\/01\/Tiraogo-Sougrinoma-Ibrahim-GUIGMA-6-1024x683.jpg 1024w, https:\/\/lesoleil.bf\/wp-content\/uploads\/2025\/01\/Tiraogo-Sougrinoma-Ibrahim-GUIGMA-6-768x512.jpg 768w, https:\/\/lesoleil.bf\/wp-content\/uploads\/2025\/01\/Tiraogo-Sougrinoma-Ibrahim-GUIGMA-6.jpg 1080w\" sizes=\"auto, (max-width: 300px) 100vw, 300px\" \/> <img loading=\"lazy\" decoding=\"async\" class=\"alignnone size-medium wp-image-1920\" src=\"https:\/\/lesoleil.bf\/wp-content\/uploads\/2025\/01\/Tiraogo-Sougrinoma-Ibrahim-GUIGMA-4-300x200.jpg\" alt=\"\" width=\"300\" height=\"200\" srcset=\"https:\/\/lesoleil.bf\/wp-content\/uploads\/2025\/01\/Tiraogo-Sougrinoma-Ibrahim-GUIGMA-4-300x200.jpg 300w, https:\/\/lesoleil.bf\/wp-content\/uploads\/2025\/01\/Tiraogo-Sougrinoma-Ibrahim-GUIGMA-4-1024x683.jpg 1024w, https:\/\/lesoleil.bf\/wp-content\/uploads\/2025\/01\/Tiraogo-Sougrinoma-Ibrahim-GUIGMA-4-768x512.jpg 768w, https:\/\/lesoleil.bf\/wp-content\/uploads\/2025\/01\/Tiraogo-Sougrinoma-Ibrahim-GUIGMA-4.jpg 1080w\" sizes=\"auto, (max-width: 300px) 100vw, 300px\" \/> <img loading=\"lazy\" decoding=\"async\" class=\"alignnone size-medium wp-image-1921\" src=\"https:\/\/lesoleil.bf\/wp-content\/uploads\/2025\/01\/Tiraogo-Sougrinoma-Ibrahim-GUIGMA-3-300x199.jpg\" alt=\"\" width=\"300\" height=\"199\" srcset=\"https:\/\/lesoleil.bf\/wp-content\/uploads\/2025\/01\/Tiraogo-Sougrinoma-Ibrahim-GUIGMA-3-300x199.jpg 300w, https:\/\/lesoleil.bf\/wp-content\/uploads\/2025\/01\/Tiraogo-Sougrinoma-Ibrahim-GUIGMA-3-1024x678.jpg 1024w, https:\/\/lesoleil.bf\/wp-content\/uploads\/2025\/01\/Tiraogo-Sougrinoma-Ibrahim-GUIGMA-3-768x508.jpg 768w, https:\/\/lesoleil.bf\/wp-content\/uploads\/2025\/01\/Tiraogo-Sougrinoma-Ibrahim-GUIGMA-3.jpg 1080w\" sizes=\"auto, (max-width: 300px) 100vw, 300px\" \/> <img loading=\"lazy\" decoding=\"async\" class=\"alignnone size-medium wp-image-1922\" src=\"https:\/\/lesoleil.bf\/wp-content\/uploads\/2025\/01\/Tiraogo-Sougrinoma-Ibrahim-GUIGMA-2-300x224.jpg\" alt=\"\" width=\"300\" height=\"224\" srcset=\"https:\/\/lesoleil.bf\/wp-content\/uploads\/2025\/01\/Tiraogo-Sougrinoma-Ibrahim-GUIGMA-2-300x224.jpg 300w, https:\/\/lesoleil.bf\/wp-content\/uploads\/2025\/01\/Tiraogo-Sougrinoma-Ibrahim-GUIGMA-2-1024x763.jpg 1024w, https:\/\/lesoleil.bf\/wp-content\/uploads\/2025\/01\/Tiraogo-Sougrinoma-Ibrahim-GUIGMA-2-768x572.jpg 768w, https:\/\/lesoleil.bf\/wp-content\/uploads\/2025\/01\/Tiraogo-Sougrinoma-Ibrahim-GUIGMA-2.jpg 1080w\" sizes=\"auto, (max-width: 300px) 100vw, 300px\" \/> <img loading=\"lazy\" decoding=\"async\" class=\"alignnone size-medium wp-image-1923\" src=\"https:\/\/lesoleil.bf\/wp-content\/uploads\/2025\/01\/Tiraogo-Sougrinoma-Ibrahim-GUIGMA-1-300x216.jpg\" alt=\"\" width=\"300\" height=\"216\" srcset=\"https:\/\/lesoleil.bf\/wp-content\/uploads\/2025\/01\/Tiraogo-Sougrinoma-Ibrahim-GUIGMA-1-300x216.jpg 300w, https:\/\/lesoleil.bf\/wp-content\/uploads\/2025\/01\/Tiraogo-Sougrinoma-Ibrahim-GUIGMA-1-1024x736.jpg 1024w, https:\/\/lesoleil.bf\/wp-content\/uploads\/2025\/01\/Tiraogo-Sougrinoma-Ibrahim-GUIGMA-1-768x552.jpg 768w, https:\/\/lesoleil.bf\/wp-content\/uploads\/2025\/01\/Tiraogo-Sougrinoma-Ibrahim-GUIGMA-1.jpg 1080w\" sizes=\"auto, (max-width: 300px) 100vw, 300px\" \/><\/p>\n<p>\u00ab L\u2019\u00e9chec n\u2019est pas envisageable \u00bb, a soutenu le Directeur de cabinet, tout en lui t\u00e9moignant son soutien et celui du Pr\u00e9sident du Faso pour la r\u00e9ussite de sa mission.<\/p>\n<p>A l\u2019issue de son installation, le nouveau Directeur de la communication de la Pr\u00e9sidence du Faso a traduit sa \u00ab d\u00e9f\u00e9rente reconnaissance \u00bb au Chef de l\u2019\u00c9tat pour la confiance plac\u00e9e en sa personne. Il a rassur\u00e9 le Pr\u00e9sident du Faso de son engagement ferme, de sa d\u00e9termination et de sa loyaut\u00e9 de \u00ab VDP de la communication \u00bb pour r\u00e9ussir sa mission.<\/p>\n<p>Pour ce faire, M. GUIGMA entend inscrire son action dans la continuit\u00e9. \u00ab Je ne viens pas pour r\u00e9inventer la roue mais plut\u00f4t y apporter ma touche \u00bb, a-t-il dit tout en saluant \u00ab l\u2019immense travail abattu \u00bb par son pr\u00e9d\u00e9cesseur et son \u00e9quipe.<\/p>\n<p>Il compte s\u2019appuyer sur le soutien et l\u2019accompagnement de l\u2019ensemble de ses collaborateurs. \u00ab J\u2019accorde de la place \u00e0 la bonne collaboration et au partenariat sinc\u00e8re dans le dispositif op\u00e9rationnel pour le bon accomplissement de la mission qui m\u2019a \u00e9t\u00e9 confi\u00e9e \u00bb, a soulign\u00e9 M. GUIGMA.<\/p>\n<p>Nomm\u00e9 en conseil des ministres le 9 janvier 2025, Tiraogo Sougrinoma Ibrahim GUIGMA pr\u00e9c\u00e9demment Directeur g\u00e9n\u00e9ral de la communication et des relations publiques (DGCRP) de l\u2019Assembl\u00e9e l\u00e9gislative de Transition remplace \u00e0 ce poste, Pindgwend\u00e9 Gilbert OU\u00c9DRAOGO d\u00e9sormais Ministre de la Communication, de la Culture, des Arts et du Tourisme.<\/p>\n<p>Direction de la communication de la Pr\u00e9sidence du Faso<\/p>\n","protected":false},"excerpt":{"rendered":"<p>Ouagadougou, 21 janvier 2025). Le Directeur de cabinet du Pr\u00e9sident du Faso, Chef de l\u2019\u00c9tat, le Capitaine Martha C\u00e9leste Anderson Dekomwin MEDAH a proc\u00e9d\u00e9 ce mardi apr\u00e8s-midi \u00e0 l\u2019installation de Tiraogo Sougrinoma Ibrahim GUIGMA dans ses fonctions de Directeur de la communication et des relations presse (DCRP) de la Pr\u00e9sidence du Faso. Le Capitaine Martha [&hellip;]<\/p>\n","protected":false},"author":1,"featured_media":1919,"comment_status":"open","ping_status":"open","sticky":false,"template":"","format":"standard","meta":{"site-sidebar-layout":"default","site-content-layout":"","ast-site-content-layout":"default","site-content-style":"default","site-sidebar-style":"default","ast-global-header-display":"","ast-banner-title-visibility":"","ast-main-header-display":"","ast-hfb-above-header-display":"","ast-hfb-below-header-display":"","ast-hfb-mobile-header-display":"","site-post-title":"","ast-breadcrumbs-content":"","ast-featured-img":"","footer-sml-layout":"","theme-transparent-header-meta":"default","adv-header-id-meta":"","stick-header-meta":"","header-above-stick-meta":"","header-main-stick-meta":"","header-below-stick-meta":"","astra-migrate-meta-layouts":"set","ast-page-background-enabled":"default","ast-page-background-meta":{"desktop":{"background-color":"var(--ast-global-color-4)","background-image":"","background-repeat":"repeat","background-position":"center center","background-size":"auto","background-attachment":"scroll","background-type":"","background-media":"","overlay-type":"","overlay-color":"","overlay-opacity":"","overlay-gradient":""},"tablet":{"background-color":"","background-image":"","background-repeat":"repeat","background-position":"center center","background-size":"auto","background-attachment":"scroll","background-type":"","background-media":"","overlay-type":"","overlay-color":"","overlay-opacity":"","overlay-gradient":""},"mobile":{"background-color":"","background-image":"","background-repeat":"repeat","background-position":"center center","background-size":"auto","background-attachment":"scroll","background-type":"","background-media":"","overlay-type":"","overlay-color":"","overlay-opacity":"","overlay-gradient":""}},"ast-content-background-meta":{"desktop":{"background-color":"var(--ast-global-color-5)","background-image":"","background-repeat":"repeat","background-position":"center center","background-size":"auto","background-attachment":"scroll","background-type":"","background-media":"","overlay-type":"","overlay-color":"","overlay-opacity":"","overlay-gradient":""},"tablet":{"background-color":"var(--ast-global-color-5)","background-image":"","background-repeat":"repeat","background-position":"center center","background-size":"auto","background-attachment":"scroll","background-type":"","background-media":"","overlay-type":"","overlay-color":"","overlay-opacity":"","overlay-gradient":""},"mobile":{"background-color":"var(--ast-global-color-5)","background-image":"","background-repeat":"repeat","background-position":"center center","background-size":"auto","background-attachment":"scroll","background-type":"","background-media":"","overlay-type":"","overlay-color":"","overlay-opacity":"","overlay-gradient":""}},"footnotes":""},"categories":[9],"tags":[155],"class_list":["post-1916","post","type-post","status-publish","format-standard","has-post-thumbnail","hentry","category-politique","tag-communication-de-la-presidence-du-faso"],"_links":{"self":[{"href":"https:\/\/lesoleil.bf\/index.php\/wp-json\/wp\/v2\/posts\/1916","targetHints":{"allow":["GET"]}}],"collection":[{"href":"https:\/\/lesoleil.bf\/index.php\/wp-json\/wp\/v2\/posts"}],"about":[{"href":"https:\/\/lesoleil.bf\/index.php\/wp-json\/wp\/v2\/types\/post"}],"author":[{"embeddable":true,"href":"https:\/\/lesoleil.bf\/index.php\/wp-json\/wp\/v2\/users\/1"}],"replies":[{"embeddable":true,"href":"https:\/\/lesoleil.bf\/index.php\/wp-json\/wp\/v2\/comments?post=1916"}],"version-history":[{"count":1,"href":"https:\/\/lesoleil.bf\/index.php\/wp-json\/wp\/v2\/posts\/1916\/revisions"}],"predecessor-version":[{"id":1924,"href":"https:\/\/lesoleil.bf\/index.php\/wp-json\/wp\/v2\/posts\/1916\/revisions\/1924"}],"wp:featuredmedia":[{"embeddable":true,"href":"https:\/\/lesoleil.bf\/index.php\/wp-json\/wp\/v2\/media\/1919"}],"wp:attachment":[{"href":"https:\/\/lesoleil.bf\/index.php\/wp-json\/wp\/v2\/media?parent=1916"}],"wp:term":[{"taxonomy":"category","embeddable":true,"href":"https:\/\/lesoleil.bf\/index.php\/wp-json\/wp\/v2\/categories?post=1916"},{"taxonomy":"post_tag","embeddable":true,"href":"https:\/\/lesoleil.bf\/index.php\/wp-json\/wp\/v2\/tags?post=1916"}],"curies":[{"name":"wp","href":"https:\/\/api.w.org\/{rel}","templated":true}]}}