{"id":1913,"date":"2025-01-24T11:03:09","date_gmt":"2025-01-24T11:03:09","guid":{"rendered":"https:\/\/lesoleil.bf\/?p=1913"},"modified":"2025-01-24T11:03:09","modified_gmt":"2025-01-24T11:03:09","slug":"presentation-de-voeux-du-sepafar-on-a-preche-lamour-de-dieu","status":"publish","type":"post","link":"https:\/\/lesoleil.bf\/index.php\/2025\/01\/24\/presentation-de-voeux-du-sepafar-on-a-preche-lamour-de-dieu\/","title":{"rendered":"Pr\u00e9sentation de v\u0153ux du SEPAFAR: On a pr\u00each\u00e9 l&rsquo;amour de Dieu"},"content":{"rendered":"<p>D\u00e9but\u00e9e par le message d&rsquo;amour du Pape Fran\u00e7ois &lt;&lt;Dilexit nos (encyclique)&gt;&gt; \u00e0 l&rsquo;humanit\u00e9, la premi\u00e8re activit\u00e9 de l&rsquo;ann\u00e9e du Service pastoral pour la Formation et l&rsquo;accompagnement des responsables (SEPAFAR) s&rsquo;est poursuivie dans une ambiance de respect mutuel et d&rsquo;amour du prochain comme \u00e0 l&rsquo;accoutum\u00e9e. La chapelle de Bethl\u00e9em, situ\u00e9e dans l&rsquo;enceinte de la Cath\u00e9drale Notre Dame de l&rsquo;Immacul\u00e9e conception de Ouagadougou, a \u00e9t\u00e9 t\u00e9moin de ce top de d\u00e9part des activit\u00e9s de l&rsquo;ann\u00e9e ce 19 janvier 2025.<\/p>\n<p>La conf\u00e9rence inaugurale sur l&rsquo;encyclique du Pape a permis \u00e0 l&rsquo;Aumonier, l&rsquo;Abb\u00e9 Justin ZANGRE, orateur du jour, d&rsquo;inviter les uns et les autres \u00e0 \u00eatre des vecteurs de paix dans les lieux de travail, dans les foyers et \u00e0 travers le monde. Il a surtout exhort\u00e9 les membres \u00e0 faire leurs les paroles d&rsquo;Amour qui d\u00e9coule de cet \u00e9crit papal.<\/p>\n<p>Aussi a t-il invit\u00e9 le chr\u00e9tien \u00e0 croire en la mis\u00e9ricorde de Dieu, don gratuit qui doit inspirer sa vie au quotidien. &lt;&lt;Dieu n&rsquo;aime pas le p\u00e9ch\u00e9 mais il aime, toujours et malgr\u00e9 tout, le p\u00eacheur&gt;&gt;, a t-il d\u00e9clar\u00e9.<\/p>\n<p>Repondant \u00e0 une question d&rsquo;un membres sur l&rsquo;expos\u00e9 du jour, l&rsquo;aum\u00f4nier Zangre confesse que l&rsquo;Eglise reconna\u00eet au chr\u00e9tien le droit \u00e0 la l\u00e9gitime- d\u00e9fense mais celui-ci doit se d\u00e9fendre avec justesse et justice. Et \u00e0 l&rsquo;homme de Dieu de rench\u00e9rir que &lt;&lt;celui qui sait vivre l&rsquo;Amour, sait vivre avec Dieu et pour Dieu&gt;&gt;.<br \/>\nA l&rsquo;issue de la messe solennelle, la Coordonnatrice du SEPAFAR, S\u00e9raphine NABARET a pr\u00e9sent\u00e9 les v\u0153ux \u00e0 l&rsquo;Aumonier et \u00e0 l&rsquo;ensemble des membres.<br \/>\n&lt;&lt;Que Dieu vous donne la gr\u00e2ce de vous conduire au large dans la joie&gt;&gt;, a lanc\u00e9 la premi\u00e8re responsable des la\u00efcs de la structure \u00e0 l&rsquo;endroit de l&rsquo;aum\u00f4nier.<br \/>\nP\u00e8lerinage, diner-gala de fraternit\u00e9, sensibilisation dans les paroisses afin d&rsquo;y installer des cellules SEPAFAR, mobilisation des membres pour la comm\u00e9moration des 125 d&rsquo;\u00e9vang\u00e9lisation &#8230;sont autant d&rsquo;activit\u00e9s inscrites dans l&rsquo;agenda pastoral du SEPAFAR pour cette ann\u00e9e.<br \/>\nA l&rsquo;endroit de la Coordonnatrice et de son \u00e9quipe, l&rsquo;Aum\u00f4nier a dit toute satisfaction pour le travail abattu. &lt;&lt;Que l&rsquo;Esprit-Saint soit votre souffle pour la coordination des affaires&gt;&gt;, a souhait\u00e9 l&rsquo;encadreur spirituel. A l&rsquo;ensemble des membres, il a souhait\u00e9 une bonne et sainte ann\u00e9e et surtout &lt;&lt;que le Seigneur nous aide \u00e0 vivre dans la mouvance de son esprit&gt;&gt;. Et d&rsquo;ajouter \u00e0 l&rsquo;endroit de ses ouailles que s&rsquo;ouvrent de &lt;&lt;saines opportunit\u00e9s&gt;&gt;. Allusion \u00e0 la corruption qui gangr\u00e8ne la soci\u00e9t\u00e9 et dont la presse \u00e0 fait \u00e9chos \u00e0 la fin de l&rsquo;ann\u00e9e.<\/p>\n<p>La c\u00e9r\u00e9monie traditionnelle de pr\u00e9sentation de v\u0153ux s&rsquo;est achev\u00e9e dans une ambiance bon enfant autour d&rsquo;un repas familial. Rendez-vous a \u00e9t\u00e9 donn\u00e9 aux SEPAFARiens pour les prochaines activit\u00e9s. Al\u00e9a jacta est!<\/p>\n<p>Roger SAWADOGO.<\/p>\n","protected":false},"excerpt":{"rendered":"<p>D\u00e9but\u00e9e par le message d&rsquo;amour du Pape Fran\u00e7ois &lt;&lt;Dilexit nos (encyclique)&gt;&gt; \u00e0 l&rsquo;humanit\u00e9, la premi\u00e8re activit\u00e9 de l&rsquo;ann\u00e9e du Service pastoral pour la Formation et l&rsquo;accompagnement des responsables (SEPAFAR) s&rsquo;est poursuivie dans une ambiance de respect mutuel et d&rsquo;amour du prochain comme \u00e0 l&rsquo;accoutum\u00e9e. La chapelle de Bethl\u00e9em, situ\u00e9e dans l&rsquo;enceinte de la Cath\u00e9drale Notre [&hellip;]<\/p>\n","protected":false},"author":1,"featured_media":1914,"comment_status":"open","ping_status":"open","sticky":false,"template":"","format":"standard","meta":{"site-sidebar-layout":"default","site-content-layout":"","ast-site-content-layout":"default","site-content-style":"default","site-sidebar-style":"default","ast-global-header-display":"","ast-banner-title-visibility":"","ast-main-header-display":"","ast-hfb-above-header-display":"","ast-hfb-below-header-display":"","ast-hfb-mobile-header-display":"","site-post-title":"","ast-breadcrumbs-content":"","ast-featured-img":"","footer-sml-layout":"","theme-transparent-header-meta":"default","adv-header-id-meta":"","stick-header-meta":"","header-above-stick-meta":"","header-main-stick-meta":"","header-below-stick-meta":"","astra-migrate-meta-layouts":"set","ast-page-background-enabled":"default","ast-page-background-meta":{"desktop":{"background-color":"var(--ast-global-color-4)","background-image":"","background-repeat":"repeat","background-position":"center center","background-size":"auto","background-attachment":"scroll","background-type":"","background-media":"","overlay-type":"","overlay-color":"","overlay-opacity":"","overlay-gradient":""},"tablet":{"background-color":"","background-image":"","background-repeat":"repeat","background-position":"center center","background-size":"auto","background-attachment":"scroll","background-type":"","background-media":"","overlay-type":"","overlay-color":"","overlay-opacity":"","overlay-gradient":""},"mobile":{"background-color":"","background-image":"","background-repeat":"repeat","background-position":"center center","background-size":"auto","background-attachment":"scroll","background-type":"","background-media":"","overlay-type":"","overlay-color":"","overlay-opacity":"","overlay-gradient":""}},"ast-content-background-meta":{"desktop":{"background-color":"var(--ast-global-color-5)","background-image":"","background-repeat":"repeat","background-position":"center center","background-size":"auto","background-attachment":"scroll","background-type":"","background-media":"","overlay-type":"","overlay-color":"","overlay-opacity":"","overlay-gradient":""},"tablet":{"background-color":"var(--ast-global-color-5)","background-image":"","background-repeat":"repeat","background-position":"center center","background-size":"auto","background-attachment":"scroll","background-type":"","background-media":"","overlay-type":"","overlay-color":"","overlay-opacity":"","overlay-gradient":""},"mobile":{"background-color":"var(--ast-global-color-5)","background-image":"","background-repeat":"repeat","background-position":"center center","background-size":"auto","background-attachment":"scroll","background-type":"","background-media":"","overlay-type":"","overlay-color":"","overlay-opacity":"","overlay-gradient":""}},"footnotes":""},"categories":[9],"tags":[154],"class_list":["post-1913","post","type-post","status-publish","format-standard","has-post-thumbnail","hentry","category-politique","tag-sepafar"],"_links":{"self":[{"href":"https:\/\/lesoleil.bf\/index.php\/wp-json\/wp\/v2\/posts\/1913","targetHints":{"allow":["GET"]}}],"collection":[{"href":"https:\/\/lesoleil.bf\/index.php\/wp-json\/wp\/v2\/posts"}],"about":[{"href":"https:\/\/lesoleil.bf\/index.php\/wp-json\/wp\/v2\/types\/post"}],"author":[{"embeddable":true,"href":"https:\/\/lesoleil.bf\/index.php\/wp-json\/wp\/v2\/users\/1"}],"replies":[{"embeddable":true,"href":"https:\/\/lesoleil.bf\/index.php\/wp-json\/wp\/v2\/comments?post=1913"}],"version-history":[{"count":1,"href":"https:\/\/lesoleil.bf\/index.php\/wp-json\/wp\/v2\/posts\/1913\/revisions"}],"predecessor-version":[{"id":1915,"href":"https:\/\/lesoleil.bf\/index.php\/wp-json\/wp\/v2\/posts\/1913\/revisions\/1915"}],"wp:featuredmedia":[{"embeddable":true,"href":"https:\/\/lesoleil.bf\/index.php\/wp-json\/wp\/v2\/media\/1914"}],"wp:attachment":[{"href":"https:\/\/lesoleil.bf\/index.php\/wp-json\/wp\/v2\/media?parent=1913"}],"wp:term":[{"taxonomy":"category","embeddable":true,"href":"https:\/\/lesoleil.bf\/index.php\/wp-json\/wp\/v2\/categories?post=1913"},{"taxonomy":"post_tag","embeddable":true,"href":"https:\/\/lesoleil.bf\/index.php\/wp-json\/wp\/v2\/tags?post=1913"}],"curies":[{"name":"wp","href":"https:\/\/api.w.org\/{rel}","templated":true}]}}