{"id":1906,"date":"2025-01-20T19:56:23","date_gmt":"2025-01-20T19:56:23","guid":{"rendered":"https:\/\/lesoleil.bf\/?p=1906"},"modified":"2025-01-20T19:56:23","modified_gmt":"2025-01-20T19:56:23","slug":"harmonisation-du-bac-de-luemoa-les-acteurs-sensibilises","status":"publish","type":"post","link":"https:\/\/lesoleil.bf\/index.php\/2025\/01\/20\/harmonisation-du-bac-de-luemoa-les-acteurs-sensibilises\/","title":{"rendered":"Harmonisation du BAC de l&rsquo;UEMOA : Les acteurs sensibilis\u00e9s"},"content":{"rendered":"<p>Une s\u00e9ance de sensibilisation sur l\u2019harmonisation des \u00e9preuves du baccalaur\u00e9at dans l\u2019espace UEMOA a r\u00e9uni les acteurs \u00e9ducatifs \u00e0 Ouagadougou. Cette rencontre permis de leur pr\u00e9senter un guide sur les aspects curriculaires pour uniformiser le BAC.<br \/>\nParmi les participants, Monsieur Martin Compaor\u00e9, expert en \u00e9valuation de l\u2019UEMOA. Il a d\u00e9taill\u00e9 les enjeux de cette r\u00e9forme, en insistant sur l\u2019importance d\u2019aligner les profils de sortie des candidats avec les besoins de l\u2019enseignement sup\u00e9rieur et du march\u00e9 du travail.<\/p>\n<p><img loading=\"lazy\" decoding=\"async\" class=\"alignnone size-medium wp-image-1908\" src=\"https:\/\/lesoleil.bf\/wp-content\/uploads\/2025\/01\/Harmonisation-du-BAC2-300x200.jpeg\" alt=\"\" width=\"300\" height=\"200\" srcset=\"https:\/\/lesoleil.bf\/wp-content\/uploads\/2025\/01\/Harmonisation-du-BAC2-300x200.jpeg 300w, https:\/\/lesoleil.bf\/wp-content\/uploads\/2025\/01\/Harmonisation-du-BAC2-768x512.jpeg 768w, https:\/\/lesoleil.bf\/wp-content\/uploads\/2025\/01\/Harmonisation-du-BAC2.jpeg 960w\" sizes=\"auto, (max-width: 300px) 100vw, 300px\" \/> <img loading=\"lazy\" decoding=\"async\" class=\"alignnone size-medium wp-image-1909\" src=\"https:\/\/lesoleil.bf\/wp-content\/uploads\/2025\/01\/Harmonisation-du-BAC3-300x200.jpeg\" alt=\"\" width=\"300\" height=\"200\" srcset=\"https:\/\/lesoleil.bf\/wp-content\/uploads\/2025\/01\/Harmonisation-du-BAC3-300x200.jpeg 300w, https:\/\/lesoleil.bf\/wp-content\/uploads\/2025\/01\/Harmonisation-du-BAC3-768x511.jpeg 768w, https:\/\/lesoleil.bf\/wp-content\/uploads\/2025\/01\/Harmonisation-du-BAC3.jpeg 960w\" sizes=\"auto, (max-width: 300px) 100vw, 300px\" \/> <img loading=\"lazy\" decoding=\"async\" class=\"alignnone size-medium wp-image-1910\" src=\"https:\/\/lesoleil.bf\/wp-content\/uploads\/2025\/01\/Harmonisation-du-BAC4-300x200.jpeg\" alt=\"\" width=\"300\" height=\"200\" srcset=\"https:\/\/lesoleil.bf\/wp-content\/uploads\/2025\/01\/Harmonisation-du-BAC4-300x200.jpeg 300w, https:\/\/lesoleil.bf\/wp-content\/uploads\/2025\/01\/Harmonisation-du-BAC4-768x512.jpeg 768w, https:\/\/lesoleil.bf\/wp-content\/uploads\/2025\/01\/Harmonisation-du-BAC4.jpeg 960w\" sizes=\"auto, (max-width: 300px) 100vw, 300px\" \/><br \/>\nCette harmonisation vise \u00e0 \u00e9tablir un format commun, tenant compte des r\u00e9formes globales telles que le syst\u00e8me LMD et le cadre europ\u00e9en des certifications. La d\u00e9marche inclut plusieurs \u00e9tapes : analyser les probl\u00e9matiques actuelles, d\u00e9finir les profils professionnels recherch\u00e9s, et examiner les curricula par discipline. Une attention particuli\u00e8re est accord\u00e9e aux comp\u00e9tences transversales et terminales.<br \/>\nLes participants ont r\u00e9fl\u00e9chi \u00e0 des t\u00e2ches complexes et des \u00e9valuations int\u00e9gr\u00e9es pour garantir des \u00e9preuves adapt\u00e9es aux r\u00e9alit\u00e9s acad\u00e9miques et professionnelles des pays de l\u2019UEMOA.<br \/>\nL\u2019objectif final est de proposer des \u00e9preuves harmonis\u00e9es, refl\u00e9tant les attentes acad\u00e9miques et professionnelles, et de renforcer l\u2019\u00e9quit\u00e9 entre les candidats de l\u2019espace.<br \/>\nA l\u2019issue de la rencontre le Ministre Boubakar SAVADOGO a re\u00e7u l\u2019expert Compaor\u00e9 Martin en audience.<\/p>\n<p>DCRP \/ MESFPT<\/p>\n","protected":false},"excerpt":{"rendered":"<p>Une s\u00e9ance de sensibilisation sur l\u2019harmonisation des \u00e9preuves du baccalaur\u00e9at dans l\u2019espace UEMOA a r\u00e9uni les acteurs \u00e9ducatifs \u00e0 Ouagadougou. Cette rencontre permis de leur pr\u00e9senter un guide sur les aspects curriculaires pour uniformiser le BAC. Parmi les participants, Monsieur Martin Compaor\u00e9, expert en \u00e9valuation de l\u2019UEMOA. Il a d\u00e9taill\u00e9 les enjeux de cette r\u00e9forme, [&hellip;]<\/p>\n","protected":false},"author":1,"featured_media":1907,"comment_status":"open","ping_status":"open","sticky":false,"template":"","format":"standard","meta":{"site-sidebar-layout":"default","site-content-layout":"","ast-site-content-layout":"default","site-content-style":"default","site-sidebar-style":"default","ast-global-header-display":"","ast-banner-title-visibility":"","ast-main-header-display":"","ast-hfb-above-header-display":"","ast-hfb-below-header-display":"","ast-hfb-mobile-header-display":"","site-post-title":"","ast-breadcrumbs-content":"","ast-featured-img":"","footer-sml-layout":"","theme-transparent-header-meta":"default","adv-header-id-meta":"","stick-header-meta":"","header-above-stick-meta":"","header-main-stick-meta":"","header-below-stick-meta":"","astra-migrate-meta-layouts":"set","ast-page-background-enabled":"default","ast-page-background-meta":{"desktop":{"background-color":"var(--ast-global-color-4)","background-image":"","background-repeat":"repeat","background-position":"center center","background-size":"auto","background-attachment":"scroll","background-type":"","background-media":"","overlay-type":"","overlay-color":"","overlay-opacity":"","overlay-gradient":""},"tablet":{"background-color":"","background-image":"","background-repeat":"repeat","background-position":"center center","background-size":"auto","background-attachment":"scroll","background-type":"","background-media":"","overlay-type":"","overlay-color":"","overlay-opacity":"","overlay-gradient":""},"mobile":{"background-color":"","background-image":"","background-repeat":"repeat","background-position":"center center","background-size":"auto","background-attachment":"scroll","background-type":"","background-media":"","overlay-type":"","overlay-color":"","overlay-opacity":"","overlay-gradient":""}},"ast-content-background-meta":{"desktop":{"background-color":"var(--ast-global-color-5)","background-image":"","background-repeat":"repeat","background-position":"center center","background-size":"auto","background-attachment":"scroll","background-type":"","background-media":"","overlay-type":"","overlay-color":"","overlay-opacity":"","overlay-gradient":""},"tablet":{"background-color":"var(--ast-global-color-5)","background-image":"","background-repeat":"repeat","background-position":"center center","background-size":"auto","background-attachment":"scroll","background-type":"","background-media":"","overlay-type":"","overlay-color":"","overlay-opacity":"","overlay-gradient":""},"mobile":{"background-color":"var(--ast-global-color-5)","background-image":"","background-repeat":"repeat","background-position":"center center","background-size":"auto","background-attachment":"scroll","background-type":"","background-media":"","overlay-type":"","overlay-color":"","overlay-opacity":"","overlay-gradient":""}},"footnotes":""},"categories":[6,9],"tags":[],"class_list":["post-1906","post","type-post","status-publish","format-standard","has-post-thumbnail","hentry","category-education","category-politique"],"_links":{"self":[{"href":"https:\/\/lesoleil.bf\/index.php\/wp-json\/wp\/v2\/posts\/1906","targetHints":{"allow":["GET"]}}],"collection":[{"href":"https:\/\/lesoleil.bf\/index.php\/wp-json\/wp\/v2\/posts"}],"about":[{"href":"https:\/\/lesoleil.bf\/index.php\/wp-json\/wp\/v2\/types\/post"}],"author":[{"embeddable":true,"href":"https:\/\/lesoleil.bf\/index.php\/wp-json\/wp\/v2\/users\/1"}],"replies":[{"embeddable":true,"href":"https:\/\/lesoleil.bf\/index.php\/wp-json\/wp\/v2\/comments?post=1906"}],"version-history":[{"count":1,"href":"https:\/\/lesoleil.bf\/index.php\/wp-json\/wp\/v2\/posts\/1906\/revisions"}],"predecessor-version":[{"id":1911,"href":"https:\/\/lesoleil.bf\/index.php\/wp-json\/wp\/v2\/posts\/1906\/revisions\/1911"}],"wp:featuredmedia":[{"embeddable":true,"href":"https:\/\/lesoleil.bf\/index.php\/wp-json\/wp\/v2\/media\/1907"}],"wp:attachment":[{"href":"https:\/\/lesoleil.bf\/index.php\/wp-json\/wp\/v2\/media?parent=1906"}],"wp:term":[{"taxonomy":"category","embeddable":true,"href":"https:\/\/lesoleil.bf\/index.php\/wp-json\/wp\/v2\/categories?post=1906"},{"taxonomy":"post_tag","embeddable":true,"href":"https:\/\/lesoleil.bf\/index.php\/wp-json\/wp\/v2\/tags?post=1906"}],"curies":[{"name":"wp","href":"https:\/\/api.w.org\/{rel}","templated":true}]}}