{"id":1903,"date":"2025-01-17T18:52:07","date_gmt":"2025-01-17T18:52:07","guid":{"rendered":"https:\/\/lesoleil.bf\/?p=1903"},"modified":"2025-01-17T18:52:07","modified_gmt":"2025-01-17T18:52:07","slug":"communique-de-monsieur-le-procureur-du-faso-pres-le-tribunal-de-grande-instance-ouaga-i","status":"publish","type":"post","link":"https:\/\/lesoleil.bf\/index.php\/2025\/01\/17\/communique-de-monsieur-le-procureur-du-faso-pres-le-tribunal-de-grande-instance-ouaga-i\/","title":{"rendered":"COMMUNIQU\u00c9 DE MONSIEUR LE PROCUREUR DU FASO PR\u00c8S LE TRIBUNAL DE GRANDE INSTANCE OUAGA I"},"content":{"rendered":"<p>Le procureur du Faso pr\u00e8s le Tribunal de grande instance Ouaga I a l\u2019honneur de porter \u00e0 la connaissance de l\u2019ensemble de la population, que dans le but d\u2019apurer le passif des dossiers, des audiences extraordinaires d\u00e9nomm\u00e9es \u00ab op\u00e9ration sp\u00e9ciale casiers vides \u00bb sont pr\u00e9vues pour se d\u00e9rouler du 20 au 30 janvier 2025 \u00e0 08 heures 00 minutes.<\/p>\n<p>Ces audiences se tiendront dans l\u2019enceinte du palais de justice et dans d\u2019autres salles \u00e0 l\u2019ext\u00e9rieur du palais de justice.<br \/>\n\u2022 \u00c0 l\u2019int\u00e9rieur du palais de justice, les audiences se tiendront dans les salles d\u2019audience N\u00b001, 02, 03, la salle ATTIRON et la salle d\u2019audience de la section pour enfant.<br \/>\n\u2022 \u00c0 l\u2019ext\u00e9rieur du palais de justice, les audiences se tiendront dans les salles des f\u00eates des mairies des arrondissements N\u00b002, 03, 04, 05, la salle de d\u00e9lib\u00e9ration de la mairie centrale, les salles N\u00b001, 02 et 03 de l\u2019Ex-Conseil \u00c9conomique et Social.<\/p>\n<p>Toutes les audiences commen\u00e7ant \u00e0 08 heures 00 minutes, les justiciables et le public sont pri\u00e9s de prendre les dispositions pour \u00eatre dans les salles d\u2019audiences avant 08 heures 00 minutes.<\/p>\n","protected":false},"excerpt":{"rendered":"<p>Le procureur du Faso pr\u00e8s le Tribunal de grande instance Ouaga I a l\u2019honneur de porter \u00e0 la connaissance de l\u2019ensemble de la population, que dans le but d\u2019apurer le passif des dossiers, des audiences extraordinaires d\u00e9nomm\u00e9es \u00ab op\u00e9ration sp\u00e9ciale casiers vides \u00bb sont pr\u00e9vues pour se d\u00e9rouler du 20 au 30 janvier 2025 \u00e0 [&hellip;]<\/p>\n","protected":false},"author":1,"featured_media":1904,"comment_status":"open","ping_status":"open","sticky":false,"template":"","format":"standard","meta":{"site-sidebar-layout":"default","site-content-layout":"","ast-site-content-layout":"default","site-content-style":"default","site-sidebar-style":"default","ast-global-header-display":"","ast-banner-title-visibility":"","ast-main-header-display":"","ast-hfb-above-header-display":"","ast-hfb-below-header-display":"","ast-hfb-mobile-header-display":"","site-post-title":"","ast-breadcrumbs-content":"","ast-featured-img":"","footer-sml-layout":"","theme-transparent-header-meta":"default","adv-header-id-meta":"","stick-header-meta":"","header-above-stick-meta":"","header-main-stick-meta":"","header-below-stick-meta":"","astra-migrate-meta-layouts":"set","ast-page-background-enabled":"default","ast-page-background-meta":{"desktop":{"background-color":"var(--ast-global-color-4)","background-image":"","background-repeat":"repeat","background-position":"center center","background-size":"auto","background-attachment":"scroll","background-type":"","background-media":"","overlay-type":"","overlay-color":"","overlay-opacity":"","overlay-gradient":""},"tablet":{"background-color":"","background-image":"","background-repeat":"repeat","background-position":"center center","background-size":"auto","background-attachment":"scroll","background-type":"","background-media":"","overlay-type":"","overlay-color":"","overlay-opacity":"","overlay-gradient":""},"mobile":{"background-color":"","background-image":"","background-repeat":"repeat","background-position":"center center","background-size":"auto","background-attachment":"scroll","background-type":"","background-media":"","overlay-type":"","overlay-color":"","overlay-opacity":"","overlay-gradient":""}},"ast-content-background-meta":{"desktop":{"background-color":"var(--ast-global-color-5)","background-image":"","background-repeat":"repeat","background-position":"center center","background-size":"auto","background-attachment":"scroll","background-type":"","background-media":"","overlay-type":"","overlay-color":"","overlay-opacity":"","overlay-gradient":""},"tablet":{"background-color":"var(--ast-global-color-5)","background-image":"","background-repeat":"repeat","background-position":"center center","background-size":"auto","background-attachment":"scroll","background-type":"","background-media":"","overlay-type":"","overlay-color":"","overlay-opacity":"","overlay-gradient":""},"mobile":{"background-color":"var(--ast-global-color-5)","background-image":"","background-repeat":"repeat","background-position":"center center","background-size":"auto","background-attachment":"scroll","background-type":"","background-media":"","overlay-type":"","overlay-color":"","overlay-opacity":"","overlay-gradient":""}},"footnotes":""},"categories":[1],"tags":[152,153],"class_list":["post-1903","post","type-post","status-publish","format-standard","has-post-thumbnail","hentry","category-annonces","tag-operation-speciale-casiers-vides","tag-tribunal-de-grande-instance-ouaga-i"],"_links":{"self":[{"href":"https:\/\/lesoleil.bf\/index.php\/wp-json\/wp\/v2\/posts\/1903","targetHints":{"allow":["GET"]}}],"collection":[{"href":"https:\/\/lesoleil.bf\/index.php\/wp-json\/wp\/v2\/posts"}],"about":[{"href":"https:\/\/lesoleil.bf\/index.php\/wp-json\/wp\/v2\/types\/post"}],"author":[{"embeddable":true,"href":"https:\/\/lesoleil.bf\/index.php\/wp-json\/wp\/v2\/users\/1"}],"replies":[{"embeddable":true,"href":"https:\/\/lesoleil.bf\/index.php\/wp-json\/wp\/v2\/comments?post=1903"}],"version-history":[{"count":1,"href":"https:\/\/lesoleil.bf\/index.php\/wp-json\/wp\/v2\/posts\/1903\/revisions"}],"predecessor-version":[{"id":1905,"href":"https:\/\/lesoleil.bf\/index.php\/wp-json\/wp\/v2\/posts\/1903\/revisions\/1905"}],"wp:featuredmedia":[{"embeddable":true,"href":"https:\/\/lesoleil.bf\/index.php\/wp-json\/wp\/v2\/media\/1904"}],"wp:attachment":[{"href":"https:\/\/lesoleil.bf\/index.php\/wp-json\/wp\/v2\/media?parent=1903"}],"wp:term":[{"taxonomy":"category","embeddable":true,"href":"https:\/\/lesoleil.bf\/index.php\/wp-json\/wp\/v2\/categories?post=1903"},{"taxonomy":"post_tag","embeddable":true,"href":"https:\/\/lesoleil.bf\/index.php\/wp-json\/wp\/v2\/tags?post=1903"}],"curies":[{"name":"wp","href":"https:\/\/api.w.org\/{rel}","templated":true}]}}