{"id":1900,"date":"2025-01-17T18:47:54","date_gmt":"2025-01-17T18:47:54","guid":{"rendered":"https:\/\/lesoleil.bf\/?p=1900"},"modified":"2025-01-17T18:47:54","modified_gmt":"2025-01-17T18:47:54","slug":"reconstitution-des-archives-sur-thomas-sankara-le-premier-ministre-donne-lexemple","status":"publish","type":"post","link":"https:\/\/lesoleil.bf\/index.php\/2025\/01\/17\/reconstitution-des-archives-sur-thomas-sankara-le-premier-ministre-donne-lexemple\/","title":{"rendered":"Reconstitution des archives sur Thomas Sankara: Le Premier ministre donne l&rsquo;exemple"},"content":{"rendered":"<p>Le Premier ministre, Rimtalba Jean Emmanuel Ou\u00e9draogo, a re\u00e7u en audience ce jeudi 16 janvier 2025, \u00e0 Ouagadougou, l\u2019Unit\u00e9 de gestion du projet de construction des infrastructures du M\u00e9morial Isidore No\u00ebl Thomas Sankara, conduite par le ministre de la Communication, de la Culture, des Arts et du Tourisme, Pindwend\u00e9 Gilbert Ou\u00e9draogo. A cette occasion, le Chef du gouvernement a remis pour le mus\u00e9e \u00e0 venir, un lot d\u2019archives et d\u2019art\u00e9facts du capitaine Isidore No\u00ebl Thomas Sankara.<br \/>\nConstitu\u00e9s de correspondances priv\u00e9s, de manuscrits, de documents administratifs, interviews&#8230;ces documents vont renforcer la m\u00e9moire collective nationale et du m\u00eame coup mieux faire conna\u00eetre le leader de la R\u00e9volution burkinab\u00e8.<\/p>\n<p><img loading=\"lazy\" decoding=\"async\" class=\"alignnone wp-image-1901 size-full\" src=\"https:\/\/lesoleil.bf\/wp-content\/uploads\/2025\/01\/PM-Burkina-Faso.jpeg\" alt=\"\" width=\"654\" height=\"392\" srcset=\"https:\/\/lesoleil.bf\/wp-content\/uploads\/2025\/01\/PM-Burkina-Faso.jpeg 654w, https:\/\/lesoleil.bf\/wp-content\/uploads\/2025\/01\/PM-Burkina-Faso-300x180.jpeg 300w\" sizes=\"auto, (max-width: 654px) 100vw, 654px\" \/><\/p>\n<p>Ils sont nombreux les burkinab\u00e8 qui doivent d\u00e9tenir au travers eux des archives et artefacts. Le geste du Premier ministre doit rappeler \u00e0 chacun la n\u00e9cessit\u00e9 de reverser ces &lt;&lt;docs&gt;&gt; pour la m\u00e9moire des burkinab\u00e8 et surtout des plus jeunes, ceux qui n&rsquo;ont pas connus le leader de la R\u00e9volution d&rsquo;ao\u00fbt.<\/p>\n<p>#archivesetartefactsurthomassankara<br \/>\n#archives_Thomassankara<br \/>\n#lesoleilbf_Thomassankara<br \/>\nCamille OUEDRAOGO<\/p>\n","protected":false},"excerpt":{"rendered":"<p>Le Premier ministre, Rimtalba Jean Emmanuel Ou\u00e9draogo, a re\u00e7u en audience ce jeudi 16 janvier 2025, \u00e0 Ouagadougou, l\u2019Unit\u00e9 de gestion du projet de construction des infrastructures du M\u00e9morial Isidore No\u00ebl Thomas Sankara, conduite par le ministre de la Communication, de la Culture, des Arts et du Tourisme, Pindwend\u00e9 Gilbert Ou\u00e9draogo. A cette occasion, le [&hellip;]<\/p>\n","protected":false},"author":1,"featured_media":1901,"comment_status":"open","ping_status":"open","sticky":false,"template":"","format":"standard","meta":{"site-sidebar-layout":"default","site-content-layout":"","ast-site-content-layout":"default","site-content-style":"default","site-sidebar-style":"default","ast-global-header-display":"","ast-banner-title-visibility":"","ast-main-header-display":"","ast-hfb-above-header-display":"","ast-hfb-below-header-display":"","ast-hfb-mobile-header-display":"","site-post-title":"","ast-breadcrumbs-content":"","ast-featured-img":"","footer-sml-layout":"","theme-transparent-header-meta":"default","adv-header-id-meta":"","stick-header-meta":"","header-above-stick-meta":"","header-main-stick-meta":"","header-below-stick-meta":"","astra-migrate-meta-layouts":"set","ast-page-background-enabled":"default","ast-page-background-meta":{"desktop":{"background-color":"var(--ast-global-color-4)","background-image":"","background-repeat":"repeat","background-position":"center center","background-size":"auto","background-attachment":"scroll","background-type":"","background-media":"","overlay-type":"","overlay-color":"","overlay-opacity":"","overlay-gradient":""},"tablet":{"background-color":"","background-image":"","background-repeat":"repeat","background-position":"center center","background-size":"auto","background-attachment":"scroll","background-type":"","background-media":"","overlay-type":"","overlay-color":"","overlay-opacity":"","overlay-gradient":""},"mobile":{"background-color":"","background-image":"","background-repeat":"repeat","background-position":"center center","background-size":"auto","background-attachment":"scroll","background-type":"","background-media":"","overlay-type":"","overlay-color":"","overlay-opacity":"","overlay-gradient":""}},"ast-content-background-meta":{"desktop":{"background-color":"var(--ast-global-color-5)","background-image":"","background-repeat":"repeat","background-position":"center center","background-size":"auto","background-attachment":"scroll","background-type":"","background-media":"","overlay-type":"","overlay-color":"","overlay-opacity":"","overlay-gradient":""},"tablet":{"background-color":"var(--ast-global-color-5)","background-image":"","background-repeat":"repeat","background-position":"center center","background-size":"auto","background-attachment":"scroll","background-type":"","background-media":"","overlay-type":"","overlay-color":"","overlay-opacity":"","overlay-gradient":""},"mobile":{"background-color":"var(--ast-global-color-5)","background-image":"","background-repeat":"repeat","background-position":"center center","background-size":"auto","background-attachment":"scroll","background-type":"","background-media":"","overlay-type":"","overlay-color":"","overlay-opacity":"","overlay-gradient":""}},"footnotes":""},"categories":[9],"tags":[151],"class_list":["post-1900","post","type-post","status-publish","format-standard","has-post-thumbnail","hentry","category-politique","tag-archives-thomas-sankara"],"_links":{"self":[{"href":"https:\/\/lesoleil.bf\/index.php\/wp-json\/wp\/v2\/posts\/1900","targetHints":{"allow":["GET"]}}],"collection":[{"href":"https:\/\/lesoleil.bf\/index.php\/wp-json\/wp\/v2\/posts"}],"about":[{"href":"https:\/\/lesoleil.bf\/index.php\/wp-json\/wp\/v2\/types\/post"}],"author":[{"embeddable":true,"href":"https:\/\/lesoleil.bf\/index.php\/wp-json\/wp\/v2\/users\/1"}],"replies":[{"embeddable":true,"href":"https:\/\/lesoleil.bf\/index.php\/wp-json\/wp\/v2\/comments?post=1900"}],"version-history":[{"count":1,"href":"https:\/\/lesoleil.bf\/index.php\/wp-json\/wp\/v2\/posts\/1900\/revisions"}],"predecessor-version":[{"id":1902,"href":"https:\/\/lesoleil.bf\/index.php\/wp-json\/wp\/v2\/posts\/1900\/revisions\/1902"}],"wp:featuredmedia":[{"embeddable":true,"href":"https:\/\/lesoleil.bf\/index.php\/wp-json\/wp\/v2\/media\/1901"}],"wp:attachment":[{"href":"https:\/\/lesoleil.bf\/index.php\/wp-json\/wp\/v2\/media?parent=1900"}],"wp:term":[{"taxonomy":"category","embeddable":true,"href":"https:\/\/lesoleil.bf\/index.php\/wp-json\/wp\/v2\/categories?post=1900"},{"taxonomy":"post_tag","embeddable":true,"href":"https:\/\/lesoleil.bf\/index.php\/wp-json\/wp\/v2\/tags?post=1900"}],"curies":[{"name":"wp","href":"https:\/\/api.w.org\/{rel}","templated":true}]}}