{"id":1885,"date":"2025-01-15T19:17:38","date_gmt":"2025-01-15T19:17:38","guid":{"rendered":"https:\/\/lesoleil.bf\/?p=1885"},"modified":"2025-01-15T19:17:38","modified_gmt":"2025-01-15T19:17:38","slug":"histoire-de-lafrique-lhistorienne-kambou-ferrand-sen-est-allee","status":"publish","type":"post","link":"https:\/\/lesoleil.bf\/index.php\/2025\/01\/15\/histoire-de-lafrique-lhistorienne-kambou-ferrand-sen-est-allee\/","title":{"rendered":"Histoire de l&rsquo;Afrique : L&rsquo;historienne Kambou-Ferrand s&rsquo;en est all\u00e9e"},"content":{"rendered":"<p>La nouvelle est tomb\u00e9e. Un message triste! L&rsquo;historienne Jeanne-Marie Kambou-Ferrand est d\u00e9c\u00e9d\u00e9 ce dimanche 12 janvier 2025 en France, \u00e0 l\u2019\u00e2ge de 79 ans. Originaire du Sud-Ouest du Burkina Faso, cette historienne \u00e9minente et chercheuse engag\u00e9e a profond\u00e9ment marqu\u00e9 le paysage intellectuel par ses travaux sur l\u2019histoire de l\u2019Afrique, notamment sur les peuples volta\u00efques durant la p\u00e9riode coloniale.<\/p>\n<p>Docteure en histoire de l\u2019Afrique (Universit\u00e9 Paris 1 Panth\u00e9on-Sorbonne, 1988), elle a men\u00e9 une brillante carri\u00e8re en tant que chercheuse associ\u00e9e \u00e0 l\u2019ORSTOM. Ses recherches sur la conqu\u00eate coloniale, les r\u00e9sistances des populations et la m\u00e9moire historique ont enrichi la compr\u00e9hension des processus historiques ayant fa\u00e7onn\u00e9 l\u2019Afrique de l\u2019Ouest.<\/p>\n<p>Elle quitte ce monde le m\u00eame jour que l&rsquo;historien et chercheur \u00e0 l&rsquo;Institut national des sciences de soci\u00e9t\u00e9s ( INSS), Dr Pierre Claver Hien. Ce dernier, modeste et d&rsquo;une grandeur intellectuel \u00e9vidente, \u00e9tait sp\u00e9cialiste de l&rsquo;histoire des ind\u00e9pendances notamment celle des fronti\u00e8res.<\/p>\n<p>Que leurs \u00e2mes reposent en paix!<\/p>\n<p>Roger SAWADOGO.<\/p>\n","protected":false},"excerpt":{"rendered":"<p>La nouvelle est tomb\u00e9e. Un message triste! L&rsquo;historienne Jeanne-Marie Kambou-Ferrand est d\u00e9c\u00e9d\u00e9 ce dimanche 12 janvier 2025 en France, \u00e0 l\u2019\u00e2ge de 79 ans. Originaire du Sud-Ouest du Burkina Faso, cette historienne \u00e9minente et chercheuse engag\u00e9e a profond\u00e9ment marqu\u00e9 le paysage intellectuel par ses travaux sur l\u2019histoire de l\u2019Afrique, notamment sur les peuples volta\u00efques durant [&hellip;]<\/p>\n","protected":false},"author":1,"featured_media":1886,"comment_status":"open","ping_status":"open","sticky":false,"template":"","format":"standard","meta":{"site-sidebar-layout":"default","site-content-layout":"","ast-site-content-layout":"default","site-content-style":"default","site-sidebar-style":"default","ast-global-header-display":"","ast-banner-title-visibility":"","ast-main-header-display":"","ast-hfb-above-header-display":"","ast-hfb-below-header-display":"","ast-hfb-mobile-header-display":"","site-post-title":"","ast-breadcrumbs-content":"","ast-featured-img":"","footer-sml-layout":"","theme-transparent-header-meta":"default","adv-header-id-meta":"","stick-header-meta":"","header-above-stick-meta":"","header-main-stick-meta":"","header-below-stick-meta":"","astra-migrate-meta-layouts":"set","ast-page-background-enabled":"default","ast-page-background-meta":{"desktop":{"background-color":"var(--ast-global-color-4)","background-image":"","background-repeat":"repeat","background-position":"center center","background-size":"auto","background-attachment":"scroll","background-type":"","background-media":"","overlay-type":"","overlay-color":"","overlay-opacity":"","overlay-gradient":""},"tablet":{"background-color":"","background-image":"","background-repeat":"repeat","background-position":"center center","background-size":"auto","background-attachment":"scroll","background-type":"","background-media":"","overlay-type":"","overlay-color":"","overlay-opacity":"","overlay-gradient":""},"mobile":{"background-color":"","background-image":"","background-repeat":"repeat","background-position":"center center","background-size":"auto","background-attachment":"scroll","background-type":"","background-media":"","overlay-type":"","overlay-color":"","overlay-opacity":"","overlay-gradient":""}},"ast-content-background-meta":{"desktop":{"background-color":"var(--ast-global-color-5)","background-image":"","background-repeat":"repeat","background-position":"center center","background-size":"auto","background-attachment":"scroll","background-type":"","background-media":"","overlay-type":"","overlay-color":"","overlay-opacity":"","overlay-gradient":""},"tablet":{"background-color":"var(--ast-global-color-5)","background-image":"","background-repeat":"repeat","background-position":"center center","background-size":"auto","background-attachment":"scroll","background-type":"","background-media":"","overlay-type":"","overlay-color":"","overlay-opacity":"","overlay-gradient":""},"mobile":{"background-color":"var(--ast-global-color-5)","background-image":"","background-repeat":"repeat","background-position":"center center","background-size":"auto","background-attachment":"scroll","background-type":"","background-media":"","overlay-type":"","overlay-color":"","overlay-opacity":"","overlay-gradient":""}},"footnotes":""},"categories":[1],"tags":[],"class_list":["post-1885","post","type-post","status-publish","format-standard","has-post-thumbnail","hentry","category-annonces"],"_links":{"self":[{"href":"https:\/\/lesoleil.bf\/index.php\/wp-json\/wp\/v2\/posts\/1885","targetHints":{"allow":["GET"]}}],"collection":[{"href":"https:\/\/lesoleil.bf\/index.php\/wp-json\/wp\/v2\/posts"}],"about":[{"href":"https:\/\/lesoleil.bf\/index.php\/wp-json\/wp\/v2\/types\/post"}],"author":[{"embeddable":true,"href":"https:\/\/lesoleil.bf\/index.php\/wp-json\/wp\/v2\/users\/1"}],"replies":[{"embeddable":true,"href":"https:\/\/lesoleil.bf\/index.php\/wp-json\/wp\/v2\/comments?post=1885"}],"version-history":[{"count":1,"href":"https:\/\/lesoleil.bf\/index.php\/wp-json\/wp\/v2\/posts\/1885\/revisions"}],"predecessor-version":[{"id":1887,"href":"https:\/\/lesoleil.bf\/index.php\/wp-json\/wp\/v2\/posts\/1885\/revisions\/1887"}],"wp:featuredmedia":[{"embeddable":true,"href":"https:\/\/lesoleil.bf\/index.php\/wp-json\/wp\/v2\/media\/1886"}],"wp:attachment":[{"href":"https:\/\/lesoleil.bf\/index.php\/wp-json\/wp\/v2\/media?parent=1885"}],"wp:term":[{"taxonomy":"category","embeddable":true,"href":"https:\/\/lesoleil.bf\/index.php\/wp-json\/wp\/v2\/categories?post=1885"},{"taxonomy":"post_tag","embeddable":true,"href":"https:\/\/lesoleil.bf\/index.php\/wp-json\/wp\/v2\/tags?post=1885"}],"curies":[{"name":"wp","href":"https:\/\/api.w.org\/{rel}","templated":true}]}}