{"id":1881,"date":"2025-01-15T19:10:18","date_gmt":"2025-01-15T19:10:18","guid":{"rendered":"https:\/\/lesoleil.bf\/?p=1881"},"modified":"2025-01-15T19:10:18","modified_gmt":"2025-01-15T19:10:18","slug":"football-ivoirien-aruna-dindane-patron-des-pachydermes","status":"publish","type":"post","link":"https:\/\/lesoleil.bf\/index.php\/2025\/01\/15\/football-ivoirien-aruna-dindane-patron-des-pachydermes\/","title":{"rendered":"Football ivoirien: Aruna Dindane, patron des pachydermes"},"content":{"rendered":"<p>La nouvelle est tomb\u00e9e hier 14 janvier 2025. L&rsquo;equipe senior de football de C\u00f4te d&rsquo;Ivoire, les \u00c9l\u00e9phants ont un nouveau manager g\u00e9n\u00e9ral. C&rsquo;est Aruna Dindan\u00e9, ancien footballeur international ivoirien et attaquant virevoltant qui sera le &lt;&lt;conseiller&gt;&gt; des joueurs. L&rsquo;homme a \u00e9t\u00e9 nomm\u00e9 Manager G\u00e9n\u00e9ral des \u00c9l\u00e9phants de C\u00f4te d&rsquo;Ivoire.<\/p>\n<p><img loading=\"lazy\" decoding=\"async\" class=\"alignnone size-full wp-image-1883\" src=\"https:\/\/lesoleil.bf\/wp-content\/uploads\/2025\/01\/Aruna-Dindane-ancien-footballeur-international-ivoirien.jpg\" alt=\"\" width=\"187\" height=\"270\" \/><\/p>\n<p>Selon sa fiche de poste, il sera charg\u00e9 de coordonner les aspects logistiques et organisationnels de l&rsquo;\u00e9quipe pour pr\u00e9parer les prochaines comp\u00e9titions internationales. La maestria du natif d&rsquo;Abidjan est sollicit\u00e9e pour d\u00e9tecter, proposer des joueurs afin que l&rsquo;Equipe soit qualifi\u00e9e pour les comp\u00e9titions telque CAN et les qualifications pour la Coupe du Monde.<\/p>\n<p>#lesoleilsport<br \/>\n#arounadindanemanagergeneral_elephantsdecotedivoire<br \/>\n#elephantscotedivoire_managergeneralarounadindane<\/p>\n<p>Ernest BONDAONE<\/p>\n","protected":false},"excerpt":{"rendered":"<p>La nouvelle est tomb\u00e9e hier 14 janvier 2025. L&rsquo;equipe senior de football de C\u00f4te d&rsquo;Ivoire, les \u00c9l\u00e9phants ont un nouveau manager g\u00e9n\u00e9ral. C&rsquo;est Aruna Dindan\u00e9, ancien footballeur international ivoirien et attaquant virevoltant qui sera le &lt;&lt;conseiller&gt;&gt; des joueurs. L&rsquo;homme a \u00e9t\u00e9 nomm\u00e9 Manager G\u00e9n\u00e9ral des \u00c9l\u00e9phants de C\u00f4te d&rsquo;Ivoire. Selon sa fiche de poste, il [&hellip;]<\/p>\n","protected":false},"author":1,"featured_media":1882,"comment_status":"open","ping_status":"open","sticky":false,"template":"","format":"standard","meta":{"site-sidebar-layout":"default","site-content-layout":"","ast-site-content-layout":"default","site-content-style":"default","site-sidebar-style":"default","ast-global-header-display":"","ast-banner-title-visibility":"","ast-main-header-display":"","ast-hfb-above-header-display":"","ast-hfb-below-header-display":"","ast-hfb-mobile-header-display":"","site-post-title":"","ast-breadcrumbs-content":"","ast-featured-img":"","footer-sml-layout":"","theme-transparent-header-meta":"default","adv-header-id-meta":"","stick-header-meta":"","header-above-stick-meta":"","header-main-stick-meta":"","header-below-stick-meta":"","astra-migrate-meta-layouts":"set","ast-page-background-enabled":"default","ast-page-background-meta":{"desktop":{"background-color":"var(--ast-global-color-4)","background-image":"","background-repeat":"repeat","background-position":"center center","background-size":"auto","background-attachment":"scroll","background-type":"","background-media":"","overlay-type":"","overlay-color":"","overlay-opacity":"","overlay-gradient":""},"tablet":{"background-color":"","background-image":"","background-repeat":"repeat","background-position":"center center","background-size":"auto","background-attachment":"scroll","background-type":"","background-media":"","overlay-type":"","overlay-color":"","overlay-opacity":"","overlay-gradient":""},"mobile":{"background-color":"","background-image":"","background-repeat":"repeat","background-position":"center center","background-size":"auto","background-attachment":"scroll","background-type":"","background-media":"","overlay-type":"","overlay-color":"","overlay-opacity":"","overlay-gradient":""}},"ast-content-background-meta":{"desktop":{"background-color":"var(--ast-global-color-5)","background-image":"","background-repeat":"repeat","background-position":"center center","background-size":"auto","background-attachment":"scroll","background-type":"","background-media":"","overlay-type":"","overlay-color":"","overlay-opacity":"","overlay-gradient":""},"tablet":{"background-color":"var(--ast-global-color-5)","background-image":"","background-repeat":"repeat","background-position":"center center","background-size":"auto","background-attachment":"scroll","background-type":"","background-media":"","overlay-type":"","overlay-color":"","overlay-opacity":"","overlay-gradient":""},"mobile":{"background-color":"var(--ast-global-color-5)","background-image":"","background-repeat":"repeat","background-position":"center center","background-size":"auto","background-attachment":"scroll","background-type":"","background-media":"","overlay-type":"","overlay-color":"","overlay-opacity":"","overlay-gradient":""}},"footnotes":""},"categories":[8],"tags":[148],"class_list":["post-1881","post","type-post","status-publish","format-standard","has-post-thumbnail","hentry","category-sport","tag-sport"],"_links":{"self":[{"href":"https:\/\/lesoleil.bf\/index.php\/wp-json\/wp\/v2\/posts\/1881","targetHints":{"allow":["GET"]}}],"collection":[{"href":"https:\/\/lesoleil.bf\/index.php\/wp-json\/wp\/v2\/posts"}],"about":[{"href":"https:\/\/lesoleil.bf\/index.php\/wp-json\/wp\/v2\/types\/post"}],"author":[{"embeddable":true,"href":"https:\/\/lesoleil.bf\/index.php\/wp-json\/wp\/v2\/users\/1"}],"replies":[{"embeddable":true,"href":"https:\/\/lesoleil.bf\/index.php\/wp-json\/wp\/v2\/comments?post=1881"}],"version-history":[{"count":1,"href":"https:\/\/lesoleil.bf\/index.php\/wp-json\/wp\/v2\/posts\/1881\/revisions"}],"predecessor-version":[{"id":1884,"href":"https:\/\/lesoleil.bf\/index.php\/wp-json\/wp\/v2\/posts\/1881\/revisions\/1884"}],"wp:featuredmedia":[{"embeddable":true,"href":"https:\/\/lesoleil.bf\/index.php\/wp-json\/wp\/v2\/media\/1882"}],"wp:attachment":[{"href":"https:\/\/lesoleil.bf\/index.php\/wp-json\/wp\/v2\/media?parent=1881"}],"wp:term":[{"taxonomy":"category","embeddable":true,"href":"https:\/\/lesoleil.bf\/index.php\/wp-json\/wp\/v2\/categories?post=1881"},{"taxonomy":"post_tag","embeddable":true,"href":"https:\/\/lesoleil.bf\/index.php\/wp-json\/wp\/v2\/tags?post=1881"}],"curies":[{"name":"wp","href":"https:\/\/api.w.org\/{rel}","templated":true}]}}