{"id":1857,"date":"2025-01-08T18:54:31","date_gmt":"2025-01-08T18:54:31","guid":{"rendered":"https:\/\/lesoleil.bf\/?p=1857"},"modified":"2025-01-08T18:54:31","modified_gmt":"2025-01-08T18:54:31","slug":"allegations-de-rappel-du-personnel-diplomatique-du-burkina-faso-en-cote-divoire-la-mise-au-point-du-ministere-des-affaires-etrangeres","status":"publish","type":"post","link":"https:\/\/lesoleil.bf\/index.php\/2025\/01\/08\/allegations-de-rappel-du-personnel-diplomatique-du-burkina-faso-en-cote-divoire-la-mise-au-point-du-ministere-des-affaires-etrangeres\/","title":{"rendered":"All\u00e9gations de rappel du personnel diplomatique du Burkina Faso en C\u00f4te d&rsquo;Ivoire: la mise au point du minist\u00e8re des Affaires \u00e9trang\u00e8res"},"content":{"rendered":"<p>Ouagadougou, le 07 janvier 2025<\/p>\n<p>Suite \u00e0 des all\u00e9gations circulant dans certains m\u00e9dias concernant le rappel de l&rsquo;ambassadeur ainsi que des Consuls G\u00e9n\u00e9raux du Burkina Faso en R\u00e9publique C\u00f4te d&rsquo;Ivoire, le minist\u00e8re des Affaires \u00e9trang\u00e8res de la Coop\u00e9ration r\u00e9gionale et des Burkinab\u00e8 de l\u2019Ext\u00e9rieur tient \u00e0 clarifier certains points pour \u00e9viter toute confusion.<\/p>\n<p>D&rsquo;ores et d\u00e9j\u00e0, il convient de souligner que le Burkina Faso n&rsquo;a pas d&rsquo;ambassadeur en C\u00f4te d&rsquo;Ivoire et vice versa.<\/p>\n<p>Les Repr\u00e9sentations diplomatiques des deux pays \u00e0 Ouagadougou et \u00e0 Abidjan sont dirig\u00e9es par des Charg\u00e9s d&rsquo;Affaires.<\/p>\n<p>Le rappel de certains membres de la Mission diplomatique, s&rsquo;inscrit dans le cadre d&rsquo;un mouvement administratif normal, conform\u00e9ment aux pratiques diplomatiques habituelles, et cette d\u00e9cision n&rsquo;est en aucun cas le signe d&rsquo;une crise dans les relations entre nos deux pays.<\/p>\n<p><img loading=\"lazy\" decoding=\"async\" class=\"alignnone size-medium wp-image-1858\" src=\"https:\/\/lesoleil.bf\/wp-content\/uploads\/2025\/01\/personnel-diplomatique-BF1-300x170.jpeg\" alt=\"\" width=\"300\" height=\"170\" srcset=\"https:\/\/lesoleil.bf\/wp-content\/uploads\/2025\/01\/personnel-diplomatique-BF1-300x170.jpeg 300w, https:\/\/lesoleil.bf\/wp-content\/uploads\/2025\/01\/personnel-diplomatique-BF1-768x435.jpeg 768w, https:\/\/lesoleil.bf\/wp-content\/uploads\/2025\/01\/personnel-diplomatique-BF1.jpeg 1000w\" sizes=\"auto, (max-width: 300px) 100vw, 300px\" \/> <img loading=\"lazy\" decoding=\"async\" class=\"alignnone size-medium wp-image-1859\" src=\"https:\/\/lesoleil.bf\/wp-content\/uploads\/2025\/01\/personnel-diplomatique-BF2-300x228.jpeg\" alt=\"\" width=\"300\" height=\"228\" srcset=\"https:\/\/lesoleil.bf\/wp-content\/uploads\/2025\/01\/personnel-diplomatique-BF2-300x228.jpeg 300w, https:\/\/lesoleil.bf\/wp-content\/uploads\/2025\/01\/personnel-diplomatique-BF2-1024x779.jpeg 1024w, https:\/\/lesoleil.bf\/wp-content\/uploads\/2025\/01\/personnel-diplomatique-BF2-768x584.jpeg 768w, https:\/\/lesoleil.bf\/wp-content\/uploads\/2025\/01\/personnel-diplomatique-BF2.jpeg 1075w\" sizes=\"auto, (max-width: 300px) 100vw, 300px\" \/> <img loading=\"lazy\" decoding=\"async\" class=\"alignnone size-medium wp-image-1860\" src=\"https:\/\/lesoleil.bf\/wp-content\/uploads\/2025\/01\/personnel-diplomatique-BF3-300x205.jpeg\" alt=\"\" width=\"300\" height=\"205\" srcset=\"https:\/\/lesoleil.bf\/wp-content\/uploads\/2025\/01\/personnel-diplomatique-BF3-300x205.jpeg 300w, https:\/\/lesoleil.bf\/wp-content\/uploads\/2025\/01\/personnel-diplomatique-BF3-1024x699.jpeg 1024w, https:\/\/lesoleil.bf\/wp-content\/uploads\/2025\/01\/personnel-diplomatique-BF3-768x524.jpeg 768w, https:\/\/lesoleil.bf\/wp-content\/uploads\/2025\/01\/personnel-diplomatique-BF3.jpeg 1080w\" sizes=\"auto, (max-width: 300px) 100vw, 300px\" \/> <img loading=\"lazy\" decoding=\"async\" class=\"alignnone size-medium wp-image-1861\" src=\"https:\/\/lesoleil.bf\/wp-content\/uploads\/2025\/01\/personnel-diplomatique-BF4-300x215.jpeg\" alt=\"\" width=\"300\" height=\"215\" srcset=\"https:\/\/lesoleil.bf\/wp-content\/uploads\/2025\/01\/personnel-diplomatique-BF4-300x215.jpeg 300w, https:\/\/lesoleil.bf\/wp-content\/uploads\/2025\/01\/personnel-diplomatique-BF4-1024x734.jpeg 1024w, https:\/\/lesoleil.bf\/wp-content\/uploads\/2025\/01\/personnel-diplomatique-BF4-768x550.jpeg 768w, https:\/\/lesoleil.bf\/wp-content\/uploads\/2025\/01\/personnel-diplomatique-BF4.jpeg 1080w\" sizes=\"auto, (max-width: 300px) 100vw, 300px\" \/><\/p>\n<p>Par ailleurs, un Charg\u00e9 d&rsquo;Affaires a r\u00e9cemment \u00e9t\u00e9 nomm\u00e9 pour assurer la continuit\u00e9 de la Mission diplomatique \u00e0 Abidjan, et celui-ci ainsi que les g\u00e9rants int\u00e9rimaires des consulats g\u00e9n\u00e9raux du Burkina Faso \u00e0 Abidjan, Bouak\u00e9 et Soubr\u00e9, ont pris service les jours suivants leur nomination.<\/p>\n<p>Apr\u00e8s sa prise de fonction, la nouvelle \u00e9quipe est \u00e0 pied d&rsquo;\u0153uvre et m\u00e8ne en toute s\u00e9r\u00e9nit\u00e9 ses activit\u00e9s, au nombre desquelles la traditionnelle mont\u00e9e des couleurs le lundi 06 janvier dernier dans les locaux de l&rsquo;ambassade du Burkina Faso \u00e0 Abidjan.<\/p>\n<p>Cette mise au point t\u00e9moigne de l&rsquo;engagement des deux pays, \u00e0 maintenir des relations constructives et sereines, loin des interpr\u00e9tations erron\u00e9es relay\u00e9es par certains m\u00e9dias dont la cr\u00e9dibilit\u00e9 est douteuse.<\/p>\n<p>A la suite de cette clarification, le minist\u00e8re des Affaires \u00e9trang\u00e8res invite la presse et l&rsquo;opinion nationale et internationale, \u00e0 toujours s&rsquo;informer aupr\u00e8s des sources officielles et fiables, \u00e0 ne pas c\u00e9der \u00e0 des sp\u00e9culations non v\u00e9rifi\u00e9es, et surtout, \u00e0 prendre en compte le respect des principes diplomatiques qui guident les relations entre Etats.<\/p>\n<p>DCRP\/MAECR-BE<\/p>\n","protected":false},"excerpt":{"rendered":"<p>Ouagadougou, le 07 janvier 2025 Suite \u00e0 des all\u00e9gations circulant dans certains m\u00e9dias concernant le rappel de l&rsquo;ambassadeur ainsi que des Consuls G\u00e9n\u00e9raux du Burkina Faso en R\u00e9publique C\u00f4te d&rsquo;Ivoire, le minist\u00e8re des Affaires \u00e9trang\u00e8res de la Coop\u00e9ration r\u00e9gionale et des Burkinab\u00e8 de l\u2019Ext\u00e9rieur tient \u00e0 clarifier certains points pour \u00e9viter toute confusion. D&rsquo;ores et [&hellip;]<\/p>\n","protected":false},"author":1,"featured_media":1862,"comment_status":"open","ping_status":"open","sticky":false,"template":"","format":"standard","meta":{"site-sidebar-layout":"default","site-content-layout":"","ast-site-content-layout":"default","site-content-style":"default","site-sidebar-style":"default","ast-global-header-display":"","ast-banner-title-visibility":"","ast-main-header-display":"","ast-hfb-above-header-display":"","ast-hfb-below-header-display":"","ast-hfb-mobile-header-display":"","site-post-title":"","ast-breadcrumbs-content":"","ast-featured-img":"","footer-sml-layout":"","theme-transparent-header-meta":"default","adv-header-id-meta":"","stick-header-meta":"","header-above-stick-meta":"","header-main-stick-meta":"","header-below-stick-meta":"","astra-migrate-meta-layouts":"set","ast-page-background-enabled":"default","ast-page-background-meta":{"desktop":{"background-color":"var(--ast-global-color-4)","background-image":"","background-repeat":"repeat","background-position":"center center","background-size":"auto","background-attachment":"scroll","background-type":"","background-media":"","overlay-type":"","overlay-color":"","overlay-opacity":"","overlay-gradient":""},"tablet":{"background-color":"","background-image":"","background-repeat":"repeat","background-position":"center center","background-size":"auto","background-attachment":"scroll","background-type":"","background-media":"","overlay-type":"","overlay-color":"","overlay-opacity":"","overlay-gradient":""},"mobile":{"background-color":"","background-image":"","background-repeat":"repeat","background-position":"center center","background-size":"auto","background-attachment":"scroll","background-type":"","background-media":"","overlay-type":"","overlay-color":"","overlay-opacity":"","overlay-gradient":""}},"ast-content-background-meta":{"desktop":{"background-color":"var(--ast-global-color-5)","background-image":"","background-repeat":"repeat","background-position":"center center","background-size":"auto","background-attachment":"scroll","background-type":"","background-media":"","overlay-type":"","overlay-color":"","overlay-opacity":"","overlay-gradient":""},"tablet":{"background-color":"var(--ast-global-color-5)","background-image":"","background-repeat":"repeat","background-position":"center center","background-size":"auto","background-attachment":"scroll","background-type":"","background-media":"","overlay-type":"","overlay-color":"","overlay-opacity":"","overlay-gradient":""},"mobile":{"background-color":"var(--ast-global-color-5)","background-image":"","background-repeat":"repeat","background-position":"center center","background-size":"auto","background-attachment":"scroll","background-type":"","background-media":"","overlay-type":"","overlay-color":"","overlay-opacity":"","overlay-gradient":""}},"footnotes":""},"categories":[9],"tags":[146],"class_list":["post-1857","post","type-post","status-publish","format-standard","has-post-thumbnail","hentry","category-politique","tag-rappel-du-personnel-diplomatique-du-burkina-faso-en-cote-divoire"],"_links":{"self":[{"href":"https:\/\/lesoleil.bf\/index.php\/wp-json\/wp\/v2\/posts\/1857","targetHints":{"allow":["GET"]}}],"collection":[{"href":"https:\/\/lesoleil.bf\/index.php\/wp-json\/wp\/v2\/posts"}],"about":[{"href":"https:\/\/lesoleil.bf\/index.php\/wp-json\/wp\/v2\/types\/post"}],"author":[{"embeddable":true,"href":"https:\/\/lesoleil.bf\/index.php\/wp-json\/wp\/v2\/users\/1"}],"replies":[{"embeddable":true,"href":"https:\/\/lesoleil.bf\/index.php\/wp-json\/wp\/v2\/comments?post=1857"}],"version-history":[{"count":1,"href":"https:\/\/lesoleil.bf\/index.php\/wp-json\/wp\/v2\/posts\/1857\/revisions"}],"predecessor-version":[{"id":1863,"href":"https:\/\/lesoleil.bf\/index.php\/wp-json\/wp\/v2\/posts\/1857\/revisions\/1863"}],"wp:featuredmedia":[{"embeddable":true,"href":"https:\/\/lesoleil.bf\/index.php\/wp-json\/wp\/v2\/media\/1862"}],"wp:attachment":[{"href":"https:\/\/lesoleil.bf\/index.php\/wp-json\/wp\/v2\/media?parent=1857"}],"wp:term":[{"taxonomy":"category","embeddable":true,"href":"https:\/\/lesoleil.bf\/index.php\/wp-json\/wp\/v2\/categories?post=1857"},{"taxonomy":"post_tag","embeddable":true,"href":"https:\/\/lesoleil.bf\/index.php\/wp-json\/wp\/v2\/tags?post=1857"}],"curies":[{"name":"wp","href":"https:\/\/api.w.org\/{rel}","templated":true}]}}