{"id":1849,"date":"2025-01-08T18:46:29","date_gmt":"2025-01-08T18:46:29","guid":{"rendered":"https:\/\/lesoleil.bf\/?p=1849"},"modified":"2025-01-08T18:46:29","modified_gmt":"2025-01-08T18:46:29","slug":"investiture-du-president-du-ghana-le-capitaine-ibrahim-traore-est-arrive-a-accra","status":"publish","type":"post","link":"https:\/\/lesoleil.bf\/index.php\/2025\/01\/08\/investiture-du-president-du-ghana-le-capitaine-ibrahim-traore-est-arrive-a-accra\/","title":{"rendered":"Investiture du Pr\u00e9sident du Ghana : le Capitaine Ibrahim TRAOR\u00c9 est arriv\u00e9 \u00e0 Accra"},"content":{"rendered":"<p>(Accra, 7 janvier 2025). Le Pr\u00e9sident du Faso, Chef de l\u2019\u00c9tat, le Capitaine Ibrahim TRAOR\u00c9 est arriv\u00e9 ce mardi dans la matin\u00e9e \u00e0 Accra au Ghana, pour prendre part \u00e0 la c\u00e9r\u00e9monie d&rsquo;investiture du Pr\u00e9sident John Dramani MAHAMA.<\/p>\n<p><img loading=\"lazy\" decoding=\"async\" class=\"alignnone size-medium wp-image-1850\" src=\"https:\/\/lesoleil.bf\/wp-content\/uploads\/2025\/01\/IB-recoit-les-honneurs-au-Ghana-300x202.jpg\" alt=\"\" width=\"300\" height=\"202\" srcset=\"https:\/\/lesoleil.bf\/wp-content\/uploads\/2025\/01\/IB-recoit-les-honneurs-au-Ghana-300x202.jpg 300w, https:\/\/lesoleil.bf\/wp-content\/uploads\/2025\/01\/IB-recoit-les-honneurs-au-Ghana-1024x688.jpg 1024w, https:\/\/lesoleil.bf\/wp-content\/uploads\/2025\/01\/IB-recoit-les-honneurs-au-Ghana-768x516.jpg 768w, https:\/\/lesoleil.bf\/wp-content\/uploads\/2025\/01\/IB-recoit-les-honneurs-au-Ghana.jpg 1080w\" sizes=\"auto, (max-width: 300px) 100vw, 300px\" \/> <img loading=\"lazy\" decoding=\"async\" class=\"alignnone size-medium wp-image-1851\" src=\"https:\/\/lesoleil.bf\/wp-content\/uploads\/2025\/01\/Autorites-du-Ghana-300x200.jpg\" alt=\"\" width=\"300\" height=\"200\" srcset=\"https:\/\/lesoleil.bf\/wp-content\/uploads\/2025\/01\/Autorites-du-Ghana-300x200.jpg 300w, https:\/\/lesoleil.bf\/wp-content\/uploads\/2025\/01\/Autorites-du-Ghana-1024x683.jpg 1024w, https:\/\/lesoleil.bf\/wp-content\/uploads\/2025\/01\/Autorites-du-Ghana-768x512.jpg 768w, https:\/\/lesoleil.bf\/wp-content\/uploads\/2025\/01\/Autorites-du-Ghana.jpg 1080w\" sizes=\"auto, (max-width: 300px) 100vw, 300px\" \/> <img loading=\"lazy\" decoding=\"async\" class=\"alignnone size-medium wp-image-1852\" src=\"https:\/\/lesoleil.bf\/wp-content\/uploads\/2025\/01\/Tapis-rouge-au-President-IB-au-Ghana-300x200.jpg\" alt=\"\" width=\"300\" height=\"200\" srcset=\"https:\/\/lesoleil.bf\/wp-content\/uploads\/2025\/01\/Tapis-rouge-au-President-IB-au-Ghana-300x200.jpg 300w, https:\/\/lesoleil.bf\/wp-content\/uploads\/2025\/01\/Tapis-rouge-au-President-IB-au-Ghana-1024x683.jpg 1024w, https:\/\/lesoleil.bf\/wp-content\/uploads\/2025\/01\/Tapis-rouge-au-President-IB-au-Ghana-768x512.jpg 768w, https:\/\/lesoleil.bf\/wp-content\/uploads\/2025\/01\/Tapis-rouge-au-President-IB-au-Ghana.jpg 1080w\" sizes=\"auto, (max-width: 300px) 100vw, 300px\" \/> <img loading=\"lazy\" decoding=\"async\" class=\"alignnone size-medium wp-image-1853\" src=\"https:\/\/lesoleil.bf\/wp-content\/uploads\/2025\/01\/Arrivee-de-president-IB-au-Ghana-300x200.jpg\" alt=\"\" width=\"300\" height=\"200\" srcset=\"https:\/\/lesoleil.bf\/wp-content\/uploads\/2025\/01\/Arrivee-de-president-IB-au-Ghana-300x200.jpg 300w, https:\/\/lesoleil.bf\/wp-content\/uploads\/2025\/01\/Arrivee-de-president-IB-au-Ghana-1024x683.jpg 1024w, https:\/\/lesoleil.bf\/wp-content\/uploads\/2025\/01\/Arrivee-de-president-IB-au-Ghana-768x512.jpg 768w, https:\/\/lesoleil.bf\/wp-content\/uploads\/2025\/01\/Arrivee-de-president-IB-au-Ghana.jpg 1080w\" sizes=\"auto, (max-width: 300px) 100vw, 300px\" \/> <img loading=\"lazy\" decoding=\"async\" class=\"alignnone size-medium wp-image-1854\" src=\"https:\/\/lesoleil.bf\/wp-content\/uploads\/2025\/01\/Arrivee-de-IB-au-Ghana-300x200.jpg\" alt=\"\" width=\"300\" height=\"200\" srcset=\"https:\/\/lesoleil.bf\/wp-content\/uploads\/2025\/01\/Arrivee-de-IB-au-Ghana-300x200.jpg 300w, https:\/\/lesoleil.bf\/wp-content\/uploads\/2025\/01\/Arrivee-de-IB-au-Ghana-1024x683.jpg 1024w, https:\/\/lesoleil.bf\/wp-content\/uploads\/2025\/01\/Arrivee-de-IB-au-Ghana-768x512.jpg 768w, https:\/\/lesoleil.bf\/wp-content\/uploads\/2025\/01\/Arrivee-de-IB-au-Ghana.jpg 1080w\" sizes=\"auto, (max-width: 300px) 100vw, 300px\" \/> <img loading=\"lazy\" decoding=\"async\" class=\"alignnone size-medium wp-image-1855\" src=\"https:\/\/lesoleil.bf\/wp-content\/uploads\/2025\/01\/Presidents-Ibrahim-Traore-et-son-Homologue-du-Ghana-300x235.jpg\" alt=\"\" width=\"300\" height=\"235\" srcset=\"https:\/\/lesoleil.bf\/wp-content\/uploads\/2025\/01\/Presidents-Ibrahim-Traore-et-son-Homologue-du-Ghana-300x235.jpg 300w, https:\/\/lesoleil.bf\/wp-content\/uploads\/2025\/01\/Presidents-Ibrahim-Traore-et-son-Homologue-du-Ghana-1024x802.jpg 1024w, https:\/\/lesoleil.bf\/wp-content\/uploads\/2025\/01\/Presidents-Ibrahim-Traore-et-son-Homologue-du-Ghana-768x602.jpg 768w, https:\/\/lesoleil.bf\/wp-content\/uploads\/2025\/01\/Presidents-Ibrahim-Traore-et-son-Homologue-du-Ghana.jpg 1080w\" sizes=\"auto, (max-width: 300px) 100vw, 300px\" \/><\/p>\n<p>Le Chef de l\u2019\u00c9tat a \u00e9t\u00e9 accueilli \u00e0 l\u2019A\u00e9roport international Kotoka d\u2019Accra par les autorit\u00e9s ghan\u00e9ennes et une communaut\u00e9 burkinab\u00e8 fortement mobilis\u00e9e. Avec \u00e0 sa t\u00eate l&rsquo;ambassadeur du Burkina Faso au Ghana, le Colonel-major David KABR\u00c9, la communaut\u00e9 burkinab\u00e8 a r\u00e9serv\u00e9 un accueil chaleureux \u00e0 son Pr\u00e9sident pour sa pri\u00e8re sortie officielle en terre ghan\u00e9enne.<\/p>\n<p>\u00ab Pr\u00e9sident Ibrahim TRAOR\u00c9, un homme, une vision pour le d\u00e9veloppement du Burkina et de l&rsquo;Afrique \u00bb, \u00ab The Nation Builder \u00bb (le b\u00e2tisseur de la Nation), \u00ab Communaut\u00e9 burkinab\u00e8 vivant au Ghana : unissons-nous et engageons-nous pour le d\u00e9veloppement de notre patrie le Burkina Faso \u00bb, sont entre autres les slogans sur les banderoles brandies.<\/p>\n<p>Le Pr\u00e9sident du Faso, le Capitaine Ibrahim TRAOR\u00c9 va \u00e9changer, dans l\u2019apr\u00e8s-midi, avec la communaut\u00e9 burkinab\u00e8 vivant au Ghana.<\/p>\n<p>Direction de la communication de la Pr\u00e9sidence du Faso<\/p>\n","protected":false},"excerpt":{"rendered":"<p>(Accra, 7 janvier 2025). Le Pr\u00e9sident du Faso, Chef de l\u2019\u00c9tat, le Capitaine Ibrahim TRAOR\u00c9 est arriv\u00e9 ce mardi dans la matin\u00e9e \u00e0 Accra au Ghana, pour prendre part \u00e0 la c\u00e9r\u00e9monie d&rsquo;investiture du Pr\u00e9sident John Dramani MAHAMA. Le Chef de l\u2019\u00c9tat a \u00e9t\u00e9 accueilli \u00e0 l\u2019A\u00e9roport international Kotoka d\u2019Accra par les autorit\u00e9s ghan\u00e9ennes et [&hellip;]<\/p>\n","protected":false},"author":1,"featured_media":1855,"comment_status":"open","ping_status":"open","sticky":false,"template":"","format":"standard","meta":{"site-sidebar-layout":"default","site-content-layout":"","ast-site-content-layout":"default","site-content-style":"default","site-sidebar-style":"default","ast-global-header-display":"","ast-banner-title-visibility":"","ast-main-header-display":"","ast-hfb-above-header-display":"","ast-hfb-below-header-display":"","ast-hfb-mobile-header-display":"","site-post-title":"","ast-breadcrumbs-content":"","ast-featured-img":"","footer-sml-layout":"","theme-transparent-header-meta":"default","adv-header-id-meta":"","stick-header-meta":"","header-above-stick-meta":"","header-main-stick-meta":"","header-below-stick-meta":"","astra-migrate-meta-layouts":"set","ast-page-background-enabled":"default","ast-page-background-meta":{"desktop":{"background-color":"var(--ast-global-color-4)","background-image":"","background-repeat":"repeat","background-position":"center center","background-size":"auto","background-attachment":"scroll","background-type":"","background-media":"","overlay-type":"","overlay-color":"","overlay-opacity":"","overlay-gradient":""},"tablet":{"background-color":"","background-image":"","background-repeat":"repeat","background-position":"center center","background-size":"auto","background-attachment":"scroll","background-type":"","background-media":"","overlay-type":"","overlay-color":"","overlay-opacity":"","overlay-gradient":""},"mobile":{"background-color":"","background-image":"","background-repeat":"repeat","background-position":"center center","background-size":"auto","background-attachment":"scroll","background-type":"","background-media":"","overlay-type":"","overlay-color":"","overlay-opacity":"","overlay-gradient":""}},"ast-content-background-meta":{"desktop":{"background-color":"var(--ast-global-color-5)","background-image":"","background-repeat":"repeat","background-position":"center center","background-size":"auto","background-attachment":"scroll","background-type":"","background-media":"","overlay-type":"","overlay-color":"","overlay-opacity":"","overlay-gradient":""},"tablet":{"background-color":"var(--ast-global-color-5)","background-image":"","background-repeat":"repeat","background-position":"center center","background-size":"auto","background-attachment":"scroll","background-type":"","background-media":"","overlay-type":"","overlay-color":"","overlay-opacity":"","overlay-gradient":""},"mobile":{"background-color":"var(--ast-global-color-5)","background-image":"","background-repeat":"repeat","background-position":"center center","background-size":"auto","background-attachment":"scroll","background-type":"","background-media":"","overlay-type":"","overlay-color":"","overlay-opacity":"","overlay-gradient":""}},"footnotes":""},"categories":[9],"tags":[145],"class_list":["post-1849","post","type-post","status-publish","format-standard","has-post-thumbnail","hentry","category-politique","tag-investiture-du-president-john-dramani-mahama"],"_links":{"self":[{"href":"https:\/\/lesoleil.bf\/index.php\/wp-json\/wp\/v2\/posts\/1849","targetHints":{"allow":["GET"]}}],"collection":[{"href":"https:\/\/lesoleil.bf\/index.php\/wp-json\/wp\/v2\/posts"}],"about":[{"href":"https:\/\/lesoleil.bf\/index.php\/wp-json\/wp\/v2\/types\/post"}],"author":[{"embeddable":true,"href":"https:\/\/lesoleil.bf\/index.php\/wp-json\/wp\/v2\/users\/1"}],"replies":[{"embeddable":true,"href":"https:\/\/lesoleil.bf\/index.php\/wp-json\/wp\/v2\/comments?post=1849"}],"version-history":[{"count":1,"href":"https:\/\/lesoleil.bf\/index.php\/wp-json\/wp\/v2\/posts\/1849\/revisions"}],"predecessor-version":[{"id":1856,"href":"https:\/\/lesoleil.bf\/index.php\/wp-json\/wp\/v2\/posts\/1849\/revisions\/1856"}],"wp:featuredmedia":[{"embeddable":true,"href":"https:\/\/lesoleil.bf\/index.php\/wp-json\/wp\/v2\/media\/1855"}],"wp:attachment":[{"href":"https:\/\/lesoleil.bf\/index.php\/wp-json\/wp\/v2\/media?parent=1849"}],"wp:term":[{"taxonomy":"category","embeddable":true,"href":"https:\/\/lesoleil.bf\/index.php\/wp-json\/wp\/v2\/categories?post=1849"},{"taxonomy":"post_tag","embeddable":true,"href":"https:\/\/lesoleil.bf\/index.php\/wp-json\/wp\/v2\/tags?post=1849"}],"curies":[{"name":"wp","href":"https:\/\/api.w.org\/{rel}","templated":true}]}}