{"id":1846,"date":"2025-01-06T16:30:49","date_gmt":"2025-01-06T16:30:49","guid":{"rendered":"https:\/\/lesoleil.bf\/?p=1846"},"modified":"2025-01-08T18:55:37","modified_gmt":"2025-01-08T18:55:37","slug":"montee-des-couleurs-a-la-sonatur","status":"publish","type":"post","link":"https:\/\/lesoleil.bf\/index.php\/2025\/01\/06\/montee-des-couleurs-a-la-sonatur\/","title":{"rendered":"MONT\u00c9E DES COULEURS \u00c0 LA SONATUR"},"content":{"rendered":"<p>(Lundi 6 janvier 2025) Le personnel de la SONATUR a observ\u00e9 la mont\u00e9e du drapeau national, exceptionnellement ce premier lundi du mois de janvier au Si\u00e8ge social \u00e0 Ouagadougou et R\u00e9gional de Bobo Dioulasso.<\/p>\n<p><img loading=\"lazy\" decoding=\"async\" class=\"alignnone size-medium wp-image-1847\" src=\"https:\/\/lesoleil.bf\/wp-content\/uploads\/2025\/01\/Montee-des-couleurs-225x300.jpeg\" alt=\"\" width=\"225\" height=\"300\" srcset=\"https:\/\/lesoleil.bf\/wp-content\/uploads\/2025\/01\/Montee-des-couleurs-225x300.jpeg 225w, https:\/\/lesoleil.bf\/wp-content\/uploads\/2025\/01\/Montee-des-couleurs.jpeg 765w\" sizes=\"auto, (max-width: 225px) 100vw, 225px\" \/><br \/>\nAu pi\u00e9destal du drapeau national, le Directeur G\u00e9n\u00e9ral de la SONATUR, monsieur Broueima OUATTARA a souhait\u00e9 ses v\u0153ux du nouvel an \u00e0 l&rsquo; ensemble des travailleurs de la \u00ab\u00a0Maison commune\u00a0\u00bb en ce d\u00e9but de l&rsquo;ann\u00e9e 2025. DG OUATTARA a<br \/>\nsalu\u00e9 le d\u00e9vouement au travail de l&rsquo;ensemble de son personnel qui a produit des r\u00e9sultats probants au cours de l&rsquo;ann\u00e9e 2024.<br \/>\nAussi, il nous a exhort\u00e9 \u00e0 maintenir ce cap d&rsquo;excellence dans l&rsquo;accomplissement des t\u00e2ches au sein de la Soci\u00e9t\u00e9 qui amorce en ce d\u00e9but d&rsquo;ann\u00e9e, un tournant d\u00e9cisif \u00e0 travers son Plan Strat\u00e9gique de D\u00e9veloppement (PSD).<br \/>\nEn r\u00e9ponse aux bons v\u0153ux du patron, son Conseiller principal monsieur Adama SERE a, au nom de l&rsquo;ensemble du personnel f\u00e9licit\u00e9 encore le Directeur G\u00e9n\u00e9ral pour son leadership confirm\u00e9 \u00e0 la t\u00eate de notre Soci\u00e9t\u00e9, avant de lui souhaiter une bonne et heureuse ann\u00e9e 2025.<\/p>\n<p>\u00ab\u00a0SONATUR, b\u00e2tir dans un cadre s\u00e9curis\u00e9!\u00a0\u00bb<br \/>\nSCRP<\/p>\n","protected":false},"excerpt":{"rendered":"<p>(Lundi 6 janvier 2025) Le personnel de la SONATUR a observ\u00e9 la mont\u00e9e du drapeau national, exceptionnellement ce premier lundi du mois de janvier au Si\u00e8ge social \u00e0 Ouagadougou et R\u00e9gional de Bobo Dioulasso. Au pi\u00e9destal du drapeau national, le Directeur G\u00e9n\u00e9ral de la SONATUR, monsieur Broueima OUATTARA a souhait\u00e9 ses v\u0153ux du nouvel an [&hellip;]<\/p>\n","protected":false},"author":1,"featured_media":1847,"comment_status":"open","ping_status":"open","sticky":false,"template":"","format":"standard","meta":{"site-sidebar-layout":"default","site-content-layout":"","ast-site-content-layout":"default","site-content-style":"default","site-sidebar-style":"default","ast-global-header-display":"","ast-banner-title-visibility":"","ast-main-header-display":"","ast-hfb-above-header-display":"","ast-hfb-below-header-display":"","ast-hfb-mobile-header-display":"","site-post-title":"","ast-breadcrumbs-content":"","ast-featured-img":"","footer-sml-layout":"","theme-transparent-header-meta":"default","adv-header-id-meta":"","stick-header-meta":"","header-above-stick-meta":"","header-main-stick-meta":"","header-below-stick-meta":"","astra-migrate-meta-layouts":"set","ast-page-background-enabled":"default","ast-page-background-meta":{"desktop":{"background-color":"var(--ast-global-color-4)","background-image":"","background-repeat":"repeat","background-position":"center center","background-size":"auto","background-attachment":"scroll","background-type":"","background-media":"","overlay-type":"","overlay-color":"","overlay-opacity":"","overlay-gradient":""},"tablet":{"background-color":"","background-image":"","background-repeat":"repeat","background-position":"center center","background-size":"auto","background-attachment":"scroll","background-type":"","background-media":"","overlay-type":"","overlay-color":"","overlay-opacity":"","overlay-gradient":""},"mobile":{"background-color":"","background-image":"","background-repeat":"repeat","background-position":"center center","background-size":"auto","background-attachment":"scroll","background-type":"","background-media":"","overlay-type":"","overlay-color":"","overlay-opacity":"","overlay-gradient":""}},"ast-content-background-meta":{"desktop":{"background-color":"var(--ast-global-color-5)","background-image":"","background-repeat":"repeat","background-position":"center center","background-size":"auto","background-attachment":"scroll","background-type":"","background-media":"","overlay-type":"","overlay-color":"","overlay-opacity":"","overlay-gradient":""},"tablet":{"background-color":"var(--ast-global-color-5)","background-image":"","background-repeat":"repeat","background-position":"center center","background-size":"auto","background-attachment":"scroll","background-type":"","background-media":"","overlay-type":"","overlay-color":"","overlay-opacity":"","overlay-gradient":""},"mobile":{"background-color":"var(--ast-global-color-5)","background-image":"","background-repeat":"repeat","background-position":"center center","background-size":"auto","background-attachment":"scroll","background-type":"","background-media":"","overlay-type":"","overlay-color":"","overlay-opacity":"","overlay-gradient":""}},"footnotes":""},"categories":[9],"tags":[143,144],"class_list":["post-1846","post","type-post","status-publish","format-standard","has-post-thumbnail","hentry","category-politique","tag-directeur-general-de-la-sonatur","tag-sonatur-a-observe-la-montee-du-drapeau-national"],"_links":{"self":[{"href":"https:\/\/lesoleil.bf\/index.php\/wp-json\/wp\/v2\/posts\/1846","targetHints":{"allow":["GET"]}}],"collection":[{"href":"https:\/\/lesoleil.bf\/index.php\/wp-json\/wp\/v2\/posts"}],"about":[{"href":"https:\/\/lesoleil.bf\/index.php\/wp-json\/wp\/v2\/types\/post"}],"author":[{"embeddable":true,"href":"https:\/\/lesoleil.bf\/index.php\/wp-json\/wp\/v2\/users\/1"}],"replies":[{"embeddable":true,"href":"https:\/\/lesoleil.bf\/index.php\/wp-json\/wp\/v2\/comments?post=1846"}],"version-history":[{"count":2,"href":"https:\/\/lesoleil.bf\/index.php\/wp-json\/wp\/v2\/posts\/1846\/revisions"}],"predecessor-version":[{"id":1864,"href":"https:\/\/lesoleil.bf\/index.php\/wp-json\/wp\/v2\/posts\/1846\/revisions\/1864"}],"wp:featuredmedia":[{"embeddable":true,"href":"https:\/\/lesoleil.bf\/index.php\/wp-json\/wp\/v2\/media\/1847"}],"wp:attachment":[{"href":"https:\/\/lesoleil.bf\/index.php\/wp-json\/wp\/v2\/media?parent=1846"}],"wp:term":[{"taxonomy":"category","embeddable":true,"href":"https:\/\/lesoleil.bf\/index.php\/wp-json\/wp\/v2\/categories?post=1846"},{"taxonomy":"post_tag","embeddable":true,"href":"https:\/\/lesoleil.bf\/index.php\/wp-json\/wp\/v2\/tags?post=1846"}],"curies":[{"name":"wp","href":"https:\/\/api.w.org\/{rel}","templated":true}]}}