{"id":1827,"date":"2024-12-29T20:58:14","date_gmt":"2024-12-29T20:58:14","guid":{"rendered":"https:\/\/lesoleil.bf\/?p=1827"},"modified":"2024-12-29T20:58:14","modified_gmt":"2024-12-29T20:58:14","slug":"communique-de-presse-2","status":"publish","type":"post","link":"https:\/\/lesoleil.bf\/index.php\/2024\/12\/29\/communique-de-presse-2\/","title":{"rendered":"Communiqu\u00e9 de Presse"},"content":{"rendered":"<p>Conf\u00e9d\u00e9ration \u00a0\u00bbAlliance des Etats du Sahel\u00a0\u00bb : Le Premier ministre Rimtalba Jean Emmanuel OUEDRAOGO se rend au Niger pour une visite d&rsquo;amiti\u00e9 et de travail<\/p>\n<p>(Ouagadougou, le 27 d\u00e9cembre 2024) \u2013 Sur invitation de son homologue du Niger, Son Excellence Monsieur le Premier ministre, Rimtalba Jean Emmanuel Ou\u00e9draogo, se rendra le samedi 28 d\u00e9cembre 2024 \u00e0 Niamey pour une visite d\u2019amiti\u00e9 et de travail de soixante-douze heures.<\/p>\n<p>Au cours de son s\u00e9jour, le Chef du Gouvernement burkinab\u00e8 assistera, le dimanche 29 d\u00e9cembre 2024, aux c\u00f4t\u00e9s de ses homologues du Mali et du Niger, la finale de la 45e \u00e9dition du Championnat national de lutte traditionnelle dans la ville de Dosso.<\/p>\n<p>Les trois personnalit\u00e9s saisiront \u00e9galement l\u2019occasion de cette rencontre pour \u00e9changer sur les voies et moyens de renforcer les liens de coop\u00e9ration et de fraternit\u00e9 existant entre les pays de l\u2019Alliance des Etats du Sahel (AES).<\/p>\n<p><img loading=\"lazy\" decoding=\"async\" class=\"alignnone  wp-image-1828\" src=\"https:\/\/lesoleil.bf\/wp-content\/uploads\/2024\/12\/Premier-ministre-Rimtalba-Jean-Emmanuel-OUEDRAOGO-au-Niger.jpg\" alt=\"\" width=\"357\" height=\"303\" \/> <img loading=\"lazy\" decoding=\"async\" class=\"alignnone size-medium wp-image-1830\" src=\"https:\/\/lesoleil.bf\/wp-content\/uploads\/2024\/12\/Le-Premier-ministre-Rimtalba-Jean-Emmanuel-OUEDRAOGO-au-Niger-285x300.jpg\" alt=\"\" width=\"285\" height=\"300\" srcset=\"https:\/\/lesoleil.bf\/wp-content\/uploads\/2024\/12\/Le-Premier-ministre-Rimtalba-Jean-Emmanuel-OUEDRAOGO-au-Niger-285x300.jpg 285w, https:\/\/lesoleil.bf\/wp-content\/uploads\/2024\/12\/Le-Premier-ministre-Rimtalba-Jean-Emmanuel-OUEDRAOGO-au-Niger.jpg 494w\" sizes=\"auto, (max-width: 285px) 100vw, 285px\" \/><\/p>\n<p>Cette visite d\u2019amiti\u00e9 et de travail du Premier ministre, Rimtalba Jean Emmanuel Ou\u00e9draogo intervient quelques heures apr\u00e8s l\u2019approbation de sa D\u00e9claration de Politique g\u00e9n\u00e9rale (DPG) par les d\u00e9put\u00e9s de l\u2019Assembl\u00e9e l\u00e9gislative de Transition (ALT). Ce d\u00e9placement en terre nig\u00e9rienne est la premi\u00e8re sortie internationale du Premier ministre depuis sa nomination \u00e0 la t\u00eate de l\u2019ex\u00e9cutif burkinab\u00e9.<\/p>\n<p>DCRP\/Primature<\/p>\n","protected":false},"excerpt":{"rendered":"<p>Conf\u00e9d\u00e9ration \u00a0\u00bbAlliance des Etats du Sahel\u00a0\u00bb : Le Premier ministre Rimtalba Jean Emmanuel OUEDRAOGO se rend au Niger pour une visite d&rsquo;amiti\u00e9 et de travail (Ouagadougou, le 27 d\u00e9cembre 2024) \u2013 Sur invitation de son homologue du Niger, Son Excellence Monsieur le Premier ministre, Rimtalba Jean Emmanuel Ou\u00e9draogo, se rendra le samedi 28 d\u00e9cembre 2024 [&hellip;]<\/p>\n","protected":false},"author":1,"featured_media":1829,"comment_status":"open","ping_status":"open","sticky":false,"template":"","format":"standard","meta":{"site-sidebar-layout":"default","site-content-layout":"","ast-site-content-layout":"default","site-content-style":"default","site-sidebar-style":"default","ast-global-header-display":"","ast-banner-title-visibility":"","ast-main-header-display":"","ast-hfb-above-header-display":"","ast-hfb-below-header-display":"","ast-hfb-mobile-header-display":"","site-post-title":"","ast-breadcrumbs-content":"","ast-featured-img":"","footer-sml-layout":"","theme-transparent-header-meta":"default","adv-header-id-meta":"","stick-header-meta":"","header-above-stick-meta":"","header-main-stick-meta":"","header-below-stick-meta":"","astra-migrate-meta-layouts":"set","ast-page-background-enabled":"default","ast-page-background-meta":{"desktop":{"background-color":"var(--ast-global-color-4)","background-image":"","background-repeat":"repeat","background-position":"center center","background-size":"auto","background-attachment":"scroll","background-type":"","background-media":"","overlay-type":"","overlay-color":"","overlay-opacity":"","overlay-gradient":""},"tablet":{"background-color":"","background-image":"","background-repeat":"repeat","background-position":"center center","background-size":"auto","background-attachment":"scroll","background-type":"","background-media":"","overlay-type":"","overlay-color":"","overlay-opacity":"","overlay-gradient":""},"mobile":{"background-color":"","background-image":"","background-repeat":"repeat","background-position":"center center","background-size":"auto","background-attachment":"scroll","background-type":"","background-media":"","overlay-type":"","overlay-color":"","overlay-opacity":"","overlay-gradient":""}},"ast-content-background-meta":{"desktop":{"background-color":"var(--ast-global-color-5)","background-image":"","background-repeat":"repeat","background-position":"center center","background-size":"auto","background-attachment":"scroll","background-type":"","background-media":"","overlay-type":"","overlay-color":"","overlay-opacity":"","overlay-gradient":""},"tablet":{"background-color":"var(--ast-global-color-5)","background-image":"","background-repeat":"repeat","background-position":"center center","background-size":"auto","background-attachment":"scroll","background-type":"","background-media":"","overlay-type":"","overlay-color":"","overlay-opacity":"","overlay-gradient":""},"mobile":{"background-color":"var(--ast-global-color-5)","background-image":"","background-repeat":"repeat","background-position":"center center","background-size":"auto","background-attachment":"scroll","background-type":"","background-media":"","overlay-type":"","overlay-color":"","overlay-opacity":"","overlay-gradient":""}},"footnotes":""},"categories":[9],"tags":[138,137],"class_list":["post-1827","post","type-post","status-publish","format-standard","has-post-thumbnail","hentry","category-politique","tag-aes","tag-le-premier-ministre-rimtalba-jean-emmanuel-ouedraogo-au-niger"],"_links":{"self":[{"href":"https:\/\/lesoleil.bf\/index.php\/wp-json\/wp\/v2\/posts\/1827","targetHints":{"allow":["GET"]}}],"collection":[{"href":"https:\/\/lesoleil.bf\/index.php\/wp-json\/wp\/v2\/posts"}],"about":[{"href":"https:\/\/lesoleil.bf\/index.php\/wp-json\/wp\/v2\/types\/post"}],"author":[{"embeddable":true,"href":"https:\/\/lesoleil.bf\/index.php\/wp-json\/wp\/v2\/users\/1"}],"replies":[{"embeddable":true,"href":"https:\/\/lesoleil.bf\/index.php\/wp-json\/wp\/v2\/comments?post=1827"}],"version-history":[{"count":1,"href":"https:\/\/lesoleil.bf\/index.php\/wp-json\/wp\/v2\/posts\/1827\/revisions"}],"predecessor-version":[{"id":1831,"href":"https:\/\/lesoleil.bf\/index.php\/wp-json\/wp\/v2\/posts\/1827\/revisions\/1831"}],"wp:featuredmedia":[{"embeddable":true,"href":"https:\/\/lesoleil.bf\/index.php\/wp-json\/wp\/v2\/media\/1829"}],"wp:attachment":[{"href":"https:\/\/lesoleil.bf\/index.php\/wp-json\/wp\/v2\/media?parent=1827"}],"wp:term":[{"taxonomy":"category","embeddable":true,"href":"https:\/\/lesoleil.bf\/index.php\/wp-json\/wp\/v2\/categories?post=1827"},{"taxonomy":"post_tag","embeddable":true,"href":"https:\/\/lesoleil.bf\/index.php\/wp-json\/wp\/v2\/tags?post=1827"}],"curies":[{"name":"wp","href":"https:\/\/api.w.org\/{rel}","templated":true}]}}