{"id":1795,"date":"2024-12-20T18:38:53","date_gmt":"2024-12-20T18:38:53","guid":{"rendered":"https:\/\/lesoleil.bf\/?p=1795"},"modified":"2024-12-20T18:38:53","modified_gmt":"2024-12-20T18:38:53","slug":"brigade-verte-de-ouaga-un-pere-noel-avant-lheure","status":"publish","type":"post","link":"https:\/\/lesoleil.bf\/index.php\/2024\/12\/20\/brigade-verte-de-ouaga-un-pere-noel-avant-lheure\/","title":{"rendered":"Brigade verte de Ouaga : Un P\u00e8re No\u00ebl avant l&rsquo;heure"},"content":{"rendered":"<p>C&rsquo;est avec joie sur les visages que les 3 000 femmes de la Brigade verte de Ouagadougou ont re\u00e7u ce cadeau de fin d&rsquo;ann\u00e9e.<br \/>\nCe mardi 17 d\u00e9cembre 2024, un bon Samaritain \u00e0 pris sur lui la d\u00e9cision de faire un don de vivres et de num\u00e9raires. Le geste salutaire est d\u2019une valeur totale de 67 500 000 F CFA. Il est constitu\u00e9 de 30 millions de F CFA en esp\u00e8ces, soit 10 000 F CFA par femme et 75 tonnes de riz, soit un sac de 25 kg par b\u00e9n\u00e9ficiaire. C&rsquo;est le geste de P\u00e8re No\u00ebl que KANIS COMMODITIES a voulu faire \u00e0 l&rsquo;endroit des Femmes de cette brigade pour plupart issue de la couche vuln\u00e9rable.<\/p>\n<p>C&rsquo;est un Maurice Konat\u00e9, pr\u00e9sident de la D\u00e9l\u00e9gation sp\u00e9ciale de la commune de Ouagadougou tout heureux qui a accueilli symboliquement le geste aux c\u00f4t\u00e9s de ces &lt;&lt;soldats de l&rsquo;assainissement&gt;&gt;.<br \/>\nTout en saluant \u00e0 sa juste valeur ce geste, il a pr\u00e9cis\u00e9 qu&rsquo;il vise \u00e0 soutenir ces femmes dans leurs efforts pour pr\u00e9server la propret\u00e9 de ville de Ouagadougou. \u00c0 ne point douter il contribuera \u00e0 soulager les charges des m\u00e9nages dont ces femmes sont issues et va aussi apporter de la joie dans le c\u0153ur de ces femmes et des membres de leur famille en cette p\u00e9riode de fin d&rsquo;ann\u00e9e, a t-il lanc\u00e9.<\/p>\n<p>#dondekaniscommoditiesalabrigadeverte<\/p>\n<p>Camille OUEDRAOGO<\/p>\n","protected":false},"excerpt":{"rendered":"<p>C&rsquo;est avec joie sur les visages que les 3 000 femmes de la Brigade verte de Ouagadougou ont re\u00e7u ce cadeau de fin d&rsquo;ann\u00e9e. Ce mardi 17 d\u00e9cembre 2024, un bon Samaritain \u00e0 pris sur lui la d\u00e9cision de faire un don de vivres et de num\u00e9raires. Le geste salutaire est d\u2019une valeur totale de [&hellip;]<\/p>\n","protected":false},"author":1,"featured_media":1796,"comment_status":"open","ping_status":"open","sticky":false,"template":"","format":"standard","meta":{"site-sidebar-layout":"default","site-content-layout":"","ast-site-content-layout":"default","site-content-style":"default","site-sidebar-style":"default","ast-global-header-display":"","ast-banner-title-visibility":"","ast-main-header-display":"","ast-hfb-above-header-display":"","ast-hfb-below-header-display":"","ast-hfb-mobile-header-display":"","site-post-title":"","ast-breadcrumbs-content":"","ast-featured-img":"","footer-sml-layout":"","theme-transparent-header-meta":"default","adv-header-id-meta":"","stick-header-meta":"","header-above-stick-meta":"","header-main-stick-meta":"","header-below-stick-meta":"","astra-migrate-meta-layouts":"set","ast-page-background-enabled":"default","ast-page-background-meta":{"desktop":{"background-color":"var(--ast-global-color-4)","background-image":"","background-repeat":"repeat","background-position":"center center","background-size":"auto","background-attachment":"scroll","background-type":"","background-media":"","overlay-type":"","overlay-color":"","overlay-opacity":"","overlay-gradient":""},"tablet":{"background-color":"","background-image":"","background-repeat":"repeat","background-position":"center center","background-size":"auto","background-attachment":"scroll","background-type":"","background-media":"","overlay-type":"","overlay-color":"","overlay-opacity":"","overlay-gradient":""},"mobile":{"background-color":"","background-image":"","background-repeat":"repeat","background-position":"center center","background-size":"auto","background-attachment":"scroll","background-type":"","background-media":"","overlay-type":"","overlay-color":"","overlay-opacity":"","overlay-gradient":""}},"ast-content-background-meta":{"desktop":{"background-color":"var(--ast-global-color-5)","background-image":"","background-repeat":"repeat","background-position":"center center","background-size":"auto","background-attachment":"scroll","background-type":"","background-media":"","overlay-type":"","overlay-color":"","overlay-opacity":"","overlay-gradient":""},"tablet":{"background-color":"var(--ast-global-color-5)","background-image":"","background-repeat":"repeat","background-position":"center center","background-size":"auto","background-attachment":"scroll","background-type":"","background-media":"","overlay-type":"","overlay-color":"","overlay-opacity":"","overlay-gradient":""},"mobile":{"background-color":"var(--ast-global-color-5)","background-image":"","background-repeat":"repeat","background-position":"center center","background-size":"auto","background-attachment":"scroll","background-type":"","background-media":"","overlay-type":"","overlay-color":"","overlay-opacity":"","overlay-gradient":""}},"footnotes":""},"categories":[9],"tags":[131],"class_list":["post-1795","post","type-post","status-publish","format-standard","has-post-thumbnail","hentry","category-politique","tag-brigade-verte-de-ouaga"],"_links":{"self":[{"href":"https:\/\/lesoleil.bf\/index.php\/wp-json\/wp\/v2\/posts\/1795","targetHints":{"allow":["GET"]}}],"collection":[{"href":"https:\/\/lesoleil.bf\/index.php\/wp-json\/wp\/v2\/posts"}],"about":[{"href":"https:\/\/lesoleil.bf\/index.php\/wp-json\/wp\/v2\/types\/post"}],"author":[{"embeddable":true,"href":"https:\/\/lesoleil.bf\/index.php\/wp-json\/wp\/v2\/users\/1"}],"replies":[{"embeddable":true,"href":"https:\/\/lesoleil.bf\/index.php\/wp-json\/wp\/v2\/comments?post=1795"}],"version-history":[{"count":1,"href":"https:\/\/lesoleil.bf\/index.php\/wp-json\/wp\/v2\/posts\/1795\/revisions"}],"predecessor-version":[{"id":1797,"href":"https:\/\/lesoleil.bf\/index.php\/wp-json\/wp\/v2\/posts\/1795\/revisions\/1797"}],"wp:featuredmedia":[{"embeddable":true,"href":"https:\/\/lesoleil.bf\/index.php\/wp-json\/wp\/v2\/media\/1796"}],"wp:attachment":[{"href":"https:\/\/lesoleil.bf\/index.php\/wp-json\/wp\/v2\/media?parent=1795"}],"wp:term":[{"taxonomy":"category","embeddable":true,"href":"https:\/\/lesoleil.bf\/index.php\/wp-json\/wp\/v2\/categories?post=1795"},{"taxonomy":"post_tag","embeddable":true,"href":"https:\/\/lesoleil.bf\/index.php\/wp-json\/wp\/v2\/tags?post=1795"}],"curies":[{"name":"wp","href":"https:\/\/api.w.org\/{rel}","templated":true}]}}