{"id":1777,"date":"2024-12-20T18:27:43","date_gmt":"2024-12-20T18:27:43","guid":{"rendered":"https:\/\/lesoleil.bf\/?p=1777"},"modified":"2024-12-20T18:34:46","modified_gmt":"2024-12-20T18:34:46","slug":"grand-prix-actif-2024-antoine-yaogo-sur-la-plus-haute-marche","status":"publish","type":"post","link":"https:\/\/lesoleil.bf\/index.php\/2024\/12\/20\/grand-prix-actif-2024-antoine-yaogo-sur-la-plus-haute-marche\/","title":{"rendered":"Grand Prix Actif 2024 : Antoine YAOGO sur la plus haute marche"},"content":{"rendered":"<p>Ils \u00e9taient nombreux les comp\u00e9titeurs mais \u00e0 la fin c&rsquo;est Antoine YAOGO qui est mont\u00e9 sur la plus haute marche ce samedi 14 d\u00e9cembre 2024 \u00e0 RAMADA H\u00f4tel.<br \/>\nCe jour, \u00e0 la faveur d&rsquo;une c\u00e9r\u00e9monie officielle qui a regroup\u00e9 le gotha politique, \u00e9conomique et\/ou financier s&rsquo;est tenue la c\u00e9r\u00e9monie de remise des prix de la 4\u00e8me \u00e9dition du Grand Prix International de la Communication, de la Traduction et de l&rsquo;Innovation au Faso (Grand Prix ACTIF-2024).<\/p>\n<p><img loading=\"lazy\" decoding=\"async\" class=\"alignnone size-medium wp-image-1785\" src=\"https:\/\/lesoleil.bf\/wp-content\/uploads\/2024\/12\/WhatsApp-Image-2024-12-16-at-09.03.42-300x225.jpeg\" alt=\"\" width=\"300\" height=\"225\" srcset=\"https:\/\/lesoleil.bf\/wp-content\/uploads\/2024\/12\/WhatsApp-Image-2024-12-16-at-09.03.42-300x225.jpeg 300w, https:\/\/lesoleil.bf\/wp-content\/uploads\/2024\/12\/WhatsApp-Image-2024-12-16-at-09.03.42-1024x768.jpeg 1024w, https:\/\/lesoleil.bf\/wp-content\/uploads\/2024\/12\/WhatsApp-Image-2024-12-16-at-09.03.42-768x576.jpeg 768w, https:\/\/lesoleil.bf\/wp-content\/uploads\/2024\/12\/WhatsApp-Image-2024-12-16-at-09.03.42.jpeg 1040w\" sizes=\"auto, (max-width: 300px) 100vw, 300px\" \/><img loading=\"lazy\" decoding=\"async\" class=\"alignnone size-medium wp-image-1782\" src=\"https:\/\/lesoleil.bf\/wp-content\/uploads\/2024\/12\/WhatsApp-Image-2024-12-16-at-09.03.431-300x225.jpeg\" alt=\"\" width=\"300\" height=\"225\" srcset=\"https:\/\/lesoleil.bf\/wp-content\/uploads\/2024\/12\/WhatsApp-Image-2024-12-16-at-09.03.431-300x225.jpeg 300w, https:\/\/lesoleil.bf\/wp-content\/uploads\/2024\/12\/WhatsApp-Image-2024-12-16-at-09.03.431-1024x768.jpeg 1024w, https:\/\/lesoleil.bf\/wp-content\/uploads\/2024\/12\/WhatsApp-Image-2024-12-16-at-09.03.431-768x576.jpeg 768w, https:\/\/lesoleil.bf\/wp-content\/uploads\/2024\/12\/WhatsApp-Image-2024-12-16-at-09.03.431.jpeg 1040w\" sizes=\"auto, (max-width: 300px) 100vw, 300px\" \/><img loading=\"lazy\" decoding=\"async\" class=\"alignnone size-medium wp-image-1784\" src=\"https:\/\/lesoleil.bf\/wp-content\/uploads\/2024\/12\/WhatsApp-Image-2024-12-16-at-09.03.421-300x225.jpeg\" alt=\"\" width=\"300\" height=\"225\" srcset=\"https:\/\/lesoleil.bf\/wp-content\/uploads\/2024\/12\/WhatsApp-Image-2024-12-16-at-09.03.421-300x225.jpeg 300w, https:\/\/lesoleil.bf\/wp-content\/uploads\/2024\/12\/WhatsApp-Image-2024-12-16-at-09.03.421-1024x768.jpeg 1024w, https:\/\/lesoleil.bf\/wp-content\/uploads\/2024\/12\/WhatsApp-Image-2024-12-16-at-09.03.421-768x576.jpeg 768w, https:\/\/lesoleil.bf\/wp-content\/uploads\/2024\/12\/WhatsApp-Image-2024-12-16-at-09.03.421.jpeg 1040w\" sizes=\"auto, (max-width: 300px) 100vw, 300px\" \/><\/p>\n<figure id=\"attachment_1780\" aria-describedby=\"caption-attachment-1780\" style=\"width: 300px\" class=\"wp-caption alignnone\"><img loading=\"lazy\" decoding=\"async\" class=\"wp-image-1780 size-medium\" src=\"https:\/\/lesoleil.bf\/wp-content\/uploads\/2024\/12\/Grand-Prix-Actif-2024-Antoine-YAOGO--300x228.jpg\" alt=\"\" width=\"300\" height=\"228\" srcset=\"https:\/\/lesoleil.bf\/wp-content\/uploads\/2024\/12\/Grand-Prix-Actif-2024-Antoine-YAOGO--300x228.jpg 300w, https:\/\/lesoleil.bf\/wp-content\/uploads\/2024\/12\/Grand-Prix-Actif-2024-Antoine-YAOGO-.jpg 720w\" sizes=\"auto, (max-width: 300px) 100vw, 300px\" \/><figcaption id=\"caption-attachment-1780\" class=\"wp-caption-text\">Antoine YAOGO<\/figcaption><\/figure>\n<p><img loading=\"lazy\" decoding=\"async\" class=\"alignnone size-medium wp-image-1789\" src=\"https:\/\/lesoleil.bf\/wp-content\/uploads\/2024\/12\/WhatsApp-Image-2024-12-16-at-18.44.24-e1734719670755-248x300.jpeg\" alt=\"\" width=\"248\" height=\"300\" srcset=\"https:\/\/lesoleil.bf\/wp-content\/uploads\/2024\/12\/WhatsApp-Image-2024-12-16-at-18.44.24-e1734719670755-248x300.jpeg 248w, https:\/\/lesoleil.bf\/wp-content\/uploads\/2024\/12\/WhatsApp-Image-2024-12-16-at-18.44.24-e1734719670755.jpeg 482w\" sizes=\"auto, (max-width: 248px) 100vw, 248px\" \/><\/p>\n<p>Dans son mot introductif, EL HADJ Adama SORO a remerci\u00e9 les partenaires de premier plan qui oeuvrent \u00e0 ce que la langue ne soit plus une barri\u00e8re entre les hommes. &lt;&lt;La langue doit \u00eatre un pont ( &#8230;) un canal de construction de soci\u00e9t\u00e9 d\u00e9velopp\u00e9e et de paix&gt;&gt;, a t-il laiss\u00e9 entendre.<br \/>\nEn dehors de la prestation en langue de chaque laur\u00e9at, des attestation de reconnaissance et de m\u00e9rite ont \u00e9t\u00e9 remises ce jour.<br \/>\n<strong>&#8211; Attestations de m\u00e9rite<\/strong><br \/>\n*Cat\u00e9gorie dioula:Zerbo salimata<br \/>\n*Cat\u00e9gorie gourmantch\u00e9ma: MR Tindano<br \/>\n*Cat\u00e9gorie fulfulde: Diallo Djibril<br \/>\n*Cat\u00e9gorie kassena:Mounatou Abakouri Rodolphe<br \/>\n*Cat\u00e9gorie moor\u00e9 :Yaogo Antoine<br \/>\n*Cat\u00e9gorie anglais : Kabore Robert kiswendsida<br \/>\n*Cat\u00e9gorie arabe: Billa Ousmane<br \/>\n*Cat\u00e9gorie espagnole: Doulkom Fataf<\/p>\n<p><strong>&#8211; Attestations de reconnaissance :<\/strong><\/p>\n<p>Cat\u00e9gorie fran\u00e7ais\/Dioula :Issaka Ouedraogo<br \/>\n*Cat\u00e9gorie fran\u00e7ais\/gourmantchema :Lompo Hougiripaguini<br \/>\n*Cat\u00e9gorie fran\u00e7ais \/fulfulde :Mahamoudou Diallo<br \/>\n*Cat\u00e9gorie fran\u00e7ais\/Kassena :Par-devant Awobanoum<br \/>\n*Cat\u00e9gorie fran\u00e7ais\/moor\u00e9 : Dieudonn\u00e9 congo<br \/>\n*Cat\u00e9gorie fran\u00e7ais\/espagnol :Nanema Apollinaire<br \/>\n*Cat\u00e9gorie fran\u00e7ais: Lazare Bakouan<\/p>\n<p><strong>&#8211; Attestation prix sp\u00e9ciaux :<\/strong><br \/>\nPrix Sp\u00e9cial Diplomatie : Karamoko Jean marie Traor\u00e9, Ministre des affaires \u00e9trang\u00e8res.<br \/>\nPrix sp\u00e9cial communication \u00e9v\u00e9nementielle : Jacky El Feno.<br \/>\nLes laur\u00e9ats ont tous obtenu 100 000 francs et de nombreux lots. Le Super laur\u00e9at se distinguant par son plus grand nombre de cadeaux.<br \/>\nUne parcelle a \u00e9t\u00e9 mise en jeu pour l&rsquo;\u00e9dition prochaine. C&rsquo;est la promesse d&rsquo;un partenaire de l&rsquo;association ACTIF s\u00e9ance tenante. C&rsquo;est \u00e9vident il y aura bousculade \u00e0 la prochaine \u00e9dition.<br \/>\nCamille OUEDRAOGO<\/p>\n","protected":false},"excerpt":{"rendered":"<p>Ils \u00e9taient nombreux les comp\u00e9titeurs mais \u00e0 la fin c&rsquo;est Antoine YAOGO qui est mont\u00e9 sur la plus haute marche ce samedi 14 d\u00e9cembre 2024 \u00e0 RAMADA H\u00f4tel. Ce jour, \u00e0 la faveur d&rsquo;une c\u00e9r\u00e9monie officielle qui a regroup\u00e9 le gotha politique, \u00e9conomique et\/ou financier s&rsquo;est tenue la c\u00e9r\u00e9monie de remise des prix de la [&hellip;]<\/p>\n","protected":false},"author":1,"featured_media":1779,"comment_status":"open","ping_status":"open","sticky":false,"template":"","format":"standard","meta":{"site-sidebar-layout":"default","site-content-layout":"","ast-site-content-layout":"default","site-content-style":"default","site-sidebar-style":"default","ast-global-header-display":"","ast-banner-title-visibility":"","ast-main-header-display":"","ast-hfb-above-header-display":"","ast-hfb-below-header-display":"","ast-hfb-mobile-header-display":"","site-post-title":"","ast-breadcrumbs-content":"","ast-featured-img":"","footer-sml-layout":"","theme-transparent-header-meta":"default","adv-header-id-meta":"","stick-header-meta":"","header-above-stick-meta":"","header-main-stick-meta":"","header-below-stick-meta":"","astra-migrate-meta-layouts":"set","ast-page-background-enabled":"default","ast-page-background-meta":{"desktop":{"background-color":"var(--ast-global-color-4)","background-image":"","background-repeat":"repeat","background-position":"center center","background-size":"auto","background-attachment":"scroll","background-type":"","background-media":"","overlay-type":"","overlay-color":"","overlay-opacity":"","overlay-gradient":""},"tablet":{"background-color":"","background-image":"","background-repeat":"repeat","background-position":"center center","background-size":"auto","background-attachment":"scroll","background-type":"","background-media":"","overlay-type":"","overlay-color":"","overlay-opacity":"","overlay-gradient":""},"mobile":{"background-color":"","background-image":"","background-repeat":"repeat","background-position":"center center","background-size":"auto","background-attachment":"scroll","background-type":"","background-media":"","overlay-type":"","overlay-color":"","overlay-opacity":"","overlay-gradient":""}},"ast-content-background-meta":{"desktop":{"background-color":"var(--ast-global-color-5)","background-image":"","background-repeat":"repeat","background-position":"center center","background-size":"auto","background-attachment":"scroll","background-type":"","background-media":"","overlay-type":"","overlay-color":"","overlay-opacity":"","overlay-gradient":""},"tablet":{"background-color":"var(--ast-global-color-5)","background-image":"","background-repeat":"repeat","background-position":"center center","background-size":"auto","background-attachment":"scroll","background-type":"","background-media":"","overlay-type":"","overlay-color":"","overlay-opacity":"","overlay-gradient":""},"mobile":{"background-color":"var(--ast-global-color-5)","background-image":"","background-repeat":"repeat","background-position":"center center","background-size":"auto","background-attachment":"scroll","background-type":"","background-media":"","overlay-type":"","overlay-color":"","overlay-opacity":"","overlay-gradient":""}},"footnotes":""},"categories":[6],"tags":[129],"class_list":["post-1777","post","type-post","status-publish","format-standard","has-post-thumbnail","hentry","category-education","tag-grand-prix-actif-2024antoine-yaogo"],"_links":{"self":[{"href":"https:\/\/lesoleil.bf\/index.php\/wp-json\/wp\/v2\/posts\/1777","targetHints":{"allow":["GET"]}}],"collection":[{"href":"https:\/\/lesoleil.bf\/index.php\/wp-json\/wp\/v2\/posts"}],"about":[{"href":"https:\/\/lesoleil.bf\/index.php\/wp-json\/wp\/v2\/types\/post"}],"author":[{"embeddable":true,"href":"https:\/\/lesoleil.bf\/index.php\/wp-json\/wp\/v2\/users\/1"}],"replies":[{"embeddable":true,"href":"https:\/\/lesoleil.bf\/index.php\/wp-json\/wp\/v2\/comments?post=1777"}],"version-history":[{"count":4,"href":"https:\/\/lesoleil.bf\/index.php\/wp-json\/wp\/v2\/posts\/1777\/revisions"}],"predecessor-version":[{"id":1790,"href":"https:\/\/lesoleil.bf\/index.php\/wp-json\/wp\/v2\/posts\/1777\/revisions\/1790"}],"wp:featuredmedia":[{"embeddable":true,"href":"https:\/\/lesoleil.bf\/index.php\/wp-json\/wp\/v2\/media\/1779"}],"wp:attachment":[{"href":"https:\/\/lesoleil.bf\/index.php\/wp-json\/wp\/v2\/media?parent=1777"}],"wp:term":[{"taxonomy":"category","embeddable":true,"href":"https:\/\/lesoleil.bf\/index.php\/wp-json\/wp\/v2\/categories?post=1777"},{"taxonomy":"post_tag","embeddable":true,"href":"https:\/\/lesoleil.bf\/index.php\/wp-json\/wp\/v2\/tags?post=1777"}],"curies":[{"name":"wp","href":"https:\/\/api.w.org\/{rel}","templated":true}]}}