{"id":1767,"date":"2024-12-11T10:17:50","date_gmt":"2024-12-11T10:17:50","guid":{"rendered":"https:\/\/lesoleil.bf\/?p=1767"},"modified":"2024-12-11T10:19:23","modified_gmt":"2024-12-11T10:19:23","slug":"syrie-les-pansements-pour-une-nation-saignante","status":"publish","type":"post","link":"https:\/\/lesoleil.bf\/index.php\/2024\/12\/11\/syrie-les-pansements-pour-une-nation-saignante\/","title":{"rendered":"Syrie: Les pansements pour une nation saignante*"},"content":{"rendered":"<p>Partout \u00e0 Damas, les recherches pour retrouver les disparus sont d\u00e9sesp\u00e9r\u00e9es, les familles cherchant elles-m\u00eames dans les morgues, dans l&rsquo;espoir \u2013 et la crainte \u2013 de retrouver leurs proches.<\/p>\n<p>Depuis des ann\u00e9es, on nous parle d\u2019arrestations massives, de disparitions et d\u2019assassinats de quiconque s\u2019oppose de pr\u00e8s ou de loin au r\u00e9gime syrien de Bachar al-Assad. Mais ce \u00e0 quoi nous assistons aujourd\u2019hui est la preuve quotidienne, s\u2019il en \u00e9tait besoin, d\u2019une campagne de r\u00e9pression et de meurtres men\u00e9e \u00e0 une \u00e9chelle industrielle.<\/p>\n<p>La jubilation suscit\u00e9e par la chute du r\u00e9gime se transforme d\u00e9sormais en deuil, alors que les corps de ceux tu\u00e9s par Assad et ses hommes de main sont d\u00e9couverts et lentement, tr\u00e8s lentement, identifi\u00e9s. Sortant de l&rsquo;int\u00e9rieur sombre de la salle r\u00e9frig\u00e9r\u00e9e de la morgue de l&rsquo;h\u00f4pital Al Mojtahed \u00e0 Damas, un corps est transport\u00e9 sur un brancard vers la zone d&rsquo;examen. Ils tentent d&rsquo;identifier l&rsquo;homme mort. Tout ce qu&rsquo;ils savent, c&rsquo;est qu&rsquo;il a \u00e9t\u00e9 assassin\u00e9.<\/p>\n<p>Dans toute la capitale, les recherches pour retrouver les disparus sont d\u00e9sesp\u00e9r\u00e9es. Il n&rsquo;y a pas d&rsquo;autorit\u00e9 locale, donc les familles doivent elles-m\u00eames chercher dans les morgues. Nous les regardons ouvrir les sacs mortuaires pour prendre des photos des victimes, essayant de d\u00e9terminer s&rsquo;il s&rsquo;agit de membres de leur famille. \u00c0 c\u00f4t\u00e9 d&rsquo;eux, la porte du r\u00e9frig\u00e9rateur a \u00e9t\u00e9 ouverte, et \u00e0 l&rsquo;int\u00e9rieur se trouvent plus de 30 personnes, chacune portant un num\u00e9ro, enferm\u00e9es dans des sacs mortuaires. Sur le sac est inscrit le signe distinctif des morts non r\u00e9clam\u00e9s. Ce sont les victimes inconnues de ce r\u00e9gime.<\/p>\n<p>\u00c0 proximit\u00e9, des membres de la famille ouvrent des casiers r\u00e9frig\u00e9r\u00e9s en argent \u00e0 la recherche de corps, avant que le personnel de l&rsquo;h\u00f4pital ne leur crie de vider la pi\u00e8ce. Ils prient pour pouvoir au moins retrouver celui qu&rsquo;ils ont perdu et, peut-\u00eatre, enfin tourner la page. \u00c0 mesure que les gens publient des photos des corps sur les r\u00e9seaux sociaux, la nouvelle se r\u00e9pand et de plus en plus de membres des familles arrivent. Une fois les corps identifi\u00e9s, les familles peuvent les emporter. Nous filmons un sac mortuaire blanc pos\u00e9 sur les genoux des membres de la famille qui attendent \u00e0 l&rsquo;arri\u00e8re de leur voiture. Les sc\u00e8nes auxquelles nous assistons sont absolument chaotiques. Les gens ici sont d\u00e9sesp\u00e9r\u00e9s d&rsquo;avoir des nouvelles. Ils se bousculent pour entrer dans l&rsquo;h\u00f4pital, essayant d\u00e9sesp\u00e9r\u00e9ment de p\u00e9n\u00e9trer \u00e0 l&rsquo;int\u00e9rieur et d&rsquo;apercevoir les morts. C&rsquo;est tout simplement d\u00e9sesp\u00e9r\u00e9.<\/p>\n<p>\u00abIls entravent le travail de l&rsquo;\u00e9quipe\u00bb<\/p>\n<p>Les sp\u00e9cialistes m\u00e9dico-l\u00e9gaux s&rsquo;efforcent d&rsquo;identifier les corps, mais il leur est difficile de travailler au milieu de ce chaos. \u00ab Rien qu&rsquo;hier, nous avons re\u00e7u un total de 35 corps, transf\u00e9r\u00e9s de l&rsquo;h\u00f4pital d&rsquo;Harasta, il semblerait qu&rsquo;il s&rsquo;agisse de d\u00e9tenus de la prison de Sednaya \u00bb, me dit le Dr Mohamad Jafran. \u00ab Ils sont arriv\u00e9s dans la soir\u00e9e, ont \u00e9t\u00e9 examin\u00e9s, num\u00e9rot\u00e9s, photographi\u00e9s et les photos ont \u00e9t\u00e9 envoy\u00e9es aux familles pour les proc\u00e9dures d&rsquo;identification et de reconnaissance.<br \/>\n\u00ab Le probl\u00e8me auquel nous sommes confront\u00e9s est l&rsquo;interf\u00e9rence des familles, car elles entravent le travail de l&rsquo;\u00e9quipe m\u00e9dicale \u00bb, poursuit-il.<\/p>\n<p>Lui et son coll\u00e8gue portent des combinaisons blanches de protection contre les mati\u00e8res dangereuses, des masques et des gants lorsqu&rsquo;ils d\u00e9placent les corps dans une pi\u00e8ce pour un examen plus approfondi. Pour certains ici, c&rsquo;\u00e9tait la nouvelle qu&rsquo;ils attendaient mais qu&rsquo;ils redoutaient d&rsquo;entendre &#8211; ils voulaient savoir ce qui s&rsquo;\u00e9tait pass\u00e9.<\/p>\n<p><img loading=\"lazy\" decoding=\"async\" class=\"alignnone wp-image-1768 \" src=\"https:\/\/lesoleil.bf\/wp-content\/uploads\/2024\/12\/Affaire-Syrie-300x169.jpeg\" alt=\"\" width=\"433\" height=\"244\" srcset=\"https:\/\/lesoleil.bf\/wp-content\/uploads\/2024\/12\/Affaire-Syrie-300x169.jpeg 300w, https:\/\/lesoleil.bf\/wp-content\/uploads\/2024\/12\/Affaire-Syrie.jpeg 720w\" sizes=\"auto, (max-width: 433px) 100vw, 433px\" \/> <img loading=\"lazy\" decoding=\"async\" class=\"alignnone wp-image-1769 \" src=\"https:\/\/lesoleil.bf\/wp-content\/uploads\/2024\/12\/Affaire-Syrie-2-300x169.jpeg\" alt=\"\" width=\"440\" height=\"248\" srcset=\"https:\/\/lesoleil.bf\/wp-content\/uploads\/2024\/12\/Affaire-Syrie-2-300x169.jpeg 300w, https:\/\/lesoleil.bf\/wp-content\/uploads\/2024\/12\/Affaire-Syrie-2.jpeg 720w\" sizes=\"auto, (max-width: 440px) 100vw, 440px\" \/><\/p>\n<p>\u00ab Des tyrans sans honneur \u00bb<\/p>\n<p>La famille \u00e9largie de Mazen al Hamada se rassemble en deuil, sanglotant silencieusement dans un coin du complexe hospitalier. Mazen \u00e9tait un militant anti-r\u00e9gime \u00e9minent et m\u00eame c\u00e9l\u00e8bre qui, selon certains, s&rsquo;\u00e9tait enfui en Allemagne, avant d&rsquo;\u00eatre persuad\u00e9 de revenir par le gouvernement syrien gr\u00e2ce \u00e0 une amnistie. Mazen a \u00e9t\u00e9 arr\u00eat\u00e9 et, comme on vient de le dire, assassin\u00e9 en captivit\u00e9.<br \/>\n\u00ab Un gang l&rsquo;a amen\u00e9 sous pr\u00e9texte de r\u00e9conciliation, en disant qu&rsquo;ils ne lui feraient aucun mal, mais ce n&rsquo;\u00e9tait que mensonge. Ils l&rsquo;ont livr\u00e9 au r\u00e9gime \u00bb, m&rsquo;a racont\u00e9 sa s\u0153ur Iman Bseis Hommada.<br \/>\n\u00ab Que puis-je dire ? Des criminels, des criminels de guerre, des tyrans sans religion, sans honneur, sans morale, sans conscience, qui n&rsquo;appartiennent pas \u00e0 l&rsquo;humanit\u00e9&#8230; Que puis-je dire ? \u00bb<\/p>\n<p>Avec autant de morts et de disparus, tenter de retrouver et d\u2019identifier tout le monde sera une t\u00e2che hercul\u00e9enne. Une femme s&rsquo;approche de moi et commence \u00e0 ouvrir son sac \u00e0 main, elle en sort une photo : \u00ab Mon fils, mon fils \u00bb, me dit-elle, \u00ab je ne l&rsquo;ai pas vu depuis 12 ans \u00bb.<\/p>\n<p>\u00abRien, pas d\u2019appel t\u00e9l\u00e9phonique.\u00bb<\/p>\n<p>Pour les familles comme la sienne, la recherche est devenue une pr\u00e9occupation \u00e0 plein temps. La d\u00e9tention et le meurtre de toute personne s\u2019opposant au r\u00e9gime d\u2019Assad semblent avoir \u00e9t\u00e9 men\u00e9s jusqu\u2019au bout. La d\u00e9pouille d&rsquo;Ahmed al Khatib a \u00e9t\u00e9 transport\u00e9e \u00e0 la h\u00e2te dans une voiture qui l&rsquo;attendait, par sa famille. Sa famille affirme qu&rsquo;il a \u00e9t\u00e9 arr\u00eat\u00e9 24 heures avant la chute du r\u00e9gime.<br \/>\nIl fut l&rsquo;un des derniers \u00e0 mourir. Il y en eut des centaines de milliers avant lui.<\/p>\n<p>Source Stuart Ramsey, news.sky.com<\/p>\n<p>*Le titre est de la r\u00e9daction de www.lesoleil.bf<\/p>\n","protected":false},"excerpt":{"rendered":"<p>Partout \u00e0 Damas, les recherches pour retrouver les disparus sont d\u00e9sesp\u00e9r\u00e9es, les familles cherchant elles-m\u00eames dans les morgues, dans l&rsquo;espoir \u2013 et la crainte \u2013 de retrouver leurs proches. Depuis des ann\u00e9es, on nous parle d\u2019arrestations massives, de disparitions et d\u2019assassinats de quiconque s\u2019oppose de pr\u00e8s ou de loin au r\u00e9gime syrien de Bachar al-Assad. [&hellip;]<\/p>\n","protected":false},"author":1,"featured_media":1771,"comment_status":"open","ping_status":"open","sticky":false,"template":"","format":"standard","meta":{"site-sidebar-layout":"default","site-content-layout":"","ast-site-content-layout":"default","site-content-style":"default","site-sidebar-style":"default","ast-global-header-display":"","ast-banner-title-visibility":"","ast-main-header-display":"","ast-hfb-above-header-display":"","ast-hfb-below-header-display":"","ast-hfb-mobile-header-display":"","site-post-title":"","ast-breadcrumbs-content":"","ast-featured-img":"","footer-sml-layout":"","theme-transparent-header-meta":"default","adv-header-id-meta":"","stick-header-meta":"","header-above-stick-meta":"","header-main-stick-meta":"","header-below-stick-meta":"","astra-migrate-meta-layouts":"set","ast-page-background-enabled":"default","ast-page-background-meta":{"desktop":{"background-color":"var(--ast-global-color-4)","background-image":"","background-repeat":"repeat","background-position":"center center","background-size":"auto","background-attachment":"scroll","background-type":"","background-media":"","overlay-type":"","overlay-color":"","overlay-opacity":"","overlay-gradient":""},"tablet":{"background-color":"","background-image":"","background-repeat":"repeat","background-position":"center center","background-size":"auto","background-attachment":"scroll","background-type":"","background-media":"","overlay-type":"","overlay-color":"","overlay-opacity":"","overlay-gradient":""},"mobile":{"background-color":"","background-image":"","background-repeat":"repeat","background-position":"center center","background-size":"auto","background-attachment":"scroll","background-type":"","background-media":"","overlay-type":"","overlay-color":"","overlay-opacity":"","overlay-gradient":""}},"ast-content-background-meta":{"desktop":{"background-color":"var(--ast-global-color-5)","background-image":"","background-repeat":"repeat","background-position":"center center","background-size":"auto","background-attachment":"scroll","background-type":"","background-media":"","overlay-type":"","overlay-color":"","overlay-opacity":"","overlay-gradient":""},"tablet":{"background-color":"var(--ast-global-color-5)","background-image":"","background-repeat":"repeat","background-position":"center center","background-size":"auto","background-attachment":"scroll","background-type":"","background-media":"","overlay-type":"","overlay-color":"","overlay-opacity":"","overlay-gradient":""},"mobile":{"background-color":"var(--ast-global-color-5)","background-image":"","background-repeat":"repeat","background-position":"center center","background-size":"auto","background-attachment":"scroll","background-type":"","background-media":"","overlay-type":"","overlay-color":"","overlay-opacity":"","overlay-gradient":""}},"footnotes":""},"categories":[9],"tags":[127],"class_list":["post-1767","post","type-post","status-publish","format-standard","has-post-thumbnail","hentry","category-politique","tag-chutte-du-regime-syrien"],"_links":{"self":[{"href":"https:\/\/lesoleil.bf\/index.php\/wp-json\/wp\/v2\/posts\/1767","targetHints":{"allow":["GET"]}}],"collection":[{"href":"https:\/\/lesoleil.bf\/index.php\/wp-json\/wp\/v2\/posts"}],"about":[{"href":"https:\/\/lesoleil.bf\/index.php\/wp-json\/wp\/v2\/types\/post"}],"author":[{"embeddable":true,"href":"https:\/\/lesoleil.bf\/index.php\/wp-json\/wp\/v2\/users\/1"}],"replies":[{"embeddable":true,"href":"https:\/\/lesoleil.bf\/index.php\/wp-json\/wp\/v2\/comments?post=1767"}],"version-history":[{"count":2,"href":"https:\/\/lesoleil.bf\/index.php\/wp-json\/wp\/v2\/posts\/1767\/revisions"}],"predecessor-version":[{"id":1772,"href":"https:\/\/lesoleil.bf\/index.php\/wp-json\/wp\/v2\/posts\/1767\/revisions\/1772"}],"wp:featuredmedia":[{"embeddable":true,"href":"https:\/\/lesoleil.bf\/index.php\/wp-json\/wp\/v2\/media\/1771"}],"wp:attachment":[{"href":"https:\/\/lesoleil.bf\/index.php\/wp-json\/wp\/v2\/media?parent=1767"}],"wp:term":[{"taxonomy":"category","embeddable":true,"href":"https:\/\/lesoleil.bf\/index.php\/wp-json\/wp\/v2\/categories?post=1767"},{"taxonomy":"post_tag","embeddable":true,"href":"https:\/\/lesoleil.bf\/index.php\/wp-json\/wp\/v2\/tags?post=1767"}],"curies":[{"name":"wp","href":"https:\/\/api.w.org\/{rel}","templated":true}]}}