{"id":1746,"date":"2024-12-11T09:56:46","date_gmt":"2024-12-11T09:56:46","guid":{"rendered":"https:\/\/lesoleil.bf\/?p=1746"},"modified":"2024-12-11T09:59:18","modified_gmt":"2024-12-11T09:59:18","slug":"remaniement-ministeriel-quelques-petits-changements","status":"publish","type":"post","link":"https:\/\/lesoleil.bf\/index.php\/2024\/12\/11\/remaniement-ministeriel-quelques-petits-changements\/","title":{"rendered":"Remaniement minist\u00e9riel: Quelques petits changements ."},"content":{"rendered":"<p>Ce dimanche 8 d\u00e9cembre 2024, le Gouvernement du Burkina Faso a \u00e9t\u00e9 renouvel\u00e9.<br \/>\nQuelques d\u00e9parts significatifs Agriculture Le Commandant Sombi\u00e9 devient Ministre d&rsquo;Etat<\/p>\n<p>\u25aaLe G\u00e9n\u00e9ral de brigade, C\u00e9lestin Simpor\u00e9 nomm\u00e9 ministre de la D\u00e9fense nationale<\/p>\n<p>\u25aaGilbert Pengwend\u00e9 Ou\u00e9draogo nomm\u00e9 ministre de la Communication, de la Culture, des Arts et du Tourisme .<\/p>\n<p>\u25aaFonction publique : Mathias Traor\u00e9 remplace Bassolma Bazi\u00e9<\/p>\n<p>\u25aaCommandant P\u00e9lagie Kabor\u00e9 remplace Nandy Som\u00e9 \u00e0 l&rsquo;Action humanitaire.<\/p>\n<hr \/>\n<p>&lt;&lt;Je prends mes fonctions \u00e0 la t\u00eate du gouvernement \u00e0 un moment o\u00f9, certes il y a des acquis sur plusieurs chantiers, mais les Burkinab\u00e8 nourrissent encore beaucoup d\u2019espoir et d\u2019attente. Ils souhaitent revoir le pays pacifi\u00e9 pour mener \u00e0 bien leurs activit\u00e9s dans la qui\u00e9tude. Ils souhaitent vivre dans un pays pleinement souverain, et totalement reconquis. Les Burkinab\u00e8 attendent \u00e9galement la mise en \u0153uvre diligentes de grands projets structurants \u00e0 m\u00eame d\u2019am\u00e9liorer significativement leurs conditions de vie. Les d\u00e9fis sont nombreux sur le plan de la s\u00e9curit\u00e9, de la sant\u00e9, de l\u2019\u00e9ducation, de l\u2019autosuffisance alimentaire, des infrastructures, pour ne citer que ces domaines. Je prends donc mes fonctions dans ce contexte difficile o\u00f9 il faut faire la guerre tout en actionnant sur les manettes du d\u00e9veloppement socio\u00e9conomique harmonieux. J\u2019aborde donc cette nouvelle fonction avec responsabilit\u00e9 et engagement. Il s\u2019agira pour nous de mobiliser l\u2019\u00e9quipe gouvernementale pour la mise en \u0153uvre diligente et efficace des orientations de Son Excellence Monsieur le Pr\u00e9sident du Faso, Chef de l\u2019Etat. Face aux d\u00e9fis actuels, nous devons intensifier les efforts sur tous les fronts, pour montrer \u00e0 la face du monde, la r\u00e9silience, l\u2019attractivit\u00e9 de notre pays et la d\u00e9termination de notre peuple \u00e0 triompher du combat engag\u00e9 contre les forces du mal et pour son ind\u00e9pendance v\u00e9ritable&gt;&gt;, dixit Rimtalba Jean Emmanuel OUEDRAOGO, Premier ministre du Burkina Faso \u00e0 l&rsquo;occasion de la c\u00e9r\u00e9monie de sa prise de fonction.<\/p>\n<p><img loading=\"lazy\" decoding=\"async\" class=\"alignnone wp-image-1750 size-full\" src=\"https:\/\/lesoleil.bf\/wp-content\/uploads\/2024\/12\/Rimtalba-Jean-Emmanuel-OUEDRAOGO-Premier-ministre-du-Burkina-Faso.jpeg\" alt=\"\" width=\"720\" height=\"473\" srcset=\"https:\/\/lesoleil.bf\/wp-content\/uploads\/2024\/12\/Rimtalba-Jean-Emmanuel-OUEDRAOGO-Premier-ministre-du-Burkina-Faso.jpeg 720w, https:\/\/lesoleil.bf\/wp-content\/uploads\/2024\/12\/Rimtalba-Jean-Emmanuel-OUEDRAOGO-Premier-ministre-du-Burkina-Faso-300x197.jpeg 300w\" sizes=\"auto, (max-width: 720px) 100vw, 720px\" \/><\/p>\n","protected":false},"excerpt":{"rendered":"<p>Ce dimanche 8 d\u00e9cembre 2024, le Gouvernement du Burkina Faso a \u00e9t\u00e9 renouvel\u00e9. Quelques d\u00e9parts significatifs Agriculture Le Commandant Sombi\u00e9 devient Ministre d&rsquo;Etat \u25aaLe G\u00e9n\u00e9ral de brigade, C\u00e9lestin Simpor\u00e9 nomm\u00e9 ministre de la D\u00e9fense nationale \u25aaGilbert Pengwend\u00e9 Ou\u00e9draogo nomm\u00e9 ministre de la Communication, de la Culture, des Arts et du Tourisme . \u25aaFonction publique : [&hellip;]<\/p>\n","protected":false},"author":1,"featured_media":1747,"comment_status":"open","ping_status":"open","sticky":false,"template":"","format":"standard","meta":{"site-sidebar-layout":"default","site-content-layout":"","ast-site-content-layout":"default","site-content-style":"default","site-sidebar-style":"default","ast-global-header-display":"","ast-banner-title-visibility":"","ast-main-header-display":"","ast-hfb-above-header-display":"","ast-hfb-below-header-display":"","ast-hfb-mobile-header-display":"","site-post-title":"","ast-breadcrumbs-content":"","ast-featured-img":"","footer-sml-layout":"","theme-transparent-header-meta":"default","adv-header-id-meta":"","stick-header-meta":"","header-above-stick-meta":"","header-main-stick-meta":"","header-below-stick-meta":"","astra-migrate-meta-layouts":"set","ast-page-background-enabled":"default","ast-page-background-meta":{"desktop":{"background-color":"var(--ast-global-color-4)","background-image":"","background-repeat":"repeat","background-position":"center center","background-size":"auto","background-attachment":"scroll","background-type":"","background-media":"","overlay-type":"","overlay-color":"","overlay-opacity":"","overlay-gradient":""},"tablet":{"background-color":"","background-image":"","background-repeat":"repeat","background-position":"center center","background-size":"auto","background-attachment":"scroll","background-type":"","background-media":"","overlay-type":"","overlay-color":"","overlay-opacity":"","overlay-gradient":""},"mobile":{"background-color":"","background-image":"","background-repeat":"repeat","background-position":"center center","background-size":"auto","background-attachment":"scroll","background-type":"","background-media":"","overlay-type":"","overlay-color":"","overlay-opacity":"","overlay-gradient":""}},"ast-content-background-meta":{"desktop":{"background-color":"var(--ast-global-color-5)","background-image":"","background-repeat":"repeat","background-position":"center center","background-size":"auto","background-attachment":"scroll","background-type":"","background-media":"","overlay-type":"","overlay-color":"","overlay-opacity":"","overlay-gradient":""},"tablet":{"background-color":"var(--ast-global-color-5)","background-image":"","background-repeat":"repeat","background-position":"center center","background-size":"auto","background-attachment":"scroll","background-type":"","background-media":"","overlay-type":"","overlay-color":"","overlay-opacity":"","overlay-gradient":""},"mobile":{"background-color":"var(--ast-global-color-5)","background-image":"","background-repeat":"repeat","background-position":"center center","background-size":"auto","background-attachment":"scroll","background-type":"","background-media":"","overlay-type":"","overlay-color":"","overlay-opacity":"","overlay-gradient":""}},"footnotes":""},"categories":[9],"tags":[],"class_list":["post-1746","post","type-post","status-publish","format-standard","has-post-thumbnail","hentry","category-politique"],"_links":{"self":[{"href":"https:\/\/lesoleil.bf\/index.php\/wp-json\/wp\/v2\/posts\/1746","targetHints":{"allow":["GET"]}}],"collection":[{"href":"https:\/\/lesoleil.bf\/index.php\/wp-json\/wp\/v2\/posts"}],"about":[{"href":"https:\/\/lesoleil.bf\/index.php\/wp-json\/wp\/v2\/types\/post"}],"author":[{"embeddable":true,"href":"https:\/\/lesoleil.bf\/index.php\/wp-json\/wp\/v2\/users\/1"}],"replies":[{"embeddable":true,"href":"https:\/\/lesoleil.bf\/index.php\/wp-json\/wp\/v2\/comments?post=1746"}],"version-history":[{"count":3,"href":"https:\/\/lesoleil.bf\/index.php\/wp-json\/wp\/v2\/posts\/1746\/revisions"}],"predecessor-version":[{"id":1751,"href":"https:\/\/lesoleil.bf\/index.php\/wp-json\/wp\/v2\/posts\/1746\/revisions\/1751"}],"wp:featuredmedia":[{"embeddable":true,"href":"https:\/\/lesoleil.bf\/index.php\/wp-json\/wp\/v2\/media\/1747"}],"wp:attachment":[{"href":"https:\/\/lesoleil.bf\/index.php\/wp-json\/wp\/v2\/media?parent=1746"}],"wp:term":[{"taxonomy":"category","embeddable":true,"href":"https:\/\/lesoleil.bf\/index.php\/wp-json\/wp\/v2\/categories?post=1746"},{"taxonomy":"post_tag","embeddable":true,"href":"https:\/\/lesoleil.bf\/index.php\/wp-json\/wp\/v2\/tags?post=1746"}],"curies":[{"name":"wp","href":"https:\/\/api.w.org\/{rel}","templated":true}]}}