{"id":1726,"date":"2024-12-04T09:28:11","date_gmt":"2024-12-04T09:28:11","guid":{"rendered":"https:\/\/lesoleil.bf\/?p=1726"},"modified":"2024-12-04T10:30:26","modified_gmt":"2024-12-04T10:30:26","slug":"panier-du-sitho-la-cour-royale-de-tiebele","status":"publish","type":"post","link":"https:\/\/lesoleil.bf\/index.php\/2024\/12\/04\/panier-du-sitho-la-cour-royale-de-tiebele\/","title":{"rendered":"Panier du SITHO : La cour royale de TIEBELE"},"content":{"rendered":"<p>Selon le site officiel de l&rsquo;UNESCO, c&rsquo;est un site d&rsquo;une importance incontestable. &lt;&lt;Ce bien est un ensemble architectural en terre install\u00e9 depuis le XVIe si\u00e8cle et t\u00e9moignant de l\u2019organisation sociale et des valeurs culturelles du peuple Kasena. Cl\u00f4tur\u00e9e par un mur d\u2019enceinte d\u00e9fensif, la Cour royale est compos\u00e9e d\u2019un ensemble d\u2019\u00e9difices organis\u00e9s en concessions distinctes et s\u00e9par\u00e9s par des murs et des passages les reliant aux lieux de c\u00e9r\u00e9monies ou de rassemblement ext\u00e9rieurs \u00e0 l\u2019enclos. Construites par les hommes de la Cour royale, les habitations furent ensuite d\u00e9cor\u00e9es de peintures symboliques r\u00e9alis\u00e9es par les femmes, seules d\u00e9tentrices du savoir et charg\u00e9es de sa transmission&gt;&gt;, peut-on y lire.<\/p>\n<p><img loading=\"lazy\" decoding=\"async\" class=\"sFlh5c FyHeAf iPVvYb\" src=\"https:\/\/lepetitjournalafricain.com\/wp-content\/uploads\/2024\/07\/Cours-royale-de-tiebele-burkina-faso.webp\" alt=\"Burkina Faso: Inscription de la Cour Royale de Ti\u00e9b\u00e9l\u00e9 au patrimoine mondial de l'UNESCO - Actualit\u00e9s S\u00e9n\u00e9galaise et Ouest africaine\" width=\"407\" height=\"271\" aria-hidden=\"false\" \/><img loading=\"lazy\" decoding=\"async\" class=\"alignnone  wp-image-1738\" src=\"https:\/\/lesoleil.bf\/wp-content\/uploads\/2024\/12\/Cour-Royale-de-Telebele-300x179.jpg\" alt=\"\" width=\"458\" height=\"273\" srcset=\"https:\/\/lesoleil.bf\/wp-content\/uploads\/2024\/12\/Cour-Royale-de-Telebele-300x179.jpg 300w, https:\/\/lesoleil.bf\/wp-content\/uploads\/2024\/12\/Cour-Royale-de-Telebele.jpg 620w\" sizes=\"auto, (max-width: 458px) 100vw, 458px\" \/><\/p>\n<p>\u00ab\u00a0site_1713_0013-1000-932-20240326113819.jpg (1000\u00d7932)\u00a0\u00bb https:\/\/whc.unesco.org\/uploads\/thumbs\/site_1713_0013-1000-932-20240326113819.jpg<br \/>\nhttps:\/\/www.facebook.com\/macka.diaby.547\/videos\/2261731584226155\/?mibextid=rS40aB7S9Ucbxw6v<\/p>\n","protected":false},"excerpt":{"rendered":"<p>Selon le site officiel de l&rsquo;UNESCO, c&rsquo;est un site d&rsquo;une importance incontestable. &lt;&lt;Ce bien est un ensemble architectural en terre install\u00e9 depuis le XVIe si\u00e8cle et t\u00e9moignant de l\u2019organisation sociale et des valeurs culturelles du peuple Kasena. Cl\u00f4tur\u00e9e par un mur d\u2019enceinte d\u00e9fensif, la Cour royale est compos\u00e9e d\u2019un ensemble d\u2019\u00e9difices organis\u00e9s en concessions distinctes [&hellip;]<\/p>\n","protected":false},"author":1,"featured_media":1727,"comment_status":"open","ping_status":"open","sticky":false,"template":"","format":"standard","meta":{"site-sidebar-layout":"default","site-content-layout":"","ast-site-content-layout":"default","site-content-style":"default","site-sidebar-style":"default","ast-global-header-display":"","ast-banner-title-visibility":"","ast-main-header-display":"","ast-hfb-above-header-display":"","ast-hfb-below-header-display":"","ast-hfb-mobile-header-display":"","site-post-title":"","ast-breadcrumbs-content":"","ast-featured-img":"","footer-sml-layout":"","theme-transparent-header-meta":"default","adv-header-id-meta":"","stick-header-meta":"","header-above-stick-meta":"","header-main-stick-meta":"","header-below-stick-meta":"","astra-migrate-meta-layouts":"set","ast-page-background-enabled":"default","ast-page-background-meta":{"desktop":{"background-color":"var(--ast-global-color-4)","background-image":"","background-repeat":"repeat","background-position":"center center","background-size":"auto","background-attachment":"scroll","background-type":"","background-media":"","overlay-type":"","overlay-color":"","overlay-opacity":"","overlay-gradient":""},"tablet":{"background-color":"","background-image":"","background-repeat":"repeat","background-position":"center center","background-size":"auto","background-attachment":"scroll","background-type":"","background-media":"","overlay-type":"","overlay-color":"","overlay-opacity":"","overlay-gradient":""},"mobile":{"background-color":"","background-image":"","background-repeat":"repeat","background-position":"center center","background-size":"auto","background-attachment":"scroll","background-type":"","background-media":"","overlay-type":"","overlay-color":"","overlay-opacity":"","overlay-gradient":""}},"ast-content-background-meta":{"desktop":{"background-color":"var(--ast-global-color-5)","background-image":"","background-repeat":"repeat","background-position":"center center","background-size":"auto","background-attachment":"scroll","background-type":"","background-media":"","overlay-type":"","overlay-color":"","overlay-opacity":"","overlay-gradient":""},"tablet":{"background-color":"var(--ast-global-color-5)","background-image":"","background-repeat":"repeat","background-position":"center center","background-size":"auto","background-attachment":"scroll","background-type":"","background-media":"","overlay-type":"","overlay-color":"","overlay-opacity":"","overlay-gradient":""},"mobile":{"background-color":"var(--ast-global-color-5)","background-image":"","background-repeat":"repeat","background-position":"center center","background-size":"auto","background-attachment":"scroll","background-type":"","background-media":"","overlay-type":"","overlay-color":"","overlay-opacity":"","overlay-gradient":""}},"footnotes":""},"categories":[7],"tags":[120],"class_list":["post-1726","post","type-post","status-publish","format-standard","has-post-thumbnail","hentry","category-culture","tag-cour-royale-de-tebele"],"_links":{"self":[{"href":"https:\/\/lesoleil.bf\/index.php\/wp-json\/wp\/v2\/posts\/1726","targetHints":{"allow":["GET"]}}],"collection":[{"href":"https:\/\/lesoleil.bf\/index.php\/wp-json\/wp\/v2\/posts"}],"about":[{"href":"https:\/\/lesoleil.bf\/index.php\/wp-json\/wp\/v2\/types\/post"}],"author":[{"embeddable":true,"href":"https:\/\/lesoleil.bf\/index.php\/wp-json\/wp\/v2\/users\/1"}],"replies":[{"embeddable":true,"href":"https:\/\/lesoleil.bf\/index.php\/wp-json\/wp\/v2\/comments?post=1726"}],"version-history":[{"count":3,"href":"https:\/\/lesoleil.bf\/index.php\/wp-json\/wp\/v2\/posts\/1726\/revisions"}],"predecessor-version":[{"id":1740,"href":"https:\/\/lesoleil.bf\/index.php\/wp-json\/wp\/v2\/posts\/1726\/revisions\/1740"}],"wp:featuredmedia":[{"embeddable":true,"href":"https:\/\/lesoleil.bf\/index.php\/wp-json\/wp\/v2\/media\/1727"}],"wp:attachment":[{"href":"https:\/\/lesoleil.bf\/index.php\/wp-json\/wp\/v2\/media?parent=1726"}],"wp:term":[{"taxonomy":"category","embeddable":true,"href":"https:\/\/lesoleil.bf\/index.php\/wp-json\/wp\/v2\/categories?post=1726"},{"taxonomy":"post_tag","embeddable":true,"href":"https:\/\/lesoleil.bf\/index.php\/wp-json\/wp\/v2\/tags?post=1726"}],"curies":[{"name":"wp","href":"https:\/\/api.w.org\/{rel}","templated":true}]}}