{"id":1723,"date":"2024-12-04T09:22:41","date_gmt":"2024-12-04T09:22:41","guid":{"rendered":"https:\/\/lesoleil.bf\/?p=1723"},"modified":"2024-12-04T09:22:41","modified_gmt":"2024-12-04T09:22:41","slug":"communique-de-presse","status":"publish","type":"post","link":"https:\/\/lesoleil.bf\/index.php\/2024\/12\/04\/communique-de-presse\/","title":{"rendered":"COMMUNIQUE DE PRESSE"},"content":{"rendered":"<p>(Bobo-Dioulasso, 29 novembre 2024). Le Pr\u00e9sident du Faso, Chef de l\u2019Etat, le Capitaine Ibrahim TRAORE proc\u00e8dera ce samedi 30 novembre, \u00e0 l\u2019inauguration de l\u2019usine de transformation de tomate dans la ville de Sya, capitale \u00e9conomique du Burkina Faso.<br \/>\nL\u2019usine dont les travaux de construction ont \u00e9t\u00e9 lanc\u00e9s par le Chef de l\u2019Etat, le 23 septembre 2023, est pr\u00eate \u00e0 mettre sur le march\u00e9 ses premiers produits.<\/p>\n<p>D\u2019un co\u00fbt de r\u00e9alisation estim\u00e9 \u00e0 7.5 milliards de FCFA soit 80% de fonds propres gr\u00e2ce \u00e0 l\u2019actionnariat populaire et 20% de participation de l\u2019Etat, cette usine entre dans le cadre du programme de l\u2019entrepreneuriat communautaire pilot\u00e9 par l\u2019Agence pour la promotion de l\u2019entrepreneuriat communautaire (APEC).<br \/>\nL\u2019usine de transformation de tomate de Bobo-Dioulasso va contribuer au d\u00e9veloppement d\u2019un secteur industriel et agricole comp\u00e9titif \u00e0 forte valeur ajout\u00e9e. Elle vise \u00e0 accro\u00eetre et \u00e0 absorber la majorit\u00e9 de la production locale de tomate pour une transformation interne au Burkina Faso.<br \/>\nCette usine va dynamiser l\u2019ensemble de la cha\u00eene avec des effets moteurs importants et la cr\u00e9ation d\u2019un grand nombre d\u2019emplois. Pour sa premi\u00e8re ann\u00e9e de fonctionnement, ce sont 180 emplois directs et 1 500 emplois indirects qui seront cr\u00e9\u00e9s et pour atteindre sa vitesse de croisi\u00e8re 3 000 emplois indirects.<br \/>\nAu-del\u00e0 de son impact au niveau des producteurs de tomate et de la cr\u00e9ation d\u2019emplois, l\u2019activit\u00e9 de cette usine va contribuer \u00e0 atteindre la s\u00e9curit\u00e9 alimentaire par la mise \u00e0 la disposition des Burkinab\u00e8 de produits finis de qualit\u00e9.<\/p>\n<p>Direction de la communication de la Pr\u00e9sidence du Faso<\/p>\n","protected":false},"excerpt":{"rendered":"<p>(Bobo-Dioulasso, 29 novembre 2024). Le Pr\u00e9sident du Faso, Chef de l\u2019Etat, le Capitaine Ibrahim TRAORE proc\u00e8dera ce samedi 30 novembre, \u00e0 l\u2019inauguration de l\u2019usine de transformation de tomate dans la ville de Sya, capitale \u00e9conomique du Burkina Faso. L\u2019usine dont les travaux de construction ont \u00e9t\u00e9 lanc\u00e9s par le Chef de l\u2019Etat, le 23 septembre [&hellip;]<\/p>\n","protected":false},"author":1,"featured_media":1724,"comment_status":"open","ping_status":"open","sticky":false,"template":"","format":"standard","meta":{"site-sidebar-layout":"default","site-content-layout":"","ast-site-content-layout":"default","site-content-style":"default","site-sidebar-style":"default","ast-global-header-display":"","ast-banner-title-visibility":"","ast-main-header-display":"","ast-hfb-above-header-display":"","ast-hfb-below-header-display":"","ast-hfb-mobile-header-display":"","site-post-title":"","ast-breadcrumbs-content":"","ast-featured-img":"","footer-sml-layout":"","theme-transparent-header-meta":"default","adv-header-id-meta":"","stick-header-meta":"","header-above-stick-meta":"","header-main-stick-meta":"","header-below-stick-meta":"","astra-migrate-meta-layouts":"set","ast-page-background-enabled":"default","ast-page-background-meta":{"desktop":{"background-color":"var(--ast-global-color-4)","background-image":"","background-repeat":"repeat","background-position":"center center","background-size":"auto","background-attachment":"scroll","background-type":"","background-media":"","overlay-type":"","overlay-color":"","overlay-opacity":"","overlay-gradient":""},"tablet":{"background-color":"","background-image":"","background-repeat":"repeat","background-position":"center center","background-size":"auto","background-attachment":"scroll","background-type":"","background-media":"","overlay-type":"","overlay-color":"","overlay-opacity":"","overlay-gradient":""},"mobile":{"background-color":"","background-image":"","background-repeat":"repeat","background-position":"center center","background-size":"auto","background-attachment":"scroll","background-type":"","background-media":"","overlay-type":"","overlay-color":"","overlay-opacity":"","overlay-gradient":""}},"ast-content-background-meta":{"desktop":{"background-color":"var(--ast-global-color-5)","background-image":"","background-repeat":"repeat","background-position":"center center","background-size":"auto","background-attachment":"scroll","background-type":"","background-media":"","overlay-type":"","overlay-color":"","overlay-opacity":"","overlay-gradient":""},"tablet":{"background-color":"var(--ast-global-color-5)","background-image":"","background-repeat":"repeat","background-position":"center center","background-size":"auto","background-attachment":"scroll","background-type":"","background-media":"","overlay-type":"","overlay-color":"","overlay-opacity":"","overlay-gradient":""},"mobile":{"background-color":"var(--ast-global-color-5)","background-image":"","background-repeat":"repeat","background-position":"center center","background-size":"auto","background-attachment":"scroll","background-type":"","background-media":"","overlay-type":"","overlay-color":"","overlay-opacity":"","overlay-gradient":""}},"footnotes":""},"categories":[1],"tags":[],"class_list":["post-1723","post","type-post","status-publish","format-standard","has-post-thumbnail","hentry","category-annonces"],"_links":{"self":[{"href":"https:\/\/lesoleil.bf\/index.php\/wp-json\/wp\/v2\/posts\/1723","targetHints":{"allow":["GET"]}}],"collection":[{"href":"https:\/\/lesoleil.bf\/index.php\/wp-json\/wp\/v2\/posts"}],"about":[{"href":"https:\/\/lesoleil.bf\/index.php\/wp-json\/wp\/v2\/types\/post"}],"author":[{"embeddable":true,"href":"https:\/\/lesoleil.bf\/index.php\/wp-json\/wp\/v2\/users\/1"}],"replies":[{"embeddable":true,"href":"https:\/\/lesoleil.bf\/index.php\/wp-json\/wp\/v2\/comments?post=1723"}],"version-history":[{"count":1,"href":"https:\/\/lesoleil.bf\/index.php\/wp-json\/wp\/v2\/posts\/1723\/revisions"}],"predecessor-version":[{"id":1725,"href":"https:\/\/lesoleil.bf\/index.php\/wp-json\/wp\/v2\/posts\/1723\/revisions\/1725"}],"wp:featuredmedia":[{"embeddable":true,"href":"https:\/\/lesoleil.bf\/index.php\/wp-json\/wp\/v2\/media\/1724"}],"wp:attachment":[{"href":"https:\/\/lesoleil.bf\/index.php\/wp-json\/wp\/v2\/media?parent=1723"}],"wp:term":[{"taxonomy":"category","embeddable":true,"href":"https:\/\/lesoleil.bf\/index.php\/wp-json\/wp\/v2\/categories?post=1723"},{"taxonomy":"post_tag","embeddable":true,"href":"https:\/\/lesoleil.bf\/index.php\/wp-json\/wp\/v2\/tags?post=1723"}],"curies":[{"name":"wp","href":"https:\/\/api.w.org\/{rel}","templated":true}]}}