{"id":1707,"date":"2024-11-27T14:34:56","date_gmt":"2024-11-27T14:34:56","guid":{"rendered":"https:\/\/lesoleil.bf\/?p=1707"},"modified":"2024-11-27T14:34:56","modified_gmt":"2024-11-27T14:34:56","slug":"promotion-du-leadership-au-feminin-les-femmes-du-mccat-partagent-leurs-experiences","status":"publish","type":"post","link":"https:\/\/lesoleil.bf\/index.php\/2024\/11\/27\/promotion-du-leadership-au-feminin-les-femmes-du-mccat-partagent-leurs-experiences\/","title":{"rendered":"Promotion du leadership au f\u00e9minin : les femmes du MCCAT partagent leurs exp\u00e9riences"},"content":{"rendered":"<p>A l&rsquo;occasion de l&rsquo;atelier de partage d&rsquo;exp\u00e9riences sur le leadership au f\u00e9minin qui se tient les 25 et 26 novembre 2024 \u00e0 Bobo-Dioulasso, les femmes du minist\u00e8re de la Communication, de la Culture, des Arts et du Tourisme ont eu droit \u00e0 une communication sur les d\u00e9fis et les obstacles rencontr\u00e9s par les femmes leaders et une s\u00e9ance de partages d&rsquo;exp\u00e9riences au cours de la premi\u00e8re journ\u00e9e de travail.<\/p>\n<p><img loading=\"lazy\" decoding=\"async\" class=\"alignnone size-medium wp-image-1708\" src=\"https:\/\/lesoleil.bf\/wp-content\/uploads\/2024\/11\/Sans-titre5-300x173.jpg\" alt=\"\" width=\"300\" height=\"173\" srcset=\"https:\/\/lesoleil.bf\/wp-content\/uploads\/2024\/11\/Sans-titre5-300x173.jpg 300w, https:\/\/lesoleil.bf\/wp-content\/uploads\/2024\/11\/Sans-titre5.jpg 720w\" sizes=\"auto, (max-width: 300px) 100vw, 300px\" \/> <img loading=\"lazy\" decoding=\"async\" class=\"alignnone size-medium wp-image-1709\" src=\"https:\/\/lesoleil.bf\/wp-content\/uploads\/2024\/11\/Sans-titre4-300x177.jpg\" alt=\"\" width=\"300\" height=\"177\" srcset=\"https:\/\/lesoleil.bf\/wp-content\/uploads\/2024\/11\/Sans-titre4-300x177.jpg 300w, https:\/\/lesoleil.bf\/wp-content\/uploads\/2024\/11\/Sans-titre4.jpg 720w\" sizes=\"auto, (max-width: 300px) 100vw, 300px\" \/> <img loading=\"lazy\" decoding=\"async\" class=\"alignnone size-medium wp-image-1710\" src=\"https:\/\/lesoleil.bf\/wp-content\/uploads\/2024\/11\/Sans-titre3-300x169.jpg\" alt=\"\" width=\"300\" height=\"169\" srcset=\"https:\/\/lesoleil.bf\/wp-content\/uploads\/2024\/11\/Sans-titre3-300x169.jpg 300w, https:\/\/lesoleil.bf\/wp-content\/uploads\/2024\/11\/Sans-titre3.jpg 720w\" sizes=\"auto, (max-width: 300px) 100vw, 300px\" \/> <img loading=\"lazy\" decoding=\"async\" class=\"alignnone size-medium wp-image-1711\" src=\"https:\/\/lesoleil.bf\/wp-content\/uploads\/2024\/11\/Sans-titre2-300x169.jpg\" alt=\"\" width=\"300\" height=\"169\" srcset=\"https:\/\/lesoleil.bf\/wp-content\/uploads\/2024\/11\/Sans-titre2-300x169.jpg 300w, https:\/\/lesoleil.bf\/wp-content\/uploads\/2024\/11\/Sans-titre2.jpg 720w\" sizes=\"auto, (max-width: 300px) 100vw, 300px\" \/> <img loading=\"lazy\" decoding=\"async\" class=\"alignnone size-medium wp-image-1712\" src=\"https:\/\/lesoleil.bf\/wp-content\/uploads\/2024\/11\/Sans-titre1-300x169.jpg\" alt=\"\" width=\"300\" height=\"169\" srcset=\"https:\/\/lesoleil.bf\/wp-content\/uploads\/2024\/11\/Sans-titre1-300x169.jpg 300w, https:\/\/lesoleil.bf\/wp-content\/uploads\/2024\/11\/Sans-titre1.jpg 720w\" sizes=\"auto, (max-width: 300px) 100vw, 300px\" \/><\/p>\n<p>La communication a \u00e9t\u00e9 assur\u00e9e par Monsieur Armel OU\u00c9DRAOGO, Conseiller en promotion du genre. Pour lui, le leadership rel\u00e8ve d&rsquo;un savoir, d&rsquo;un savoir-\u00eatre et d&rsquo;un savoir-faire qui peut s&rsquo;acqu\u00e9rir au fil du temps et par l&rsquo;apprentissage. Les obstacles au leadership f\u00e9minin sont d&rsquo;ordres socioculturels, socio-\u00e9conomiques, juridiques et politiques. L&rsquo;on note \u00e9galement le manque en soi et par cons\u00e9quent, d&rsquo;affirmation de soi. En terme de d\u00e9fis, il rel\u00e8ve le manque d&rsquo;estime de soi, de confiance en soi, d&rsquo;affirmation de soi.<br \/>\nPour finir, il a interpell\u00e9 sur la n\u00e9cessit\u00e9 de renforcer l&rsquo;intelligence \u00e9motionnelle, d&rsquo;accepter commencer, de toujours pers\u00e9v\u00e9rer, de respecter les valeurs morales et \u00e9thiques, de renforcer l&rsquo;instruction, la formation, la communication, la sensibilisation et le plaidoyer.<\/p>\n<p>A l&rsquo;issue de cette communication, Madame Batour\u00e9 LAMIZANA, Conseill\u00e8re technique du ministre en charge du Tourisme, madame Aline CARAMA, Charg\u00e9e de mission au MCCAT, madame Rosalie BALIMA, agent \u00e0 L&rsquo;Office national du tourisme burkinab\u00e8 et ex Directrice g\u00e9n\u00e9rale du tourisme entre autres, madame Christiane SANON, Directrice g\u00e9n\u00e9rale de la Semaine nationale de la culture ont partag\u00e9 leurs exp\u00e9riences avec les femmes sous la mod\u00e9ration de la Directrice g\u00e9n\u00e9rale du tourisme, madame Monique OU\u00c9DRAOGO.<\/p>\n<p>Cette premi\u00e8re journ\u00e9e a \u00e9t\u00e9 un riche moment d&rsquo;apprentissage, d&rsquo;\u00e9changes et de partage d&rsquo;exp\u00e9riences qui a contribu\u00e9 au renforcement de l&rsquo;engagement et du leadership des femmes ainsi que de la coh\u00e9sion sociale au sein des participantes.<\/p>\n<p>SCRP\/DGT<\/p>\n<p>#Cellule_genre<br \/>\n#leadership_au_f\u00e9minin<br \/>\n#MCCAT_BF<\/p>\n","protected":false},"excerpt":{"rendered":"<p>A l&rsquo;occasion de l&rsquo;atelier de partage d&rsquo;exp\u00e9riences sur le leadership au f\u00e9minin qui se tient les 25 et 26 novembre 2024 \u00e0 Bobo-Dioulasso, les femmes du minist\u00e8re de la Communication, de la Culture, des Arts et du Tourisme ont eu droit \u00e0 une communication sur les d\u00e9fis et les obstacles rencontr\u00e9s par les femmes leaders [&hellip;]<\/p>\n","protected":false},"author":1,"featured_media":1713,"comment_status":"open","ping_status":"open","sticky":false,"template":"","format":"standard","meta":{"site-sidebar-layout":"default","site-content-layout":"","ast-site-content-layout":"default","site-content-style":"default","site-sidebar-style":"default","ast-global-header-display":"","ast-banner-title-visibility":"","ast-main-header-display":"","ast-hfb-above-header-display":"","ast-hfb-below-header-display":"","ast-hfb-mobile-header-display":"","site-post-title":"","ast-breadcrumbs-content":"","ast-featured-img":"","footer-sml-layout":"","theme-transparent-header-meta":"default","adv-header-id-meta":"","stick-header-meta":"","header-above-stick-meta":"","header-main-stick-meta":"","header-below-stick-meta":"","astra-migrate-meta-layouts":"set","ast-page-background-enabled":"default","ast-page-background-meta":{"desktop":{"background-color":"var(--ast-global-color-4)","background-image":"","background-repeat":"repeat","background-position":"center center","background-size":"auto","background-attachment":"scroll","background-type":"","background-media":"","overlay-type":"","overlay-color":"","overlay-opacity":"","overlay-gradient":""},"tablet":{"background-color":"","background-image":"","background-repeat":"repeat","background-position":"center center","background-size":"auto","background-attachment":"scroll","background-type":"","background-media":"","overlay-type":"","overlay-color":"","overlay-opacity":"","overlay-gradient":""},"mobile":{"background-color":"","background-image":"","background-repeat":"repeat","background-position":"center center","background-size":"auto","background-attachment":"scroll","background-type":"","background-media":"","overlay-type":"","overlay-color":"","overlay-opacity":"","overlay-gradient":""}},"ast-content-background-meta":{"desktop":{"background-color":"var(--ast-global-color-5)","background-image":"","background-repeat":"repeat","background-position":"center center","background-size":"auto","background-attachment":"scroll","background-type":"","background-media":"","overlay-type":"","overlay-color":"","overlay-opacity":"","overlay-gradient":""},"tablet":{"background-color":"var(--ast-global-color-5)","background-image":"","background-repeat":"repeat","background-position":"center center","background-size":"auto","background-attachment":"scroll","background-type":"","background-media":"","overlay-type":"","overlay-color":"","overlay-opacity":"","overlay-gradient":""},"mobile":{"background-color":"var(--ast-global-color-5)","background-image":"","background-repeat":"repeat","background-position":"center center","background-size":"auto","background-attachment":"scroll","background-type":"","background-media":"","overlay-type":"","overlay-color":"","overlay-opacity":"","overlay-gradient":""}},"footnotes":""},"categories":[9],"tags":[118],"class_list":["post-1707","post","type-post","status-publish","format-standard","has-post-thumbnail","hentry","category-politique","tag-promotion-du-leadership-au-feminin"],"_links":{"self":[{"href":"https:\/\/lesoleil.bf\/index.php\/wp-json\/wp\/v2\/posts\/1707","targetHints":{"allow":["GET"]}}],"collection":[{"href":"https:\/\/lesoleil.bf\/index.php\/wp-json\/wp\/v2\/posts"}],"about":[{"href":"https:\/\/lesoleil.bf\/index.php\/wp-json\/wp\/v2\/types\/post"}],"author":[{"embeddable":true,"href":"https:\/\/lesoleil.bf\/index.php\/wp-json\/wp\/v2\/users\/1"}],"replies":[{"embeddable":true,"href":"https:\/\/lesoleil.bf\/index.php\/wp-json\/wp\/v2\/comments?post=1707"}],"version-history":[{"count":1,"href":"https:\/\/lesoleil.bf\/index.php\/wp-json\/wp\/v2\/posts\/1707\/revisions"}],"predecessor-version":[{"id":1714,"href":"https:\/\/lesoleil.bf\/index.php\/wp-json\/wp\/v2\/posts\/1707\/revisions\/1714"}],"wp:featuredmedia":[{"embeddable":true,"href":"https:\/\/lesoleil.bf\/index.php\/wp-json\/wp\/v2\/media\/1713"}],"wp:attachment":[{"href":"https:\/\/lesoleil.bf\/index.php\/wp-json\/wp\/v2\/media?parent=1707"}],"wp:term":[{"taxonomy":"category","embeddable":true,"href":"https:\/\/lesoleil.bf\/index.php\/wp-json\/wp\/v2\/categories?post=1707"},{"taxonomy":"post_tag","embeddable":true,"href":"https:\/\/lesoleil.bf\/index.php\/wp-json\/wp\/v2\/tags?post=1707"}],"curies":[{"name":"wp","href":"https:\/\/api.w.org\/{rel}","templated":true}]}}