{"id":1688,"date":"2024-11-22T21:08:39","date_gmt":"2024-11-22T21:08:39","guid":{"rendered":"https:\/\/lesoleil.bf\/?p=1688"},"modified":"2024-11-22T21:08:39","modified_gmt":"2024-11-22T21:08:39","slug":"jubile-des-125-ans-de-fondation-de-leglise-catholique-au-burkina-faso","status":"publish","type":"post","link":"https:\/\/lesoleil.bf\/index.php\/2024\/11\/22\/jubile-des-125-ans-de-fondation-de-leglise-catholique-au-burkina-faso\/","title":{"rendered":"Jubil\u00e9 des 125 ans de fondation de l\u2019Eglise catholique au Burkina Faso"},"content":{"rendered":"<p>Dans le cadre de la pr\u00e9paration du Jubil\u00e9 des 125 ans de fondation de l\u2019Eglise catholique au Burkina Faso, une conf\u00e9rence de presse a \u00e9t\u00e9 organis\u00e9e ce vendredi 22 novembre 2024 dans la salle des Assembl\u00e9es des \u00e9v\u00eaques du Burkina et du Niger au Centre National Cardinal Paul Zoungrana de Ouagadougou. La c\u00e9r\u00e9monie a \u00e9t\u00e9 pr\u00e9sid\u00e9e par son Excellence Monseigneur B. DABIRE, \u00e9v\u00eaque de Dori et Pr\u00e9sident de la CEB-N. Il \u00e9tait entour\u00e9 du vice Pr\u00e9sident de la CEB-N, Monseigneur Gabriel SAYAGO, archev\u00eaque de Koupela, de Monseigneur Alexandre Y. BAZIE, \u00e9v\u00eaque auxiliaire de Koudougou et membre du Comit\u00e9 d\u2019organisation du colloque sur les 125 ans de fondation de l\u2019Eglise du Burkina et de Mme Sandwidi\/Nikiema Wendkouni Rosine, Secr\u00e9taire de Direction de la CEB-N. \u00c9taient pr\u00e9sents \u00e9galement \u00e0 cette conf\u00e9rence de presse l\u2019abb\u00e9 Guy Judica\u00ebl BICABA, Secr\u00e9taire G\u00e9n\u00e9ral de la CEB-N, abb\u00e9 Dieudonn\u00e9 Metba Ou\u00e9draogo, \u00c9conome G\u00e9n\u00e9ral de la CEB-N, abb\u00e9 Alexis K. Ou\u00e9draogo, Responsable du Comit\u00e9 Communication, Presse et Protocole et une trentaine de m\u00e9dias.<\/p>\n<p><img loading=\"lazy\" decoding=\"async\" class=\"alignnone size-full wp-image-1690\" src=\"https:\/\/lesoleil.bf\/wp-content\/uploads\/2024\/11\/Eglise-du-Burkina.jpg\" alt=\"\" width=\"259\" height=\"195\" \/><\/p>\n<p style=\"text-align: right;\"><strong>CEBN&rsquo;<\/strong><\/p>\n","protected":false},"excerpt":{"rendered":"<p>Dans le cadre de la pr\u00e9paration du Jubil\u00e9 des 125 ans de fondation de l\u2019Eglise catholique au Burkina Faso, une conf\u00e9rence de presse a \u00e9t\u00e9 organis\u00e9e ce vendredi 22 novembre 2024 dans la salle des Assembl\u00e9es des \u00e9v\u00eaques du Burkina et du Niger au Centre National Cardinal Paul Zoungrana de Ouagadougou. La c\u00e9r\u00e9monie a \u00e9t\u00e9 [&hellip;]<\/p>\n","protected":false},"author":1,"featured_media":1689,"comment_status":"open","ping_status":"open","sticky":false,"template":"","format":"standard","meta":{"site-sidebar-layout":"default","site-content-layout":"","ast-site-content-layout":"default","site-content-style":"default","site-sidebar-style":"default","ast-global-header-display":"","ast-banner-title-visibility":"","ast-main-header-display":"","ast-hfb-above-header-display":"","ast-hfb-below-header-display":"","ast-hfb-mobile-header-display":"","site-post-title":"","ast-breadcrumbs-content":"","ast-featured-img":"","footer-sml-layout":"","theme-transparent-header-meta":"default","adv-header-id-meta":"","stick-header-meta":"","header-above-stick-meta":"","header-main-stick-meta":"","header-below-stick-meta":"","astra-migrate-meta-layouts":"set","ast-page-background-enabled":"default","ast-page-background-meta":{"desktop":{"background-color":"var(--ast-global-color-4)","background-image":"","background-repeat":"repeat","background-position":"center center","background-size":"auto","background-attachment":"scroll","background-type":"","background-media":"","overlay-type":"","overlay-color":"","overlay-opacity":"","overlay-gradient":""},"tablet":{"background-color":"","background-image":"","background-repeat":"repeat","background-position":"center center","background-size":"auto","background-attachment":"scroll","background-type":"","background-media":"","overlay-type":"","overlay-color":"","overlay-opacity":"","overlay-gradient":""},"mobile":{"background-color":"","background-image":"","background-repeat":"repeat","background-position":"center center","background-size":"auto","background-attachment":"scroll","background-type":"","background-media":"","overlay-type":"","overlay-color":"","overlay-opacity":"","overlay-gradient":""}},"ast-content-background-meta":{"desktop":{"background-color":"var(--ast-global-color-5)","background-image":"","background-repeat":"repeat","background-position":"center center","background-size":"auto","background-attachment":"scroll","background-type":"","background-media":"","overlay-type":"","overlay-color":"","overlay-opacity":"","overlay-gradient":""},"tablet":{"background-color":"var(--ast-global-color-5)","background-image":"","background-repeat":"repeat","background-position":"center center","background-size":"auto","background-attachment":"scroll","background-type":"","background-media":"","overlay-type":"","overlay-color":"","overlay-opacity":"","overlay-gradient":""},"mobile":{"background-color":"var(--ast-global-color-5)","background-image":"","background-repeat":"repeat","background-position":"center center","background-size":"auto","background-attachment":"scroll","background-type":"","background-media":"","overlay-type":"","overlay-color":"","overlay-opacity":"","overlay-gradient":""}},"footnotes":""},"categories":[4],"tags":[115],"class_list":["post-1688","post","type-post","status-publish","format-standard","has-post-thumbnail","hentry","category-societe","tag-125-ans-de-leglise-catholique-au-burkina-faso"],"_links":{"self":[{"href":"https:\/\/lesoleil.bf\/index.php\/wp-json\/wp\/v2\/posts\/1688","targetHints":{"allow":["GET"]}}],"collection":[{"href":"https:\/\/lesoleil.bf\/index.php\/wp-json\/wp\/v2\/posts"}],"about":[{"href":"https:\/\/lesoleil.bf\/index.php\/wp-json\/wp\/v2\/types\/post"}],"author":[{"embeddable":true,"href":"https:\/\/lesoleil.bf\/index.php\/wp-json\/wp\/v2\/users\/1"}],"replies":[{"embeddable":true,"href":"https:\/\/lesoleil.bf\/index.php\/wp-json\/wp\/v2\/comments?post=1688"}],"version-history":[{"count":1,"href":"https:\/\/lesoleil.bf\/index.php\/wp-json\/wp\/v2\/posts\/1688\/revisions"}],"predecessor-version":[{"id":1691,"href":"https:\/\/lesoleil.bf\/index.php\/wp-json\/wp\/v2\/posts\/1688\/revisions\/1691"}],"wp:featuredmedia":[{"embeddable":true,"href":"https:\/\/lesoleil.bf\/index.php\/wp-json\/wp\/v2\/media\/1689"}],"wp:attachment":[{"href":"https:\/\/lesoleil.bf\/index.php\/wp-json\/wp\/v2\/media?parent=1688"}],"wp:term":[{"taxonomy":"category","embeddable":true,"href":"https:\/\/lesoleil.bf\/index.php\/wp-json\/wp\/v2\/categories?post=1688"},{"taxonomy":"post_tag","embeddable":true,"href":"https:\/\/lesoleil.bf\/index.php\/wp-json\/wp\/v2\/tags?post=1688"}],"curies":[{"name":"wp","href":"https:\/\/api.w.org\/{rel}","templated":true}]}}