{"id":1667,"date":"2024-11-22T20:16:34","date_gmt":"2024-11-22T20:16:34","guid":{"rendered":"https:\/\/lesoleil.bf\/?p=1667"},"modified":"2024-11-22T20:16:34","modified_gmt":"2024-11-22T20:16:34","slug":"carnet-daudience-le-president-du-conseil-constitutionnel-recoit-le-batonnier-de-lordre-des-avocats","status":"publish","type":"post","link":"https:\/\/lesoleil.bf\/index.php\/2024\/11\/22\/carnet-daudience-le-president-du-conseil-constitutionnel-recoit-le-batonnier-de-lordre-des-avocats\/","title":{"rendered":"Carnet d\u2019audience : le Pr\u00e9sident du Conseil constitutionnel re\u00e7oit le b\u00e2tonnier de l\u2019ordre des avocats"},"content":{"rendered":"<p>Le B\u00e2tonnier de l\u2019ordre des avocats du Burkina Faso, Ma\u00eetre Batibi\u00e9 BENAO a \u00e9t\u00e9 re\u00e7u en audience ce lundi 04 novembre 2024 par le pr\u00e9sident du Conseil constitutionnel Ma\u00eetre Barth\u00e9l\u00e9my KERE. A la t\u00eate d\u2019une d\u00e9l\u00e9gation de l\u2019ordre des avocats, Ma\u00eetre Batibi\u00e9 BENAO dit \u00eatre venu rendre une visite de courtoisie au pr\u00e9sident du Conseil constitutionnel et profiter le remercier pour ses conseils et son soutien de son \u00e9lection \u00e0 son installation en tant que b\u00e2tonnier et \u00e9galement pour sa contribution \u00e0 la r\u00e9ussite de la c\u00e9r\u00e9monie d\u2019ouverture.<\/p>\n<p>Le b\u00e2tonnier a souhait\u00e9 le renforcement des relations entre le barreau et le conseil constitutionnelle et par-del\u00e0 le renforcement du dialogue entre les institutions pour le d\u00e9veloppement du pays. Ma\u00eetre Batibi\u00e9 BENAO et sa d\u00e9l\u00e9gation ont \u00e9mis le souhait de voir le conseil constitutionnel organiser des sessions de formations au profit de leurs membres pour leur permettre de mieux appr\u00e9hender les attributions et la proc\u00e9dure devant la juridiction constitutionnelle.<\/p>\n<p><img loading=\"lazy\" decoding=\"async\" class=\"alignnone size-medium wp-image-1670\" src=\"https:\/\/lesoleil.bf\/wp-content\/uploads\/2024\/11\/Reduction-train-de-vie-de-lEtat-8-300x228.jpg\" alt=\"\" width=\"300\" height=\"228\" srcset=\"https:\/\/lesoleil.bf\/wp-content\/uploads\/2024\/11\/Reduction-train-de-vie-de-lEtat-8-300x228.jpg 300w, https:\/\/lesoleil.bf\/wp-content\/uploads\/2024\/11\/Reduction-train-de-vie-de-lEtat-8.jpg 720w\" sizes=\"auto, (max-width: 300px) 100vw, 300px\" \/> <img loading=\"lazy\" decoding=\"async\" class=\"alignnone  wp-image-1671\" src=\"https:\/\/lesoleil.bf\/wp-content\/uploads\/2024\/11\/Reduction-train-de-vie-de-lEtat-7-300x200.jpg\" alt=\"\" width=\"343\" height=\"228\" srcset=\"https:\/\/lesoleil.bf\/wp-content\/uploads\/2024\/11\/Reduction-train-de-vie-de-lEtat-7-300x200.jpg 300w, https:\/\/lesoleil.bf\/wp-content\/uploads\/2024\/11\/Reduction-train-de-vie-de-lEtat-7.jpg 720w\" sizes=\"auto, (max-width: 343px) 100vw, 343px\" \/><\/p>\n<p>Le Pr\u00e9sident du Conseil constitutionnel en retour s\u2019est senti honor\u00e9 par cette visite de courtoisie et \u00e0 assurer la d\u00e9l\u00e9gation de la volont\u00e9 de son institution d\u2019accompagner le barreau dans la mesure de ses possibilit\u00e9s dans l\u2019atteinte de leurs missions.<\/p>\n<p>En rappel le nouveau b\u00e2tonnier de l\u2019Ordre des avocats du Burkina Faso, Batibi\u00e9 Benao, a \u00e9t\u00e9 install\u00e9, le jeudi 17 octobre 2024 \u00e0 Ouagadougou, en remplacement de Me Siaka Niamba, au cours d\u2019une audience solennelle ainsi que l\u2019ensemble des 14 membres \u00e9lus de son conseil.<\/p>\n<p>DCP\/CC<\/p>\n","protected":false},"excerpt":{"rendered":"<p>Le B\u00e2tonnier de l\u2019ordre des avocats du Burkina Faso, Ma\u00eetre Batibi\u00e9 BENAO a \u00e9t\u00e9 re\u00e7u en audience ce lundi 04 novembre 2024 par le pr\u00e9sident du Conseil constitutionnel Ma\u00eetre Barth\u00e9l\u00e9my KERE. A la t\u00eate d\u2019une d\u00e9l\u00e9gation de l\u2019ordre des avocats, Ma\u00eetre Batibi\u00e9 BENAO dit \u00eatre venu rendre une visite de courtoisie au pr\u00e9sident du Conseil [&hellip;]<\/p>\n","protected":false},"author":1,"featured_media":1672,"comment_status":"open","ping_status":"open","sticky":false,"template":"","format":"standard","meta":{"site-sidebar-layout":"default","site-content-layout":"","ast-site-content-layout":"default","site-content-style":"default","site-sidebar-style":"default","ast-global-header-display":"","ast-banner-title-visibility":"","ast-main-header-display":"","ast-hfb-above-header-display":"","ast-hfb-below-header-display":"","ast-hfb-mobile-header-display":"","site-post-title":"","ast-breadcrumbs-content":"","ast-featured-img":"","footer-sml-layout":"","theme-transparent-header-meta":"default","adv-header-id-meta":"","stick-header-meta":"","header-above-stick-meta":"","header-main-stick-meta":"","header-below-stick-meta":"","astra-migrate-meta-layouts":"set","ast-page-background-enabled":"default","ast-page-background-meta":{"desktop":{"background-color":"var(--ast-global-color-4)","background-image":"","background-repeat":"repeat","background-position":"center center","background-size":"auto","background-attachment":"scroll","background-type":"","background-media":"","overlay-type":"","overlay-color":"","overlay-opacity":"","overlay-gradient":""},"tablet":{"background-color":"","background-image":"","background-repeat":"repeat","background-position":"center center","background-size":"auto","background-attachment":"scroll","background-type":"","background-media":"","overlay-type":"","overlay-color":"","overlay-opacity":"","overlay-gradient":""},"mobile":{"background-color":"","background-image":"","background-repeat":"repeat","background-position":"center center","background-size":"auto","background-attachment":"scroll","background-type":"","background-media":"","overlay-type":"","overlay-color":"","overlay-opacity":"","overlay-gradient":""}},"ast-content-background-meta":{"desktop":{"background-color":"var(--ast-global-color-5)","background-image":"","background-repeat":"repeat","background-position":"center center","background-size":"auto","background-attachment":"scroll","background-type":"","background-media":"","overlay-type":"","overlay-color":"","overlay-opacity":"","overlay-gradient":""},"tablet":{"background-color":"var(--ast-global-color-5)","background-image":"","background-repeat":"repeat","background-position":"center center","background-size":"auto","background-attachment":"scroll","background-type":"","background-media":"","overlay-type":"","overlay-color":"","overlay-opacity":"","overlay-gradient":""},"mobile":{"background-color":"var(--ast-global-color-5)","background-image":"","background-repeat":"repeat","background-position":"center center","background-size":"auto","background-attachment":"scroll","background-type":"","background-media":"","overlay-type":"","overlay-color":"","overlay-opacity":"","overlay-gradient":""}},"footnotes":""},"categories":[9],"tags":[112,111],"class_list":["post-1667","post","type-post","status-publish","format-standard","has-post-thumbnail","hentry","category-politique","tag-maitre-barthelemy-kere","tag-maitre-batibie-benao"],"_links":{"self":[{"href":"https:\/\/lesoleil.bf\/index.php\/wp-json\/wp\/v2\/posts\/1667","targetHints":{"allow":["GET"]}}],"collection":[{"href":"https:\/\/lesoleil.bf\/index.php\/wp-json\/wp\/v2\/posts"}],"about":[{"href":"https:\/\/lesoleil.bf\/index.php\/wp-json\/wp\/v2\/types\/post"}],"author":[{"embeddable":true,"href":"https:\/\/lesoleil.bf\/index.php\/wp-json\/wp\/v2\/users\/1"}],"replies":[{"embeddable":true,"href":"https:\/\/lesoleil.bf\/index.php\/wp-json\/wp\/v2\/comments?post=1667"}],"version-history":[{"count":1,"href":"https:\/\/lesoleil.bf\/index.php\/wp-json\/wp\/v2\/posts\/1667\/revisions"}],"predecessor-version":[{"id":1673,"href":"https:\/\/lesoleil.bf\/index.php\/wp-json\/wp\/v2\/posts\/1667\/revisions\/1673"}],"wp:featuredmedia":[{"embeddable":true,"href":"https:\/\/lesoleil.bf\/index.php\/wp-json\/wp\/v2\/media\/1672"}],"wp:attachment":[{"href":"https:\/\/lesoleil.bf\/index.php\/wp-json\/wp\/v2\/media?parent=1667"}],"wp:term":[{"taxonomy":"category","embeddable":true,"href":"https:\/\/lesoleil.bf\/index.php\/wp-json\/wp\/v2\/categories?post=1667"},{"taxonomy":"post_tag","embeddable":true,"href":"https:\/\/lesoleil.bf\/index.php\/wp-json\/wp\/v2\/tags?post=1667"}],"curies":[{"name":"wp","href":"https:\/\/api.w.org\/{rel}","templated":true}]}}