{"id":1661,"date":"2024-11-22T19:53:24","date_gmt":"2024-11-22T19:53:24","guid":{"rendered":"https:\/\/lesoleil.bf\/?p=1661"},"modified":"2024-11-22T19:53:24","modified_gmt":"2024-11-22T19:53:24","slug":"reduction-du-train-de-vie-de-letat-des-vehicules-electriques-pour-le-gouvernement","status":"publish","type":"post","link":"https:\/\/lesoleil.bf\/index.php\/2024\/11\/22\/reduction-du-train-de-vie-de-letat-des-vehicules-electriques-pour-le-gouvernement\/","title":{"rendered":"R\u00e9duction du train de vie de l\u2019\u00c9tat : Des v\u00e9hicules \u00e9lectriques pour le gouvernement"},"content":{"rendered":"<p>Ce sont des v\u00e9hicules noirs, rutilants qui ont \u00e9t\u00e9 donn\u00e9s de voir ce 20 novembre 2024 \u00e0 Ouagadougou. Pour la remise de ces v\u00e9hicules qui vont permettre de rationaliser les d\u00e9penses des membres du gouvernement sur la ligne budg\u00e9taire du carburant, c&rsquo;est le Directeur de cabinet du pr\u00e9sident du Pr\u00e9sident du Faso, le Capitaine Martha C\u00e9leste Anderson Dekomwin MEDAH qui \u00e9tait pr\u00e9sent. Au nom du Chef de l&rsquo;Etat l&rsquo;officier a remis le don au ministre de l&rsquo;Economie et des Finances, Dr Aboubacar NACANABO.<\/p>\n<p><img loading=\"lazy\" decoding=\"async\" class=\"alignnone size-medium wp-image-1662\" src=\"https:\/\/lesoleil.bf\/wp-content\/uploads\/2024\/11\/Reduction-train-de-vie-de-lEtat-3-300x195.jpg\" alt=\"\" width=\"300\" height=\"195\" srcset=\"https:\/\/lesoleil.bf\/wp-content\/uploads\/2024\/11\/Reduction-train-de-vie-de-lEtat-3-300x195.jpg 300w, https:\/\/lesoleil.bf\/wp-content\/uploads\/2024\/11\/Reduction-train-de-vie-de-lEtat-3.jpg 720w\" sizes=\"auto, (max-width: 300px) 100vw, 300px\" \/> <img loading=\"lazy\" decoding=\"async\" class=\"alignnone size-medium wp-image-1663\" src=\"https:\/\/lesoleil.bf\/wp-content\/uploads\/2024\/11\/Reduction-train-de-vie-de-lEtat-2-300x196.jpg\" alt=\"\" width=\"300\" height=\"196\" srcset=\"https:\/\/lesoleil.bf\/wp-content\/uploads\/2024\/11\/Reduction-train-de-vie-de-lEtat-2-300x196.jpg 300w, https:\/\/lesoleil.bf\/wp-content\/uploads\/2024\/11\/Reduction-train-de-vie-de-lEtat-2.jpg 720w\" sizes=\"auto, (max-width: 300px) 100vw, 300px\" \/> <img loading=\"lazy\" decoding=\"async\" class=\"alignnone size-medium wp-image-1664\" src=\"https:\/\/lesoleil.bf\/wp-content\/uploads\/2024\/11\/Reduction-train-de-vie-de-lEtat-1-300x200.jpg\" alt=\"\" width=\"300\" height=\"200\" srcset=\"https:\/\/lesoleil.bf\/wp-content\/uploads\/2024\/11\/Reduction-train-de-vie-de-lEtat-1-300x200.jpg 300w, https:\/\/lesoleil.bf\/wp-content\/uploads\/2024\/11\/Reduction-train-de-vie-de-lEtat-1.jpg 720w\" sizes=\"auto, (max-width: 300px) 100vw, 300px\" \/><\/p>\n<p>D\u2019une valeur de plus d\u2019un milliard de FCFA, 53 v\u00e9hicules \u00e9lectriques sont offerts au gouvernement burkinab\u00e8 par le Pr\u00e9sident Directeur G\u00e9n\u00e9ral de Yunhong International Group, Li YUBAO, Conseiller sp\u00e9cial du Pr\u00e9sident du Faso.<\/p>\n<p>Selon son repr\u00e9sentant Wei YANG, ces v\u00e9hicules \u00e9lectriques ont une autonomie de 500 km. \u00ab Ce sont des v\u00e9hicules qui vont permettre de r\u00e9duire efficacement les \u00e9missions nocives de gaz, contribuer \u00e0 la protection de l\u2019environnement et r\u00e9duire le co\u00fbt du carburant et de la maintenance \u00bb, a indiqu\u00e9 M. YANG qui a pr\u00e9cis\u00e9 que ce don vise \u00e0 accompagner le Pr\u00e9sident du Faso dans sa volont\u00e9 de r\u00e9duire le train de vie de l\u2019Etat.<\/p>\n<p>#dondevehiculeselectriquesaugouvernementduburkina<\/p>\n<p style=\"text-align: right;\"><strong>Ernest BONDAONE<\/strong><\/p>\n","protected":false},"excerpt":{"rendered":"<p>Ce sont des v\u00e9hicules noirs, rutilants qui ont \u00e9t\u00e9 donn\u00e9s de voir ce 20 novembre 2024 \u00e0 Ouagadougou. Pour la remise de ces v\u00e9hicules qui vont permettre de rationaliser les d\u00e9penses des membres du gouvernement sur la ligne budg\u00e9taire du carburant, c&rsquo;est le Directeur de cabinet du pr\u00e9sident du Pr\u00e9sident du Faso, le Capitaine Martha [&hellip;]<\/p>\n","protected":false},"author":1,"featured_media":1665,"comment_status":"open","ping_status":"open","sticky":false,"template":"","format":"standard","meta":{"site-sidebar-layout":"default","site-content-layout":"","ast-site-content-layout":"default","site-content-style":"default","site-sidebar-style":"default","ast-global-header-display":"","ast-banner-title-visibility":"","ast-main-header-display":"","ast-hfb-above-header-display":"","ast-hfb-below-header-display":"","ast-hfb-mobile-header-display":"","site-post-title":"","ast-breadcrumbs-content":"","ast-featured-img":"","footer-sml-layout":"","theme-transparent-header-meta":"default","adv-header-id-meta":"","stick-header-meta":"","header-above-stick-meta":"","header-main-stick-meta":"","header-below-stick-meta":"","astra-migrate-meta-layouts":"set","ast-page-background-enabled":"default","ast-page-background-meta":{"desktop":{"background-color":"var(--ast-global-color-4)","background-image":"","background-repeat":"repeat","background-position":"center center","background-size":"auto","background-attachment":"scroll","background-type":"","background-media":"","overlay-type":"","overlay-color":"","overlay-opacity":"","overlay-gradient":""},"tablet":{"background-color":"","background-image":"","background-repeat":"repeat","background-position":"center center","background-size":"auto","background-attachment":"scroll","background-type":"","background-media":"","overlay-type":"","overlay-color":"","overlay-opacity":"","overlay-gradient":""},"mobile":{"background-color":"","background-image":"","background-repeat":"repeat","background-position":"center center","background-size":"auto","background-attachment":"scroll","background-type":"","background-media":"","overlay-type":"","overlay-color":"","overlay-opacity":"","overlay-gradient":""}},"ast-content-background-meta":{"desktop":{"background-color":"var(--ast-global-color-5)","background-image":"","background-repeat":"repeat","background-position":"center center","background-size":"auto","background-attachment":"scroll","background-type":"","background-media":"","overlay-type":"","overlay-color":"","overlay-opacity":"","overlay-gradient":""},"tablet":{"background-color":"var(--ast-global-color-5)","background-image":"","background-repeat":"repeat","background-position":"center center","background-size":"auto","background-attachment":"scroll","background-type":"","background-media":"","overlay-type":"","overlay-color":"","overlay-opacity":"","overlay-gradient":""},"mobile":{"background-color":"var(--ast-global-color-5)","background-image":"","background-repeat":"repeat","background-position":"center center","background-size":"auto","background-attachment":"scroll","background-type":"","background-media":"","overlay-type":"","overlay-color":"","overlay-opacity":"","overlay-gradient":""}},"footnotes":""},"categories":[9],"tags":[109,108,110,107],"class_list":["post-1661","post","type-post","status-publish","format-standard","has-post-thumbnail","hentry","category-politique","tag-conseiller-special-du-president-du-faso","tag-li-yubao","tag-reduction-du-train-de-vie-de-letat-burkinabe","tag-yunhong-international-group"],"_links":{"self":[{"href":"https:\/\/lesoleil.bf\/index.php\/wp-json\/wp\/v2\/posts\/1661","targetHints":{"allow":["GET"]}}],"collection":[{"href":"https:\/\/lesoleil.bf\/index.php\/wp-json\/wp\/v2\/posts"}],"about":[{"href":"https:\/\/lesoleil.bf\/index.php\/wp-json\/wp\/v2\/types\/post"}],"author":[{"embeddable":true,"href":"https:\/\/lesoleil.bf\/index.php\/wp-json\/wp\/v2\/users\/1"}],"replies":[{"embeddable":true,"href":"https:\/\/lesoleil.bf\/index.php\/wp-json\/wp\/v2\/comments?post=1661"}],"version-history":[{"count":1,"href":"https:\/\/lesoleil.bf\/index.php\/wp-json\/wp\/v2\/posts\/1661\/revisions"}],"predecessor-version":[{"id":1666,"href":"https:\/\/lesoleil.bf\/index.php\/wp-json\/wp\/v2\/posts\/1661\/revisions\/1666"}],"wp:featuredmedia":[{"embeddable":true,"href":"https:\/\/lesoleil.bf\/index.php\/wp-json\/wp\/v2\/media\/1665"}],"wp:attachment":[{"href":"https:\/\/lesoleil.bf\/index.php\/wp-json\/wp\/v2\/media?parent=1661"}],"wp:term":[{"taxonomy":"category","embeddable":true,"href":"https:\/\/lesoleil.bf\/index.php\/wp-json\/wp\/v2\/categories?post=1661"},{"taxonomy":"post_tag","embeddable":true,"href":"https:\/\/lesoleil.bf\/index.php\/wp-json\/wp\/v2\/tags?post=1661"}],"curies":[{"name":"wp","href":"https:\/\/api.w.org\/{rel}","templated":true}]}}